{"id":7341,"date":"2025-05-14T08:08:21","date_gmt":"2025-05-14T11:08:21","guid":{"rendered":"https:\/\/diariodocomercio.com.br\/mix\/?p=7341"},"modified":"2025-05-14T08:08:24","modified_gmt":"2025-05-14T11:08:24","slug":"medium-famoso-falece-no-brasil-e-deixa-todo-mundo-chocado","status":"publish","type":"post","link":"https:\/\/diariodocomercio.com.br\/mix\/medium-famoso-falece-no-brasil-e-deixa-todo-mundo-chocado\/","title":{"rendered":"M\u00e9dium famoso falece no Brasil e deixa todo mundo chocado"},"content":{"rendered":"\n<p>Na \u00faltima ter\u00e7a-feira (13), faleceu em Salvador, Bahia, o m\u00e9dium e l\u00edder esp\u00edrita Divaldo Franco, aos 98 anos de idade. Segundo o g1, a causa da morte n\u00e3o foi divulgada, mas j\u00e1 era de conhecimento p\u00fablico que Divaldo enfrentava um c\u00e2ncer na bexiga desde novembro do ano passado e ele teve fal\u00eancia m\u00faltipla dos \u00f3rg\u00e3os.<\/p>\n\n\n\n<p>Ele faleceu em sua casa, na sede da Mans\u00e3o do Caminho, no bairro Pau da Lima, onde ele vinha recebendo o seu tratamento de sess\u00f5es de radioterapia junto com &#8220;pequenas doses&#8221; de quimioterapia. Divaldo n\u00e3o era casado e n\u00e3o deixou filhos biol\u00f3gicos, mas acolheu mais de 600 pessoas como &#8220;filhos adotivos&#8221;.<\/p>\n\n\n\n<p>Nesta quarta (14), ser\u00e1 realizado um evento aberto ao p\u00fablico na Mans\u00e3o do Caminho, entre as 9h e as 20h, para que as pessoas possam prestar suas homenagens. A pedido do m\u00e9dium, as cerim\u00f4nias f\u00fanebres ser\u00e3o curtas, sem cortejo em carro aberto e de caix\u00e3o fechado. Na quinta (15), Divaldo ser\u00e1 sepultado no Cemit\u00e9rio Bosque da Paz. <\/p>\n\n\n\n<h2 class=\"wp-block-heading\">O m\u00e9dium Divaldo Franco era um dos principais l\u00edderes esp\u00edritas do Brasil<\/h2>\n\n\n\n<p>Nascido em 1927, na cidade baiana de Feira da Santana, Divaldo come\u00e7ou a ganhar destaque ao fundar a entidade Mans\u00e3o do Caminho, dedicada a abrigar crian\u00e7as em situa\u00e7\u00e3o de pobreza extrema, em 1952. Na d\u00e9cada de 60, continuou seu trabalho social, construindo escolas, oficinas de profissionaliza\u00e7\u00e3o e oferecendo atendimento m\u00e9dico.<\/p>\n\n\n\n<p>Al\u00e9m disso, ele foi um dos grandes divulgadores da doutrina esp\u00edrita aqui no pa\u00eds. Ao longo de quase um s\u00e9culo de vida, Divaldo escreveu mais de 250 livros &#8211; muitos deles de forma psicografada. Em 2015, a jornalista Ana Landi escreveu sua biografia: &#8220;<a href=\"https:\/\/www.amazon.com.br\/Divaldo-Franco-Trajet%C3%B3ria-Maiores-M%C3%A9diuns\/dp\/8564431173\/ref=sr_1_1?crid=6O3YCVRLJ90P&amp;dib=eyJ2IjoiMSJ9.cRhNYa_NGqg96pWau0UxXpi3boBERmqnu7Es1omj1Ee5oaww6Y5iU7lJYnTV1II6258f2qWGdKHheHZIdatKpbG24pK76UVGlxxsp638z0ekeWaHdHhGvLvx2cSuY2GWQGa9EZpzJWpBkb5iDK3nQ71uCDoZgUtnvm3crCUPgH-z2OwZENGxDkkUvaI9ISXu8eAB5SsosidXqqqSGHmqQr9J2HTdcIxMTlEs5mCz7gCURuDHDpi3OqudzkKL1P8ABLfoy9GYAKFVicj_PU-hkHh37G6vjPEbeIESeoGqsDo.-vkc1Hq8Bihyp3ev56Z2PoIEqrzFZnJfozQ3OhcnEkc&amp;dib_tag=se&amp;keywords=divaldo+franco+biografia&amp;qid=1747220742&amp;sprefix=divaldo+franco+bio%2Caps%2C306&amp;sr=8-1\" target=\"_blank\" rel=\"noreferrer noopener\">Divaldo Franco. A Trajet\u00f3ria de Um dos Maiores M\u00e9diuns de Todos os Tempos<\/a>&#8220;. Em 2019, sua vida inspirou o filme &#8220;Divaldo \u2013 O Mensageiro da Paz&#8221;.<\/p>\n\n\n\n<style>@media (min-width: 992px) {\n    .recomendadorV2Area1 {\n        width: 280px;\n    }\n    .recomendadorV2Area2 {\n        padding: 0px 20px;\n        width: calc(100% - 280px);\n    }\n}\n\n@media (max-width: 992px) {\n    .recomendadorV2Button {\n        margin: 0 auto;\n    }\n    .recomendadorV2Area {\n        flex-direction: column;\n        text-align: center;\n    }\n    .recomendadorV2Area2 {\n        padding: 0px 20px;\n    }\n}\n\n.recomendadorV2Area {\n    background: #eeeeee3d;\n    border-radius: 10px;\n    padding: 15px;\n    display: flex;\n    margin: 15px auto;\n    border: 1px solid #00000014;\n    max-width: 800px;\n}\n\n.recomendadorV2Area1 img {\n    width: 280px;\n    height: auto;\n    border-radius: 8px;\n}\n\n.linkrecomendadorv2 {\n    text-decoration: none !important;\n}\n\n.recomendadorV2Area2 .recomendadorV2Type {\n    text-transform: uppercase;\n    font-weight: 500;\n    font-size: 11px;\n    letter-spacing: 2px;\n    color: #666;\n    margin: 12px 0;\n    display: block;\n}\n\n.recomendadorV2Title h2 {\n    padding-top: 0px !important;\n    margin: 0px !important;\n    border-left: none !important;\n    padding-left: 0px !important;\n    line-height: 1.3;\n    color: #000 !important;\n    font-size: 24px;\n    margin-bottom: 12px !important;\n}\n\n.recomendadorV2Desc {\n    color: #333;\n    margin: 12px 0px !important;\n    font-size: 15px;\n    line-height: 1.5;\n}\n\n.recomendadorV2Button {\n    width: auto;\n    max-width: 200px;\n    margin: 0;\n    display: inline-flex;\n    align-items: center;\n    background: #1D3557;\n    border-radius: 8px;\n    color: #fff;\n    height: 36px;\n    justify-content: center;\n    text-align: center;\n    font-size: 14px;\n    padding: 0 20px;\n    transition: background-color 0.2s ease;\n}\n\n.recomendadorV2Button:hover {\n    background: #2a4d7a;\n}\n\n.recomendadorV2Button:after {\n    margin-top: -2px;\n    content: \"\u2192\";\n    padding: 0px 0px 0px 8px;\n}\n\n.recomendadorV2Alert {\n    text-align: left;\n    font-size: 11px;\n    margin-top: 8px;\n    color: #666;\n}\n\n.recomendadorFixedArea {\n    width: 100%;\n    display: flex;\n    justify-content: center;\n    align-items: center;\n}\n\n@media (min-width: 992px) {\n    #recomendadorFixed {\n        width: 32% !important;\n        left: 5%;\n    }\n    .recomendadorCloseFixed{\n        right: inherit !important;\n        left: 378px !important;\n    }\n}\n\n#recomendadorFixed {\n    width: 90%;\n    box-shadow: 0 10px 20px 0px #00000057;\n    display: none;\n    height: 90px;\n    background: #F6F6F6;\n    position: fixed;\n    flex-direction: row;\n    bottom: 10px;\n    z-index: 9999;\n    border-radius: 16px;\n    padding: 7px 10px;\n}\n\n.recomendadorLeftArea {\n    width: 160px;\n}\n\n.recomendadorRightArea h2 {\n    padding-top: 0px;\n    margin: 2px 0px 4px 0px !important;\n    font-weight: 400;\n    text-align: center;\n    padding-left: 0px !important;\n    color: #000 !important;\n    border-left: none !important;\n    line-height: 20px;\n    font-size: 12px !important;\n}\n\n.recomendadorImgFixed {\n    overflow: hidden;\n    padding: 8px 6px;\n    height: 100%;\n}\n\n.recomendadorImgFixed img {\n    height: 100% !important;\n    border-radius: 16px;\n}\n\n.recomendadorRightArea {\n    padding-top: 6px;\n    display: flex;\n    width: calc(100% - 130px);\n    justify-content: space-between;\n    align-items: center;\n    flex-direction: column;\n}\n\n.recomendadorButtonFixed {\n    margin: 0 auto;\n    background: #1D3557;\n    width: 80%;\n    text-align: center;\n    font-size: 10px;\n    color: #FFF;\n    padding: 2px 10px;\n    border-radius: 3px;\n}\n\n.recomendadorButtonFixed:after {\n    margin-top: -3px;\n    content: \"\u2192\";\n    padding: 0px 0px 0px 10px;\n}\n\n.recomendadorAlertFixed {\n    font-weight: 400;\n    text-align: center;\n    color: #484848;\n    font-size: 8px;\n}\n\n.recomendadorCloseFixed {\n    z-index: 99999;\n    display: none;\n    right: 0px;\n    left: inherit;\n    bottom: 99px;\n    position: fixed;\n    justify-content: center;\n    background: #F6F6F6;\n    width: 25px;\n    align-items: center;\n    height: 25px;\n    font-weight: 800;\n    border-radius: 50%;\n    border: 1px solid #EBEBEB;\n}\n\n.recomendadorV2Desc{\n    color: #000000;\n    margin: 20px 0px;\n}\n\n@media (max-width: 576px) {\n    .recomendadorV2Area {\n      padding: 10px;\n      max-width: 100%;\n    }\n  \n    .recomendadorV2Area1 img {\n      width: 100%;\n      border-radius: 6px;\n    }\n  \n    .recomendadorV2Area2 .recomendadorV2Type {\n      font-size: 9px;\n      letter-spacing: 1px;\n      margin: 8px 0;\n    }\n  \n    .recomendadorV2Title h2 {\n      font-size: 18px !important;\n      margin-bottom: 8px !important;\n      line-height: 1.2;\n    }\n  \n    .recomendadorV2Desc {\n      font-size: 14px;\n      margin: 8px 0 !important;\n      line-height: 1.4;\n    }\n  \n    .recomendadorV2Button {\n      font-size: 14px;\n      height: 40px;\n      padding: 0 12px;\n      max-width: 100%;\n      width: 100%;\n    }\n  \n    .recomendadorV2Button:after {\n      padding-left: 6px;\n    }\n  }\n  <\/style>\n        <div class=\"lazyblock-recomendador-v2-2jDGz wp-block-lazyblock-recomendador-v2\">\n        <a class=\"linkrecomendadorv2\" href=\"https:\/\/diariodocomercio.com.br\/mix\/veja-a-lista-das-pessoas-que-tem-direito-ao-reembolso-do-inss\/\">\n            <div class=\"recomendadorV2Area\">\n            <div class=\"recomendadorV2Area1\">\n                <div class=\"recomendadorV2Img\">\n                <img class=\"lazyloaded\" decoding=\"async\" src=\"https:\/\/diariodocomercio.com.br\/mix\/wp-content\/uploads\/2025\/03\/inss-1.jpg\" data-src=\"https:\/\/diariodocomercio.com.br\/mix\/wp-content\/uploads\/2025\/03\/inss-1.jpg\" alt=\"\">\n                <\/div>\n            <\/div>\n            <div class=\"recomendadorV2Area2\">\n                <div class=\"recomendadorV2Type\">\n                    <span>INSS<\/span>\n                <\/div>\n                <div class=\"recomendadorV2Title\">\n                <h2><span>Veja a lista das pessoas que tem direito ao reembolso do INSS<\/span><\/h2>\n                <\/div>\n                <div class=\"recomendadorV2Desc\">\n                <span>Ontem (13), o INSS notificou mais de nove milh\u00f5es de pessoas que tiveram descontos em suas mensalidades e podem ter \u2026<\/span>\n                <\/div>\n                <div class=\"recomendadorV2Button\">Leia mais<\/div>\n                <div class=\"recomendadorV2Alert\"><\/div>\n            <\/div>\n            <\/div>\n        <\/a>\n        <div>\n            <div style=\"z-index:99999;\" id=\"buttonClose\" onclick=\"closeRecomendadorFixed()\">\n            <div class=\"recomendadorCloseFixed\">X<\/div>\n            <\/div>\n            <a href=\"https:\/\/diariodocomercio.com.br\/mix\/veja-a-lista-das-pessoas-que-tem-direito-ao-reembolso-do-inss\/\">\n            <div class=\"recomendadorFixedArea\">\n                <div id=\"recomendadorFixed\">\n                <div class=\"recomendadorLeftArea\">\n                    <div class=\"recomendadorImgFixed\">\n                    <img class=\"lazyload\" decoding=\"async\" src=\"https:\/\/diariodocomercio.com.br\/mix\/wp-content\/uploads\/2025\/03\/inss-1.jpg\" alt=\"\">\n                    <\/div>\n                <\/div>\n                <div class=\"recomendadorRightArea\">\n                    <div class=\"recomendadorTitleFixed\">\n                    <h2><span>Veja a lista das pessoas que tem direito ao reembolso do INSS<\/span><\/h2>\n                    <\/div>\n                    <div class=\"recomendadorButtonFixed\">Leia mais<\/div>\n                    <div class=\"recomendadorAlertFixed\"><\/div>\n                <\/div>\n                <\/div>\n            <\/div>\n            <\/a>\n        <\/div>\n        <\/div>\n","protected":false},"excerpt":{"rendered":"<p>O m\u00e9dium baiano Divaldo Franco, um dos principais l\u00edderes esp\u00edritas do pa\u00eds, faleceu nesta ter\u00e7a (13), aos 98 anos de idade.<\/p>\n","protected":false},"author":6,"featured_media":7342,"comment_status":"closed","ping_status":"closed","sticky":false,"template":"","format":"standard","meta":{"jnews-multi-image_gallery":[],"jnews_single_post":{"format":"standard"},"jnews_primary_category":[],"jnews_social_meta":[],"jnews_override_counter":[],"jnews_post_split":[],"footnotes":""},"categories":[1],"tags":[],"class_list":["post-7341","post","type-post","status-publish","format-standard","has-post-thumbnail","hentry","category-geral"],"_referencia":"","_links":{"self":[{"href":"https:\/\/diariodocomercio.com.br\/mix\/wp-json\/wp\/v2\/posts\/7341","targetHints":{"allow":["GET"]}}],"collection":[{"href":"https:\/\/diariodocomercio.com.br\/mix\/wp-json\/wp\/v2\/posts"}],"about":[{"href":"https:\/\/diariodocomercio.com.br\/mix\/wp-json\/wp\/v2\/types\/post"}],"author":[{"embeddable":true,"href":"https:\/\/diariodocomercio.com.br\/mix\/wp-json\/wp\/v2\/users\/6"}],"replies":[{"embeddable":true,"href":"https:\/\/diariodocomercio.com.br\/mix\/wp-json\/wp\/v2\/comments?post=7341"}],"version-history":[{"count":1,"href":"https:\/\/diariodocomercio.com.br\/mix\/wp-json\/wp\/v2\/posts\/7341\/revisions"}],"predecessor-version":[{"id":7343,"href":"https:\/\/diariodocomercio.com.br\/mix\/wp-json\/wp\/v2\/posts\/7341\/revisions\/7343"}],"wp:featuredmedia":[{"embeddable":true,"href":"https:\/\/diariodocomercio.com.br\/mix\/wp-json\/wp\/v2\/media\/7342"}],"wp:attachment":[{"href":"https:\/\/diariodocomercio.com.br\/mix\/wp-json\/wp\/v2\/media?parent=7341"}],"wp:term":[{"taxonomy":"category","embeddable":true,"href":"https:\/\/diariodocomercio.com.br\/mix\/wp-json\/wp\/v2\/categories?post=7341"},{"taxonomy":"post_tag","embeddable":true,"href":"https:\/\/diariodocomercio.com.br\/mix\/wp-json\/wp\/v2\/tags?post=7341"}],"curies":[{"name":"wp","href":"https:\/\/api.w.org\/{rel}","templated":true}]}}