{"id":7415,"date":"2025-05-14T15:46:19","date_gmt":"2025-05-14T18:46:19","guid":{"rendered":"https:\/\/diariodocomercio.com.br\/mix\/?p=7415"},"modified":"2025-05-14T15:46:21","modified_gmt":"2025-05-14T18:46:21","slug":"iphones-vao-ficar-muito-mais-caros-e-consumidores-estao-desesperados","status":"publish","type":"post","link":"https:\/\/diariodocomercio.com.br\/mix\/iphones-vao-ficar-muito-mais-caros-e-consumidores-estao-desesperados\/","title":{"rendered":"iPhones v\u00e3o ficar muito mais caros e consumidores est\u00e3o desesperados"},"content":{"rendered":"\n<p>Desde que o presidente Donald Trump lan\u00e7ou uma s\u00e9rie de medidas para diversos pa\u00edses, fazendo com que uma guerra tarif\u00e1ria ocorresse, as empresas norte-americanas tiveram que encontrar medidas para manter o custo de seus produtos, visto que boa parte da m\u00e3o de obra era feita em pa\u00edses como China e \u00cdndia. Apesar das taxas terem diminu\u00eddo, reacendeu no mercado americano um sonho antigo de fabricar &#8220;iPhone Feito nos EUA&#8221;.<\/p>\n\n\n\n<p>O problema \u00e9 que, mesmo que isso seja poss\u00edvel, os produtos da Apple ficaram mais caros e especula-se que seria mais barato comprar um carro ao inv\u00e9s de um celular. Antes da tr\u00e9gua entre EUA e China ser anunciada, a Apple projetava um aumento de 900 milh\u00f5es de reais em suas despesas por causa do tarifa\u00e7o promovido por Trump. De acordo com o levantamento feito pela Rosenblatt Securities, o iPhone 16 que foi lan\u00e7ado em 2024 por 800 d\u00f3lares, poderia custar 1.142 d\u00f3lares por causa das tarifas, visando manter as montagens com empresas do exterior. Apesar de ficar mais caro, n\u00e3o se compara aos valores que poderiam chegar se o celular fosse fabricado no pr\u00f3prio pa\u00eds.&nbsp;<\/p>\n\n\n\n \n \t\n<style>@media (min-width: 992px) {\n    .recomendadorV2Area1 {\n        width: 280px;\n    }\n    .recomendadorV2Area2 {\n        padding: 0px 20px;\n        width: calc(100% - 280px);\n    }\n}\n\n@media (max-width: 992px) {\n    .recomendadorV2Button {\n        margin: 0 auto;\n    }\n    .recomendadorV2Area {\n        flex-direction: column;\n        text-align: center;\n    }\n    .recomendadorV2Area2 {\n        padding: 0px 20px;\n    }\n}\n\n.recomendadorV2Area {\n    background: #eeeeee3d;\n    border-radius: 10px;\n    padding: 15px;\n    display: flex;\n    margin: 15px auto;\n    border: 1px solid #00000014;\n    max-width: 800px;\n}\n\n.recomendadorV2Area1 img {\n    width: 280px;\n    height: auto;\n    border-radius: 8px;\n}\n\n.linkrecomendadorv2 {\n    text-decoration: none !important;\n}\n\n.recomendadorV2Area2 .recomendadorV2Type {\n    text-transform: uppercase;\n    font-weight: 500;\n    font-size: 11px;\n    letter-spacing: 2px;\n    color: #666;\n    margin: 12px 0;\n    display: block;\n}\n\n.recomendadorV2Title h2 {\n    padding-top: 0px !important;\n    margin: 0px !important;\n    border-left: none !important;\n    padding-left: 0px !important;\n    line-height: 1.3;\n    color: #000 !important;\n    font-size: 24px;\n    margin-bottom: 12px !important;\n}\n\n.recomendadorV2Desc {\n    color: #333;\n    margin: 12px 0px !important;\n    font-size: 15px;\n    line-height: 1.5;\n}\n\n.recomendadorV2Button {\n    width: auto;\n    max-width: 200px;\n    margin: 0;\n    display: inline-flex;\n    align-items: center;\n    background: #1D3557;\n    border-radius: 8px;\n    color: #fff;\n    height: 36px;\n    justify-content: center;\n    text-align: center;\n    font-size: 14px;\n    padding: 0 20px;\n    transition: background-color 0.2s ease;\n}\n\n.recomendadorV2Button:hover {\n    background: #2a4d7a;\n}\n\n.recomendadorV2Button:after {\n    margin-top: -2px;\n    content: \"\u2192\";\n    padding: 0px 0px 0px 8px;\n}\n\n.recomendadorV2Alert {\n    text-align: left;\n    font-size: 11px;\n    margin-top: 8px;\n    color: #666;\n}\n\n.recomendadorFixedArea {\n    width: 100%;\n    display: flex;\n    justify-content: center;\n    align-items: center;\n}\n\n@media (min-width: 992px) {\n    #recomendadorFixed {\n        width: 32% !important;\n        left: 5%;\n    }\n    .recomendadorCloseFixed{\n        right: inherit !important;\n        left: 378px !important;\n    }\n}\n\n#recomendadorFixed {\n    width: 90%;\n    box-shadow: 0 10px 20px 0px #00000057;\n    display: none;\n    height: 90px;\n    background: #F6F6F6;\n    position: fixed;\n    flex-direction: row;\n    bottom: 10px;\n    z-index: 9999;\n    border-radius: 16px;\n    padding: 7px 10px;\n}\n\n.recomendadorLeftArea {\n    width: 160px;\n}\n\n.recomendadorRightArea h2 {\n    padding-top: 0px;\n    margin: 2px 0px 4px 0px !important;\n    font-weight: 400;\n    text-align: center;\n    padding-left: 0px !important;\n    color: #000 !important;\n    border-left: none !important;\n    line-height: 20px;\n    font-size: 12px !important;\n}\n\n.recomendadorImgFixed {\n    overflow: hidden;\n    padding: 8px 6px;\n    height: 100%;\n}\n\n.recomendadorImgFixed img {\n    height: 100% !important;\n    border-radius: 16px;\n}\n\n.recomendadorRightArea {\n    padding-top: 6px;\n    display: flex;\n    width: calc(100% - 130px);\n    justify-content: space-between;\n    align-items: center;\n    flex-direction: column;\n}\n\n.recomendadorButtonFixed {\n    margin: 0 auto;\n    background: #1D3557;\n    width: 80%;\n    text-align: center;\n    font-size: 10px;\n    color: #FFF;\n    padding: 2px 10px;\n    border-radius: 3px;\n}\n\n.recomendadorButtonFixed:after {\n    margin-top: -3px;\n    content: \"\u2192\";\n    padding: 0px 0px 0px 10px;\n}\n\n.recomendadorAlertFixed {\n    font-weight: 400;\n    text-align: center;\n    color: #484848;\n    font-size: 8px;\n}\n\n.recomendadorCloseFixed {\n    z-index: 99999;\n    display: none;\n    right: 0px;\n    left: inherit;\n    bottom: 99px;\n    position: fixed;\n    justify-content: center;\n    background: #F6F6F6;\n    width: 25px;\n    align-items: center;\n    height: 25px;\n    font-weight: 800;\n    border-radius: 50%;\n    border: 1px solid #EBEBEB;\n}\n\n.recomendadorV2Desc{\n    color: #000000;\n    margin: 20px 0px;\n}\n\n@media (max-width: 576px) {\n    .recomendadorV2Area {\n      padding: 10px;\n      max-width: 100%;\n    }\n  \n    .recomendadorV2Area1 img {\n      width: 100%;\n      border-radius: 6px;\n    }\n  \n    .recomendadorV2Area2 .recomendadorV2Type {\n      font-size: 9px;\n      letter-spacing: 1px;\n      margin: 8px 0;\n    }\n  \n    .recomendadorV2Title h2 {\n      font-size: 18px !important;\n      margin-bottom: 8px !important;\n      line-height: 1.2;\n    }\n  \n    .recomendadorV2Desc {\n      font-size: 14px;\n      margin: 8px 0 !important;\n      line-height: 1.4;\n    }\n  \n    .recomendadorV2Button {\n      font-size: 14px;\n      height: 40px;\n      padding: 0 12px;\n      max-width: 100%;\n      width: 100%;\n    }\n  \n    .recomendadorV2Button:after {\n      padding-left: 6px;\n    }\n  }\n  <\/style>\n        <div class=\"lazyblock-recomendador-v2-2jDGz wp-block-lazyblock-recomendador-v2\">\n        <a class=\"linkrecomendadorv2\" href=\"https:\/\/diariodocomercio.com.br\/mix\/uber-passa-por-alteracao-e-novas-regras-ja-estao-valendo-voce-pode-exigir-ar-condicionado\/\">\n            <div class=\"recomendadorV2Area\">\n            <div class=\"recomendadorV2Area1\">\n                <div class=\"recomendadorV2Img\">\n                <img class=\"lazyloaded\" decoding=\"async\" src=\"https:\/\/mix.diariodocomercio.com.br\/wp-content\/uploads\/2025\/02\/uber-1140x570.jpg\" data-src=\"https:\/\/mix.diariodocomercio.com.br\/wp-content\/uploads\/2025\/02\/uber-1140x570.jpg\" alt=\"\">\n                <\/div>\n            <\/div>\n            <div class=\"recomendadorV2Area2\">\n                <div class=\"recomendadorV2Type\">\n                    <span>COMUNICADO<\/span>\n                <\/div>\n                <div class=\"recomendadorV2Title\">\n                <h2><span>Uber passa por altera\u00e7\u00e3o e novas regras j\u00e1 est\u00e3o valendo<\/span><\/h2>\n                <\/div>\n                <div class=\"recomendadorV2Desc\">\n                <span>Um detalhe mudou e virou regra para motoristas e passageiros em 2025<\/span>\n                <\/div>\n                <div class=\"recomendadorV2Button\">Confira!<\/div>\n                <div class=\"recomendadorV2Alert\"><\/div>\n            <\/div>\n            <\/div>\n        <\/a>\n        <div>\n            <div style=\"z-index:99999;\" id=\"buttonClose\" onclick=\"closeRecomendadorFixed()\">\n            <div class=\"recomendadorCloseFixed\">X<\/div>\n            <\/div>\n            <a href=\"https:\/\/diariodocomercio.com.br\/mix\/uber-passa-por-alteracao-e-novas-regras-ja-estao-valendo-voce-pode-exigir-ar-condicionado\/\">\n            <div class=\"recomendadorFixedArea\">\n                <div id=\"recomendadorFixed\">\n                <div class=\"recomendadorLeftArea\">\n                    <div class=\"recomendadorImgFixed\">\n                    <img class=\"lazyload\" decoding=\"async\" src=\"https:\/\/mix.diariodocomercio.com.br\/wp-content\/uploads\/2025\/02\/uber-1140x570.jpg\" alt=\"\">\n                    <\/div>\n                <\/div>\n                <div class=\"recomendadorRightArea\">\n                    <div class=\"recomendadorTitleFixed\">\n                    <h2><span>Uber passa por altera\u00e7\u00e3o e novas regras j\u00e1 est\u00e3o valendo<\/span><\/h2>\n                    <\/div>\n                    <div class=\"recomendadorButtonFixed\">Confira!<\/div>\n                    <div class=\"recomendadorAlertFixed\"><\/div>\n                <\/div>\n                <\/div>\n            <\/div>\n            <\/a>\n        <\/div>\n        <\/div>\n\n\n\n<h2 class=\"wp-block-heading\">Mais detalhes sobre os reflexos dos tarifa\u00e7os na Apple\u00a0<\/h2>\n\n\n\n<p>Assim como outras empresas de tecnologia, a Apple sentiu fortemente os efeitos da Guerra Comercial por depender da China para a fabrica\u00e7\u00e3o de seus produtos. As tarifas impostas por Trump sobre produtos chineses impactaram diretamente a Apple de v\u00e1rias maneiras, fazendo com que uma press\u00e3o interna ocorresse, for\u00e7ando que os seus produtos tivessem ajustes nos pre\u00e7os.&nbsp;<\/p>\n\n\n\n<p>A depend\u00eancia da Apple da China exp\u00f4s a empresa a riscos relacionados \u00e0 interrup\u00e7\u00e3o da cadeia de suprimentos, caso as tens\u00f5es comerciais aumentassem. Com a tr\u00e9gua entre os dois pa\u00edses, especulada para durar at\u00e9 90 dias, a empresa est\u00e1 buscando formas de assegurar que seus produtos v\u00e3o continuar atendendo o seu p\u00fablico.&nbsp;&nbsp;&nbsp;<\/p>\n","protected":false},"excerpt":{"rendered":"<p>Desde que o presidente Donald Trump lan\u00e7ou uma s\u00e9rie de medidas para diversos pa\u00edses, fazendo com que uma guerra tarif\u00e1ria ocorresse, as empresas norte-americanas tiveram que encontrar medidas para manter o custo de seus produtos, visto que boa parte da m\u00e3o de obra era feita em pa\u00edses como China e \u00cdndia. Apesar das taxas terem [&hellip;]<\/p>\n","protected":false},"author":7,"featured_media":7417,"comment_status":"closed","ping_status":"closed","sticky":false,"template":"","format":"standard","meta":{"jnews-multi-image_gallery":[],"jnews_single_post":{"format":"standard"},"jnews_primary_category":[],"jnews_social_meta":[],"jnews_override_counter":[],"jnews_post_split":[],"footnotes":""},"categories":[1],"tags":[],"class_list":["post-7415","post","type-post","status-publish","format-standard","has-post-thumbnail","hentry","category-geral"],"_referencia":"","_links":{"self":[{"href":"https:\/\/diariodocomercio.com.br\/mix\/wp-json\/wp\/v2\/posts\/7415","targetHints":{"allow":["GET"]}}],"collection":[{"href":"https:\/\/diariodocomercio.com.br\/mix\/wp-json\/wp\/v2\/posts"}],"about":[{"href":"https:\/\/diariodocomercio.com.br\/mix\/wp-json\/wp\/v2\/types\/post"}],"author":[{"embeddable":true,"href":"https:\/\/diariodocomercio.com.br\/mix\/wp-json\/wp\/v2\/users\/7"}],"replies":[{"embeddable":true,"href":"https:\/\/diariodocomercio.com.br\/mix\/wp-json\/wp\/v2\/comments?post=7415"}],"version-history":[{"count":1,"href":"https:\/\/diariodocomercio.com.br\/mix\/wp-json\/wp\/v2\/posts\/7415\/revisions"}],"predecessor-version":[{"id":7419,"href":"https:\/\/diariodocomercio.com.br\/mix\/wp-json\/wp\/v2\/posts\/7415\/revisions\/7419"}],"wp:featuredmedia":[{"embeddable":true,"href":"https:\/\/diariodocomercio.com.br\/mix\/wp-json\/wp\/v2\/media\/7417"}],"wp:attachment":[{"href":"https:\/\/diariodocomercio.com.br\/mix\/wp-json\/wp\/v2\/media?parent=7415"}],"wp:term":[{"taxonomy":"category","embeddable":true,"href":"https:\/\/diariodocomercio.com.br\/mix\/wp-json\/wp\/v2\/categories?post=7415"},{"taxonomy":"post_tag","embeddable":true,"href":"https:\/\/diariodocomercio.com.br\/mix\/wp-json\/wp\/v2\/tags?post=7415"}],"curies":[{"name":"wp","href":"https:\/\/api.w.org\/{rel}","templated":true}]}}