{"id":7422,"date":"2025-05-14T16:51:00","date_gmt":"2025-05-14T19:51:00","guid":{"rendered":"https:\/\/diariodocomercio.com.br\/mix\/?p=7422"},"modified":"2025-05-14T16:51:02","modified_gmt":"2025-05-14T19:51:02","slug":"entenda-como-e-feito-o-reembolso-do-imposto-de-renda","status":"publish","type":"post","link":"https:\/\/diariodocomercio.com.br\/mix\/entenda-como-e-feito-o-reembolso-do-imposto-de-renda\/","title":{"rendered":"Entenda como \u00e9 feito o reembolso do Imposto de Renda"},"content":{"rendered":"\n<p>Quem \u00e9 obrigado a declarar o Imposto de Renda, sabe que haver\u00e1 uma restitui\u00e7\u00e3o dos valores e, segundo a Receita Federal, um relat\u00f3rio mostra que cerca de 60% dos contribuintes ter\u00e3o direito a receber a restitui\u00e7\u00e3o em 2025. Esse n\u00famero representa 27,7 milh\u00f5es de pessoas que v\u00e3o receber os valores em suas contas. Para organizar os pagamentos, neste ano as restitui\u00e7\u00f5es ser\u00e3o pagas em cinco lotes mensais, sendo que existe uma ordem priorit\u00e1ria para receberem esses valores.<\/p>\n\n\n\n<p>Como forma de incentivo, a RF coloca como prioridades aqueles que enviaram suas declara\u00e7\u00f5es logo nas primeiras semanas do prazo, estabelecido entre 17 de mar\u00e7o e 30 de maio. No entanto, a fila priorit\u00e1ria come\u00e7a com idosos com 80 anos e mais, seguida por contribuintes com idade igual ou superior a 60 anos, pessoas com defici\u00eancia e portadores de mol\u00e9stias graves.&nbsp;<\/p>\n\n\n\n<p>O restante \u00e9 contribuintes cuja maior fonte de renda seja o magist\u00e9rio, que utilizaram a declara\u00e7\u00e3o pr\u00e9-preenchida<sup>&nbsp; <\/sup>e optaram por receber a restitui\u00e7\u00e3o via Pix (chave CPF), chegando por fim nos demais que enviaram.&nbsp;<\/p>\n\n\n\n \n \t\n<style>@media (min-width: 992px) {\n    .recomendadorV2Area1 {\n        width: 280px;\n    }\n    .recomendadorV2Area2 {\n        padding: 0px 20px;\n        width: calc(100% - 280px);\n    }\n}\n\n@media (max-width: 992px) {\n    .recomendadorV2Button {\n        margin: 0 auto;\n    }\n    .recomendadorV2Area {\n        flex-direction: column;\n        text-align: center;\n    }\n    .recomendadorV2Area2 {\n        padding: 0px 20px;\n    }\n}\n\n.recomendadorV2Area {\n    background: #eeeeee3d;\n    border-radius: 10px;\n    padding: 15px;\n    display: flex;\n    margin: 15px auto;\n    border: 1px solid #00000014;\n    max-width: 800px;\n}\n\n.recomendadorV2Area1 img {\n    width: 280px;\n    height: auto;\n    border-radius: 8px;\n}\n\n.linkrecomendadorv2 {\n    text-decoration: none !important;\n}\n\n.recomendadorV2Area2 .recomendadorV2Type {\n    text-transform: uppercase;\n    font-weight: 500;\n    font-size: 11px;\n    letter-spacing: 2px;\n    color: #666;\n    margin: 12px 0;\n    display: block;\n}\n\n.recomendadorV2Title h2 {\n    padding-top: 0px !important;\n    margin: 0px !important;\n    border-left: none !important;\n    padding-left: 0px !important;\n    line-height: 1.3;\n    color: #000 !important;\n    font-size: 24px;\n    margin-bottom: 12px !important;\n}\n\n.recomendadorV2Desc {\n    color: #333;\n    margin: 12px 0px !important;\n    font-size: 15px;\n    line-height: 1.5;\n}\n\n.recomendadorV2Button {\n    width: auto;\n    max-width: 200px;\n    margin: 0;\n    display: inline-flex;\n    align-items: center;\n    background: #1D3557;\n    border-radius: 8px;\n    color: #fff;\n    height: 36px;\n    justify-content: center;\n    text-align: center;\n    font-size: 14px;\n    padding: 0 20px;\n    transition: background-color 0.2s ease;\n}\n\n.recomendadorV2Button:hover {\n    background: #2a4d7a;\n}\n\n.recomendadorV2Button:after {\n    margin-top: -2px;\n    content: \"\u2192\";\n    padding: 0px 0px 0px 8px;\n}\n\n.recomendadorV2Alert {\n    text-align: left;\n    font-size: 11px;\n    margin-top: 8px;\n    color: #666;\n}\n\n.recomendadorFixedArea {\n    width: 100%;\n    display: flex;\n    justify-content: center;\n    align-items: center;\n}\n\n@media (min-width: 992px) {\n    #recomendadorFixed {\n        width: 32% !important;\n        left: 5%;\n    }\n    .recomendadorCloseFixed{\n        right: inherit !important;\n        left: 378px !important;\n    }\n}\n\n#recomendadorFixed {\n    width: 90%;\n    box-shadow: 0 10px 20px 0px #00000057;\n    display: none;\n    height: 90px;\n    background: #F6F6F6;\n    position: fixed;\n    flex-direction: row;\n    bottom: 10px;\n    z-index: 9999;\n    border-radius: 16px;\n    padding: 7px 10px;\n}\n\n.recomendadorLeftArea {\n    width: 160px;\n}\n\n.recomendadorRightArea h2 {\n    padding-top: 0px;\n    margin: 2px 0px 4px 0px !important;\n    font-weight: 400;\n    text-align: center;\n    padding-left: 0px !important;\n    color: #000 !important;\n    border-left: none !important;\n    line-height: 20px;\n    font-size: 12px !important;\n}\n\n.recomendadorImgFixed {\n    overflow: hidden;\n    padding: 8px 6px;\n    height: 100%;\n}\n\n.recomendadorImgFixed img {\n    height: 100% !important;\n    border-radius: 16px;\n}\n\n.recomendadorRightArea {\n    padding-top: 6px;\n    display: flex;\n    width: calc(100% - 130px);\n    justify-content: space-between;\n    align-items: center;\n    flex-direction: column;\n}\n\n.recomendadorButtonFixed {\n    margin: 0 auto;\n    background: #1D3557;\n    width: 80%;\n    text-align: center;\n    font-size: 10px;\n    color: #FFF;\n    padding: 2px 10px;\n    border-radius: 3px;\n}\n\n.recomendadorButtonFixed:after {\n    margin-top: -3px;\n    content: \"\u2192\";\n    padding: 0px 0px 0px 10px;\n}\n\n.recomendadorAlertFixed {\n    font-weight: 400;\n    text-align: center;\n    color: #484848;\n    font-size: 8px;\n}\n\n.recomendadorCloseFixed {\n    z-index: 99999;\n    display: none;\n    right: 0px;\n    left: inherit;\n    bottom: 99px;\n    position: fixed;\n    justify-content: center;\n    background: #F6F6F6;\n    width: 25px;\n    align-items: center;\n    height: 25px;\n    font-weight: 800;\n    border-radius: 50%;\n    border: 1px solid #EBEBEB;\n}\n\n.recomendadorV2Desc{\n    color: #000000;\n    margin: 20px 0px;\n}\n\n@media (max-width: 576px) {\n    .recomendadorV2Area {\n      padding: 10px;\n      max-width: 100%;\n    }\n  \n    .recomendadorV2Area1 img {\n      width: 100%;\n      border-radius: 6px;\n    }\n  \n    .recomendadorV2Area2 .recomendadorV2Type {\n      font-size: 9px;\n      letter-spacing: 1px;\n      margin: 8px 0;\n    }\n  \n    .recomendadorV2Title h2 {\n      font-size: 18px !important;\n      margin-bottom: 8px !important;\n      line-height: 1.2;\n    }\n  \n    .recomendadorV2Desc {\n      font-size: 14px;\n      margin: 8px 0 !important;\n      line-height: 1.4;\n    }\n  \n    .recomendadorV2Button {\n      font-size: 14px;\n      height: 40px;\n      padding: 0 12px;\n      max-width: 100%;\n      width: 100%;\n    }\n  \n    .recomendadorV2Button:after {\n      padding-left: 6px;\n    }\n  }\n  <\/style>\n        <div class=\"lazyblock-recomendador-v2-2jDGz wp-block-lazyblock-recomendador-v2\">\n        <a class=\"linkrecomendadorv2\" href=\"https:\/\/diariodocomercio.com.br\/mix\/quando-vai-ser-pago-o-13o-de-2025-para-aposentados-confira-o-calendario\/\">\n            <div class=\"recomendadorV2Area\">\n            <div class=\"recomendadorV2Area1\">\n                <div class=\"recomendadorV2Img\">\n                <img class=\"lazyloaded\" decoding=\"async\" src=\"https:\/\/www.gov.br\/inss\/pt-br\/noticias\/calendario-de-pagamentos-2025-ja-esta-disponivel\/arte_calendario_pagamento_2025.jpg\" data-src=\"https:\/\/www.gov.br\/inss\/pt-br\/noticias\/calendario-de-pagamentos-2025-ja-esta-disponivel\/arte_calendario_pagamento_2025.jpg\" alt=\"\">\n                <\/div>\n            <\/div>\n            <div class=\"recomendadorV2Area2\">\n                <div class=\"recomendadorV2Type\">\n                    <span>DINHEIRO<\/span>\n                <\/div>\n                <div class=\"recomendadorV2Title\">\n                <h2><span>13\u00b0 sal\u00e1rio de 2025 para aposentados j\u00e1 tem data para cair<\/span><\/h2>\n                <\/div>\n                <div class=\"recomendadorV2Desc\">\n                <span>Quando vai ser pago o 13\u00b0 de 2025 para aposentados? Confira o calend\u00e1rio oficial.<\/span>\n                <\/div>\n                <div class=\"recomendadorV2Button\">Ver calend\u00e1rio<\/div>\n                <div class=\"recomendadorV2Alert\"><\/div>\n            <\/div>\n            <\/div>\n        <\/a>\n        <div>\n            <div style=\"z-index:99999;\" id=\"buttonClose\" onclick=\"closeRecomendadorFixed()\">\n            <div class=\"recomendadorCloseFixed\">X<\/div>\n            <\/div>\n            <a href=\"https:\/\/diariodocomercio.com.br\/mix\/quando-vai-ser-pago-o-13o-de-2025-para-aposentados-confira-o-calendario\/\">\n            <div class=\"recomendadorFixedArea\">\n                <div id=\"recomendadorFixed\">\n                <div class=\"recomendadorLeftArea\">\n                    <div class=\"recomendadorImgFixed\">\n                    <img class=\"lazyload\" decoding=\"async\" src=\"https:\/\/www.gov.br\/inss\/pt-br\/noticias\/calendario-de-pagamentos-2025-ja-esta-disponivel\/arte_calendario_pagamento_2025.jpg\" alt=\"\">\n                    <\/div>\n                <\/div>\n                <div class=\"recomendadorRightArea\">\n                    <div class=\"recomendadorTitleFixed\">\n                    <h2><span>13\u00b0 sal\u00e1rio de 2025 para aposentados j\u00e1 tem data para cair<\/span><\/h2>\n                    <\/div>\n                    <div class=\"recomendadorButtonFixed\">Ver calend\u00e1rio<\/div>\n                    <div class=\"recomendadorAlertFixed\"><\/div>\n                <\/div>\n                <\/div>\n            <\/div>\n            <\/a>\n        <\/div>\n        <\/div>\n\n\n\n<h2 class=\"wp-block-heading\">Confira abaixo o calend\u00e1rio dos lotes do Imposto de Renda 2025<\/h2>\n\n\n\n<ul class=\"wp-block-list\">\n<li><strong>1\u00ba lote:<\/strong> 30 de maio<\/li>\n\n\n\n<li><strong>2\u00ba lote:<\/strong> 30 de junho<\/li>\n\n\n\n<li><strong>3\u00ba lote:<\/strong> 31 de julho<\/li>\n\n\n\n<li><strong>4\u00ba lote:<\/strong> 29 de agosto<\/li>\n\n\n\n<li><strong>5\u00ba lote:<\/strong> 30 de setembro<\/li>\n<\/ul>\n\n\n\n<h2 class=\"wp-block-heading\">Como ser\u00e1 feito o reembolso do IR?<\/h2>\n\n\n\n<p>Desde 2022, \u00e9 poss\u00edvel indicar uma chave Pix (CPF) para receber a restitui\u00e7\u00e3o, o que inclusive garante prioridade no recebimento. Mas, as restitui\u00e7\u00f5es tamb\u00e9m podem ser feitas via dep\u00f3sito em conta corrente ou poupan\u00e7a. Se os dados banc\u00e1rios estiverem incorretos, o valor da restitui\u00e7\u00e3o ficar\u00e1 dispon\u00edvel para resgate no Banco do Brasil por at\u00e9 um ano. Ap\u00f3s esse per\u00edodo, o contribuinte dever\u00e1 solicitar o resgate atrav\u00e9s do sistema PER\/DCOMP da Receita Federal.<\/p>\n","protected":false},"excerpt":{"rendered":"<p>Quem \u00e9 obrigado a declarar o Imposto de Renda, sabe que haver\u00e1 uma restitui\u00e7\u00e3o dos valores e, segundo a Receita Federal, um relat\u00f3rio mostra que cerca de 60% dos contribuintes ter\u00e3o direito a receber a restitui\u00e7\u00e3o em 2025. Esse n\u00famero representa 27,7 milh\u00f5es de pessoas que v\u00e3o receber os valores em suas contas. Para organizar [&hellip;]<\/p>\n","protected":false},"author":7,"featured_media":3808,"comment_status":"closed","ping_status":"closed","sticky":false,"template":"","format":"standard","meta":{"jnews-multi-image_gallery":[],"jnews_single_post":{"format":"standard"},"jnews_primary_category":[],"jnews_social_meta":[],"jnews_override_counter":[],"jnews_post_split":[],"footnotes":""},"categories":[1],"tags":[],"class_list":["post-7422","post","type-post","status-publish","format-standard","has-post-thumbnail","hentry","category-geral"],"_referencia":"","_links":{"self":[{"href":"https:\/\/diariodocomercio.com.br\/mix\/wp-json\/wp\/v2\/posts\/7422","targetHints":{"allow":["GET"]}}],"collection":[{"href":"https:\/\/diariodocomercio.com.br\/mix\/wp-json\/wp\/v2\/posts"}],"about":[{"href":"https:\/\/diariodocomercio.com.br\/mix\/wp-json\/wp\/v2\/types\/post"}],"author":[{"embeddable":true,"href":"https:\/\/diariodocomercio.com.br\/mix\/wp-json\/wp\/v2\/users\/7"}],"replies":[{"embeddable":true,"href":"https:\/\/diariodocomercio.com.br\/mix\/wp-json\/wp\/v2\/comments?post=7422"}],"version-history":[{"count":1,"href":"https:\/\/diariodocomercio.com.br\/mix\/wp-json\/wp\/v2\/posts\/7422\/revisions"}],"predecessor-version":[{"id":7436,"href":"https:\/\/diariodocomercio.com.br\/mix\/wp-json\/wp\/v2\/posts\/7422\/revisions\/7436"}],"wp:featuredmedia":[{"embeddable":true,"href":"https:\/\/diariodocomercio.com.br\/mix\/wp-json\/wp\/v2\/media\/3808"}],"wp:attachment":[{"href":"https:\/\/diariodocomercio.com.br\/mix\/wp-json\/wp\/v2\/media?parent=7422"}],"wp:term":[{"taxonomy":"category","embeddable":true,"href":"https:\/\/diariodocomercio.com.br\/mix\/wp-json\/wp\/v2\/categories?post=7422"},{"taxonomy":"post_tag","embeddable":true,"href":"https:\/\/diariodocomercio.com.br\/mix\/wp-json\/wp\/v2\/tags?post=7422"}],"curies":[{"name":"wp","href":"https:\/\/api.w.org\/{rel}","templated":true}]}}