{"id":7468,"date":"2025-05-15T09:27:05","date_gmt":"2025-05-15T12:27:05","guid":{"rendered":"https:\/\/diariodocomercio.com.br\/mix\/?p=7468"},"modified":"2025-05-15T09:27:07","modified_gmt":"2025-05-15T12:27:07","slug":"escandalo-envolvendo-ana-castela-vem-a-tona-e-choca-o-brasil","status":"publish","type":"post","link":"https:\/\/diariodocomercio.com.br\/mix\/escandalo-envolvendo-ana-castela-vem-a-tona-e-choca-o-brasil\/","title":{"rendered":"Esc\u00e2ndalo envolvendo Ana Castela vem \u00e0 tona e choca o Brasil"},"content":{"rendered":"\n<p>Um esc\u00e2ndalo judicial envolvendo a cantora Ana Castela veio \u00e0 tona nesta semana, revelando uma disputa milion\u00e1ria com o empres\u00e1rio Agesner Monteiro, que alega ter sido afastado ilegalmente da gest\u00e3o da carreira da artista, mesmo tendo um contrato v\u00e1lido at\u00e9 abril de 2027.<\/p>\n\n\n\n<p>Agesner afirma que detinha 20% de participa\u00e7\u00e3o contratual nos lucros da cantora, incluindo shows, royalties e campanhas publicit\u00e1rias. Ele calcula um preju\u00edzo que pode ultrapassar R$ 150 milh\u00f5es, valor que diz ter sido desviado por Ana, seus pais e s\u00f3cios ap\u00f3s o estouro do hit \u201cBoiadeira\u201d, em outubro de 2022.<\/p>\n\n\n\n<p>Segundo a den\u00fancia, o rompimento foi unilateral e sem justificativa formal, contrariando o acordo assinado por Ana, seus pais, Agesner e os empres\u00e1rios Rodolfo Alessi e Raphael Soares.<\/p>\n\n\n\n<h2 class=\"wp-block-heading\"><strong>Aportes financeiros e sucesso nacional<\/strong><\/h2>\n\n\n\n<p>Monteiro alega que foi respons\u00e1vel por investimentos decisivos no in\u00edcio da carreira da cantora, incluindo a produ\u00e7\u00e3o do &#8220;Boiadeira Remix&#8221; com DJ Lucas Beat, e o financiamento da m\u00fasica &#8220;Pipoco&#8221;, parceria com Melody, que ficou por tr\u00eas meses no topo do Spotify Brasil.<\/p>\n\n\n\n<p>Segundo ele, esses aportes foram fundamentais para a proje\u00e7\u00e3o nacional de Ana Castela, que hoje \u00e9 um dos principais nomes da m\u00fasica sertaneja.<\/p>\n\n\n\n<p>Apesar de tentativas de negocia\u00e7\u00e3o, o empres\u00e1rio afirma que foi ignorado pelos pais da cantora e acusa o grupo de \u201coportunismo\u201d, buscando se apropriar de sua parte nos lucros.<\/p>\n\n\n\n<h2 class=\"wp-block-heading\"><strong>Den\u00fancias criminais e suspeita de esquema financeiro<\/strong><\/h2>\n\n\n\n<p>Al\u00e9m da a\u00e7\u00e3o judicial para reaver seus direitos contratuais, Agesner apresentou den\u00fancias formais ao Departamento Estadual de Investiga\u00e7\u00f5es Criminais (DEIC-SP). Ana Castela, seus pais e empres\u00e1rios est\u00e3o sendo investigados por crimes como:<\/p>\n\n\n\n<ul class=\"wp-block-list\">\n<li><strong>Estelionato<\/strong><\/li>\n\n\n\n<li><strong>Lavagem de dinheiro<\/strong><\/li>\n\n\n\n<li><strong>Apropria\u00e7\u00e3o ind\u00e9bita<\/strong><\/li>\n\n\n\n<li><strong>Furto qualificado<\/strong><\/li>\n\n\n\n<li><strong>Organiza\u00e7\u00e3o criminosa<\/strong><\/li>\n<\/ul>\n\n\n\n<p>Segundo o ex-empres\u00e1rio, empresas foram criadas para desviar recursos de forma irregular, retirando sua participa\u00e7\u00e3o nos ganhos.<\/p>\n\n\n\n<p>Ele tamb\u00e9m questiona a contrata\u00e7\u00e3o do advogado de defesa de Ana Castela, irm\u00e3o do juiz que inicialmente cuidava do processo, levantando d\u00favidas sobre poss\u00edvel parcialidade no julgamento.<\/p>\n\n\n\n<h2 class=\"wp-block-heading\"><strong>Justi\u00e7a nega pedido de sigilo feito por Ana Castela<\/strong><\/h2>\n\n\n\n<p>Em audi\u00eancia realizada na \u00faltima ter\u00e7a-feira (13), a ju\u00edza Kl\u00e9ia Bortolotti, da 7\u00aa Vara C\u00edvel de Londrina (PR), negou o pedido de sigilo feito pela defesa de Ana Castela. A artista alegou que queria proteger sua intimidade, mas a magistrada ressaltou que a publicidade \u00e9 a regra no processo judicial.<\/p>\n\n\n\n<p>A ju\u00edza autorizou, no entanto, que a cantora participasse da audi\u00eancia de forma on-line, pedido feito horas antes do in\u00edcio da sess\u00e3o, com o objetivo de &#8220;evitar tumulto&#8221; no f\u00f3rum.<\/p>\n\n\n\n<p>Durante as mais de sete horas de audi\u00eancia, algumas testemunhas apresentadas pela defesa da cantora foram rejeitadas, por manterem v\u00ednculo de intimidade com ela \u2014 como o pai do sertanejo Gustavo Mioto, ex-namorado de Ana.<\/p>\n\n\n\n<p>J\u00e1 testemunhas residentes em outros estados foram ouvidas virtualmente. A decis\u00e3o final sobre a validade do contrato ainda n\u00e3o foi emitida.<\/p>\n\n\n\n<h2 class=\"wp-block-heading\"><strong>Rea\u00e7\u00f5es nas redes e acusa\u00e7\u00f5es p\u00fablicas<\/strong><\/h2>\n\n\n\n<p>Ap\u00f3s a audi\u00eancia, Agesner Monteiro se pronunciou nas redes sociais, destacando que \u201cningu\u00e9m da AgroPlay\u201d, atual gravadora e gestora da carreira de Ana Castela, compareceu presencialmente. Segundo ele, \u201couviu muita mentira\u201d, mas disse estar confiante na Justi\u00e7a.<\/p>\n\n\n\n<blockquote class=\"instagram-media\" data-instgrm-permalink=\"https:\/\/www.instagram.com\/reel\/DJnTEWzN_nb\/?utm_source=ig_embed&amp;utm_campaign=loading\" data-instgrm-version=\"14\" style=\"background:#FFF;border:0;border-radius:3px;margin: 1px;max-width:540px;min-width:326px;padding:0;width:99.375%;width:-webkit-calc(100% - 2px);width:calc(100% - 2px)\"><div style=\"padding:16px\"> <a href=\"https:\/\/www.instagram.com\/reel\/DJnTEWzN_nb\/?utm_source=ig_embed&amp;utm_campaign=loading\" style=\"background:#FFFFFF;line-height:0;padding:0 0;text-align:center;text-decoration:none;width:100%\" target=\"_blank\" rel=\"noopener\"> <div style=\"flex-direction: row;align-items: center\"> <div style=\"background-color: #F4F4F4;border-radius: 50%;flex-grow: 0;height: 40px;margin-right: 14px;width: 40px\"><\/div> <div style=\"flex-direction: column;flex-grow: 1;justify-content: center\"> <div style=\"background-color: #F4F4F4;border-radius: 4px;flex-grow: 0;height: 14px;margin-bottom: 6px;width: 100px\"><\/div> <div style=\"background-color: #F4F4F4;border-radius: 4px;flex-grow: 0;height: 14px;width: 60px\"><\/div><\/div><\/div><div style=\"padding: 19% 0\"><\/div> <div style=\"height:50px;margin:0 auto 12px;width:50px\"><\/div><div style=\"padding-top: 8px\"> <div style=\"color:#3897f0;font-family:Arial,sans-serif;font-size:14px;font-style:normal;font-weight:550;line-height:18px\">Ver essa foto no Instagram<\/div><\/div><div style=\"padding: 12.5% 0\"><\/div> <div style=\"flex-direction: row;margin-bottom: 14px;align-items: center\"><div> <div style=\"background-color: #F4F4F4;border-radius: 50%;height: 12.5px;width: 12.5px\"><\/div> <div style=\"background-color: #F4F4F4;height: 12.5px;width: 12.5px;flex-grow: 0;margin-right: 14px;margin-left: 2px\"><\/div> <div style=\"background-color: #F4F4F4;border-radius: 50%;height: 12.5px;width: 12.5px\"><\/div><\/div><div style=\"margin-left: 8px\"> <div style=\"background-color: #F4F4F4;border-radius: 50%;flex-grow: 0;height: 20px;width: 20px\"><\/div> <div style=\"width: 0;height: 0;border-top: 2px solid transparent;border-left: 6px solid #f4f4f4;border-bottom: 2px solid transparent\"><\/div><\/div><div style=\"margin-left: auto\"> <div style=\"width: 0px;border-top: 8px solid #F4F4F4;border-right: 8px solid transparent\"><\/div> <div style=\"background-color: #F4F4F4;flex-grow: 0;height: 12px;width: 16px\"><\/div> <div style=\"width: 0;height: 0;border-top: 8px solid #F4F4F4;border-left: 8px solid transparent\"><\/div><\/div><\/div> <div style=\"flex-direction: column;flex-grow: 1;justify-content: center;margin-bottom: 24px\"> <div style=\"background-color: #F4F4F4;border-radius: 4px;flex-grow: 0;height: 14px;margin-bottom: 6px;width: 224px\"><\/div> <div style=\"background-color: #F4F4F4;border-radius: 4px;flex-grow: 0;height: 14px;width: 144px\"><\/div><\/div><\/a><p style=\"color:#c9c8cd;font-family:Arial,sans-serif;font-size:14px;line-height:17px;margin-bottom:0;margin-top:8px;overflow:hidden;padding:8px 0 7px;text-align:center\"><a href=\"https:\/\/www.instagram.com\/reel\/DJnTEWzN_nb\/?utm_source=ig_embed&amp;utm_campaign=loading\" style=\"color:#c9c8cd;font-family:Arial,sans-serif;font-size:14px;font-style:normal;font-weight:normal;line-height:17px;text-decoration:none\" target=\"_blank\" rel=\"noopener\">Uma publica\u00e7\u00e3o compartilhada por Agesner Monteiro (@agesnermonteiro)<\/a><\/p><\/div><\/blockquote>\n<script async src=\"\/\/www.instagram.com\/embed.js\"><\/script>\n\n\n\n<blockquote class=\"wp-block-quote is-layout-flow wp-block-quote-is-layout-flow\">\n<p>\u201cViemos aqui para falar a verdade, e a verdade foi dita\u201d, disse ele.<\/p>\n<\/blockquote>\n\n\n\n<p>A equipe jur\u00eddica de Ana Castela e representantes da AgroPlay foram procurados pela imprensa, mas n\u00e3o se manifestaram at\u00e9 o momento.<\/p>\n","protected":false},"excerpt":{"rendered":"<p>Um esc\u00e2ndalo judicial envolvendo a cantora Ana Castela veio \u00e0 tona nesta semana, revelando uma disputa milion\u00e1ria com o empres\u00e1rio Agesner Monteiro, que alega ter sido afastado ilegalmente da gest\u00e3o da carreira da artista, mesmo tendo um contrato v\u00e1lido at\u00e9 abril de 2027. Agesner afirma que detinha 20% de participa\u00e7\u00e3o contratual nos lucros da cantora, [&hellip;]<\/p>\n","protected":false},"author":9,"featured_media":7472,"comment_status":"closed","ping_status":"closed","sticky":false,"template":"","format":"standard","meta":{"jnews-multi-image_gallery":[],"jnews_single_post":{"format":"standard"},"jnews_primary_category":[],"jnews_social_meta":[],"jnews_override_counter":[],"jnews_post_split":[],"footnotes":""},"categories":[1],"tags":[],"class_list":["post-7468","post","type-post","status-publish","format-standard","has-post-thumbnail","hentry","category-geral"],"_referencia":"","_links":{"self":[{"href":"https:\/\/diariodocomercio.com.br\/mix\/wp-json\/wp\/v2\/posts\/7468","targetHints":{"allow":["GET"]}}],"collection":[{"href":"https:\/\/diariodocomercio.com.br\/mix\/wp-json\/wp\/v2\/posts"}],"about":[{"href":"https:\/\/diariodocomercio.com.br\/mix\/wp-json\/wp\/v2\/types\/post"}],"author":[{"embeddable":true,"href":"https:\/\/diariodocomercio.com.br\/mix\/wp-json\/wp\/v2\/users\/9"}],"replies":[{"embeddable":true,"href":"https:\/\/diariodocomercio.com.br\/mix\/wp-json\/wp\/v2\/comments?post=7468"}],"version-history":[{"count":1,"href":"https:\/\/diariodocomercio.com.br\/mix\/wp-json\/wp\/v2\/posts\/7468\/revisions"}],"predecessor-version":[{"id":7473,"href":"https:\/\/diariodocomercio.com.br\/mix\/wp-json\/wp\/v2\/posts\/7468\/revisions\/7473"}],"wp:featuredmedia":[{"embeddable":true,"href":"https:\/\/diariodocomercio.com.br\/mix\/wp-json\/wp\/v2\/media\/7472"}],"wp:attachment":[{"href":"https:\/\/diariodocomercio.com.br\/mix\/wp-json\/wp\/v2\/media?parent=7468"}],"wp:term":[{"taxonomy":"category","embeddable":true,"href":"https:\/\/diariodocomercio.com.br\/mix\/wp-json\/wp\/v2\/categories?post=7468"},{"taxonomy":"post_tag","embeddable":true,"href":"https:\/\/diariodocomercio.com.br\/mix\/wp-json\/wp\/v2\/tags?post=7468"}],"curies":[{"name":"wp","href":"https:\/\/api.w.org\/{rel}","templated":true}]}}