{"id":7475,"date":"2025-05-15T09:48:59","date_gmt":"2025-05-15T12:48:59","guid":{"rendered":"https:\/\/diariodocomercio.com.br\/mix\/?p=7475"},"modified":"2025-05-15T09:49:02","modified_gmt":"2025-05-15T12:49:02","slug":"lula-quer-criar-nova-selecao-brasileira-somente-com-jogadores-do-brasileirao","status":"publish","type":"post","link":"https:\/\/diariodocomercio.com.br\/mix\/lula-quer-criar-nova-selecao-brasileira-somente-com-jogadores-do-brasileirao\/","title":{"rendered":"Lula quer criar nova sele\u00e7\u00e3o brasileira somente com jogadores do Brasileir\u00e3o"},"content":{"rendered":"\n<p>Durante entrevista ao jornal O Globo, o presidente Luiz In\u00e1cio Lula da Silva surpreendeu ao sugerir uma nova abordagem para a Sele\u00e7\u00e3o Brasileira: montar uma equipe formada exclusivamente por jogadores que atuam no Campeonato Brasileiro. A declara\u00e7\u00e3o, dada no contexto da chegada do t\u00e9cnico italiano Carlo Ancelotti, ganhou repercuss\u00e3o internacional e dividiu opini\u00f5es no cen\u00e1rio esportivo.<\/p>\n\n\n\n<blockquote class=\"wp-block-quote is-layout-flow wp-block-quote-is-layout-flow\">\n<p><em>\u201cGostaria de fazer uma experi\u00eancia, de convocar os melhores jogadores do Campeonato Brasileiro. Os 22 melhores. Para ver o que d\u00e1. Acho que resultaria em um desempenho melhor ou igual [ao atual]\u201d<\/em>, afirmou o presidente.<\/p>\n<\/blockquote>\n\n\n\n<p>Para Lula, a mudan\u00e7a serviria como um teste pr\u00e1tico para medir a real capacidade dos jogadores do futebol nacional, que, segundo ele, t\u00eam sido pouco aproveitados nas convoca\u00e7\u00f5es. A cr\u00edtica tamb\u00e9m se estendeu \u00e0 estrutura das sele\u00e7\u00f5es, que re\u00fanem atletas apenas dias antes das competi\u00e7\u00f5es, dificultando a forma\u00e7\u00e3o de um time coeso.<\/p>\n\n\n\n<h2 class=\"wp-block-heading\"><strong>Chegada de Ancelotti e o desafio \u00e0 frente da Sele\u00e7\u00e3o<\/strong><\/h2>\n\n\n\n<p>A declara\u00e7\u00e3o de Lula coincidiu com a oficializa\u00e7\u00e3o de Carlo Ancelotti como novo t\u00e9cnico da Sele\u00e7\u00e3o Brasileira, anunciada pela CBF nesta semana. Em entrevista coletiva na Espanha, o treinador do Real Madrid confirmou que assumir\u00e1 o comando da equipe a partir de 26 de maio, ap\u00f3s sua \u00faltima partida pelo clube espanhol.<\/p>\n\n\n\n<p><em>&#8220;\u00c9 oficial que a partir do dia 26 serei o treinador do Brasil&#8221;<\/em>, afirmou Ancelotti, sem entrar em detalhes sobre suas ideias para o time, mantendo o foco no encerramento de sua trajet\u00f3ria no clube merengue.<\/p>\n\n\n\n<figure class=\"wp-block-embed is-type-video is-provider-youtube wp-block-embed-youtube wp-embed-aspect-16-9 wp-has-aspect-ratio\"><div class=\"wp-block-embed__wrapper\">\n<div class=\"jeg_video_container jeg_video_content\"><iframe loading=\"lazy\" title=\"ANCELOTTI FALA SOBRE ASSUMIR A SELE\u00c7\u00c3O BRASILEIRA E PROJETA FIM DA TEMPORADA NO REAL MADRID\" width=\"500\" height=\"281\" src=\"https:\/\/www.youtube.com\/embed\/uhERLxnCT58?feature=oembed\" frameborder=\"0\" allow=\"accelerometer; autoplay; clipboard-write; encrypted-media; gyroscope; picture-in-picture; web-share\" referrerpolicy=\"strict-origin-when-cross-origin\" allowfullscreen><\/iframe><\/div>\n<\/div><figcaption class=\"wp-element-caption\">Coletiva de imprensa Carlo Ancelotti (V\u00eddeo: Reprodu\u00e7\u00e3o\/Youtube\/Itatiaia Esportes)<\/figcaption><\/figure>\n\n\n\n<p>A imprensa internacional destacou o tom cr\u00edtico de Lula, embora o presidente brasileiro tenha refor\u00e7ado n\u00e3o ter nada contra a contrata\u00e7\u00e3o de um estrangeiro. Ele reconheceu a trajet\u00f3ria de Ancelotti, mas lamentou a \u201csafra mais fr\u00e1gil\u201d de jogadores brasileiros em compara\u00e7\u00e3o com gera\u00e7\u00f5es anteriores.<\/p>\n\n\n\n<h2 class=\"wp-block-heading\"><strong>Repercuss\u00e3o internacional e cr\u00edtica \u00e0 gest\u00e3o da CBF<\/strong><\/h2>\n\n\n\n<p>Jornais europeus como o espanhol As e o portugu\u00eas A Bola repercutiram amplamente as falas de Lula, enfatizando o descontentamento com o atual modelo de gest\u00e3o da Sele\u00e7\u00e3o e a sugest\u00e3o de montar uma equipe baseada no futebol nacional. A cr\u00edtica ocorre num momento em que a CBF tenta consolidar Ancelotti como solu\u00e7\u00e3o para um ciclo conturbado da Sele\u00e7\u00e3o p\u00f3s-Copa de 2022.<\/p>\n\n\n\n<p>Ao mesmo tempo, o an\u00fancio antecipado da CBF gerou desconforto entre parte da imprensa espanhola, que criticou a aus\u00eancia de um posicionamento oficial por parte do Real Madrid. A Gazzetta dello Sport, da It\u00e1lia, classificou a situa\u00e7\u00e3o como \u201csurreal\u201d.<\/p>\n","protected":false},"excerpt":{"rendered":"<p>Durante entrevista ao jornal O Globo, o presidente Luiz In\u00e1cio Lula da Silva surpreendeu ao sugerir uma nova abordagem para a Sele\u00e7\u00e3o Brasileira: montar uma equipe formada exclusivamente por jogadores que atuam no Campeonato Brasileiro. A declara\u00e7\u00e3o, dada no contexto da chegada do t\u00e9cnico italiano Carlo Ancelotti, ganhou repercuss\u00e3o internacional e dividiu opini\u00f5es no cen\u00e1rio [&hellip;]<\/p>\n","protected":false},"author":9,"featured_media":7479,"comment_status":"closed","ping_status":"closed","sticky":false,"template":"","format":"standard","meta":{"jnews-multi-image_gallery":[],"jnews_single_post":{"format":"standard"},"jnews_primary_category":[],"jnews_social_meta":[],"jnews_override_counter":[],"jnews_post_split":[],"footnotes":""},"categories":[1],"tags":[],"class_list":["post-7475","post","type-post","status-publish","format-standard","has-post-thumbnail","hentry","category-geral"],"_referencia":"","_links":{"self":[{"href":"https:\/\/diariodocomercio.com.br\/mix\/wp-json\/wp\/v2\/posts\/7475","targetHints":{"allow":["GET"]}}],"collection":[{"href":"https:\/\/diariodocomercio.com.br\/mix\/wp-json\/wp\/v2\/posts"}],"about":[{"href":"https:\/\/diariodocomercio.com.br\/mix\/wp-json\/wp\/v2\/types\/post"}],"author":[{"embeddable":true,"href":"https:\/\/diariodocomercio.com.br\/mix\/wp-json\/wp\/v2\/users\/9"}],"replies":[{"embeddable":true,"href":"https:\/\/diariodocomercio.com.br\/mix\/wp-json\/wp\/v2\/comments?post=7475"}],"version-history":[{"count":1,"href":"https:\/\/diariodocomercio.com.br\/mix\/wp-json\/wp\/v2\/posts\/7475\/revisions"}],"predecessor-version":[{"id":7480,"href":"https:\/\/diariodocomercio.com.br\/mix\/wp-json\/wp\/v2\/posts\/7475\/revisions\/7480"}],"wp:featuredmedia":[{"embeddable":true,"href":"https:\/\/diariodocomercio.com.br\/mix\/wp-json\/wp\/v2\/media\/7479"}],"wp:attachment":[{"href":"https:\/\/diariodocomercio.com.br\/mix\/wp-json\/wp\/v2\/media?parent=7475"}],"wp:term":[{"taxonomy":"category","embeddable":true,"href":"https:\/\/diariodocomercio.com.br\/mix\/wp-json\/wp\/v2\/categories?post=7475"},{"taxonomy":"post_tag","embeddable":true,"href":"https:\/\/diariodocomercio.com.br\/mix\/wp-json\/wp\/v2\/tags?post=7475"}],"curies":[{"name":"wp","href":"https:\/\/api.w.org\/{rel}","templated":true}]}}