{"id":7509,"date":"2025-05-15T14:38:52","date_gmt":"2025-05-15T17:38:52","guid":{"rendered":"https:\/\/diariodocomercio.com.br\/mix\/?p=7509"},"modified":"2025-05-15T17:45:44","modified_gmt":"2025-05-15T20:45:44","slug":"saiba-quem-pode-tomar-a-vacina-contra-a-gripe-pelo-sus","status":"publish","type":"post","link":"https:\/\/diariodocomercio.com.br\/mix\/saiba-quem-pode-tomar-a-vacina-contra-a-gripe-pelo-sus\/","title":{"rendered":"Saiba quem pode tomar a vacina contra a gripe pelo SUS"},"content":{"rendered":"\n<p>A vacina contra a gripe j\u00e1 est\u00e1 dispon\u00edvel para&nbsp;todas as pessoas a partir dos 6 meses de idade&nbsp;nas&nbsp;Unidades B\u00e1sicas de Sa\u00fade (UBSs)&nbsp;da cidade de S\u00e3o Paulo. A amplia\u00e7\u00e3o da campanha foi anunciada pela Prefeitura diante da&nbsp;baixa cobertura vacinal entre os grupos priorit\u00e1rios, que atingiu apenas&nbsp;25% do p\u00fablico-alvo.<\/p>\n\n\n\n<p>A decis\u00e3o passa a valer a partir da pr\u00f3xima&nbsp;segunda-feira (19). A imuniza\u00e7\u00e3o \u00e9 gratuita e faz parte do calend\u00e1rio do&nbsp;Sistema \u00danico de Sa\u00fade (SUS).<\/p>\n\n\n\n<h2 class=\"wp-block-heading\"><strong>Onde se vacinar:<\/strong><\/h2>\n\n\n\n<ul class=\"wp-block-list\">\n<li><strong>UBSs<\/strong>: de segunda a sexta-feira, das 7h \u00e0s 19h<\/li>\n\n\n\n<li><strong>AMAs\/UBSs Integradas (aos s\u00e1bados)<\/strong>: das 7h \u00e0s 19h<\/li>\n<\/ul>\n\n\n\n<h2 class=\"wp-block-heading\"><strong>Quem pode se vacinar:<\/strong><\/h2>\n\n\n\n<ul class=\"wp-block-list\">\n<li><strong>Toda a popula\u00e7\u00e3o a partir de 6 meses de idade<\/strong><\/li>\n<\/ul>\n\n\n\n<h2 class=\"wp-block-heading\"><strong>Grupos priorit\u00e1rios (mant\u00eam a prioridade e devem continuar se vacinando):<\/strong><\/h2>\n\n\n\n<div class=\"wp-block-group is-nowrap is-layout-flex wp-container-core-group-is-layout-ad2f72ca wp-block-group-is-layout-flex\">\n<div class=\"wp-block-columns is-layout-flex wp-container-core-columns-is-layout-9d6595d7 wp-block-columns-is-layout-flex\">\n<div class=\"wp-block-column is-layout-flow wp-block-column-is-layout-flow\"><\/div>\n\n\n\n<div class=\"wp-block-column is-layout-flow wp-block-column-is-layout-flow\"><\/div>\n<\/div>\n<\/div>\n\n\n\n<ul class=\"wp-block-list\">\n<li>Idosos com mais de 60 anos<\/li>\n\n\n\n<li>Crian\u00e7as de 6 meses a menores de 6 anos<\/li>\n\n\n\n<li>Gestantes e pu\u00e9rperas<\/li>\n\n\n\n<li>Pessoas com doen\u00e7as cr\u00f4nicas<\/li>\n\n\n\n<li>Ind\u00edgenas, quilombolas e pessoas em situa\u00e7\u00e3o de rua<\/li>\n\n\n\n<li>Profissionais da sa\u00fade e da educa\u00e7\u00e3o<\/li>\n\n\n\n<li>For\u00e7as de seguran\u00e7a e For\u00e7as Armadas<\/li>\n\n\n\n<li>Pessoas com defici\u00eancia permanente<\/li>\n\n\n\n<li>Caminhoneiros e trabalhadores do transporte coletivo<\/li>\n\n\n\n<li>Funcion\u00e1rios dos Correios, sistema prisional e popula\u00e7\u00e3o privada de liberdade<\/li>\n<\/ul>\n\n\n\n<p>Baixa procura pela vacina neste ano preocupa as autoridades de sa\u00fade, especialmente diante da chegada do outono e do inverno, quando as infec\u00e7\u00f5es respirat\u00f3rias tendem a aumentar.<\/p>\n\n\n\n<p>A vacina\u00e7\u00e3o em massa \u00e9 essencial para evitar o colapso dos servi\u00e7os de sa\u00fade e reduzir a gravidade dos casos em pessoas mais vulner\u00e1veis.<\/p>\n\n\n\n<p>A vacina contra a gripe \u00e9&nbsp;segura, n\u00e3o provoca a doen\u00e7a&nbsp;e protege contra as complica\u00e7\u00f5es graves causadas pelo v\u00edrus Influenza. A prote\u00e7\u00e3o dura cerca de&nbsp;um ano, e a vacina \u00e9&nbsp;atualizada anualmente&nbsp;para combater as novas variantes do v\u00edrus.<\/p>\n\n\n\n<p><strong>N\u00e3o deixe para depois. A vacina\u00e7\u00e3o \u00e9 a melhor forma de se proteger \u2014 e de proteger quem voc\u00ea ama.<\/strong><\/p>\n","protected":false},"excerpt":{"rendered":"<p>A vacina contra a gripe j\u00e1 est\u00e1 dispon\u00edvel para&nbsp;todas as pessoas a partir dos 6 meses de idade&nbsp;nas&nbsp;Unidades B\u00e1sicas de Sa\u00fade (UBSs)&nbsp;da cidade de S\u00e3o Paulo. A amplia\u00e7\u00e3o da campanha foi anunciada pela Prefeitura diante da&nbsp;baixa cobertura vacinal entre os grupos priorit\u00e1rios, que atingiu apenas&nbsp;25% do p\u00fablico-alvo. A decis\u00e3o passa a valer a partir da [&hellip;]<\/p>\n","protected":false},"author":9,"featured_media":7512,"comment_status":"closed","ping_status":"closed","sticky":false,"template":"","format":"standard","meta":{"jnews-multi-image_gallery":[],"jnews_single_post":{"format":"standard"},"jnews_primary_category":[],"jnews_social_meta":[],"jnews_override_counter":[],"jnews_post_split":[],"footnotes":""},"categories":[1],"tags":[],"class_list":["post-7509","post","type-post","status-publish","format-standard","has-post-thumbnail","hentry","category-geral"],"_referencia":"","_links":{"self":[{"href":"https:\/\/diariodocomercio.com.br\/mix\/wp-json\/wp\/v2\/posts\/7509","targetHints":{"allow":["GET"]}}],"collection":[{"href":"https:\/\/diariodocomercio.com.br\/mix\/wp-json\/wp\/v2\/posts"}],"about":[{"href":"https:\/\/diariodocomercio.com.br\/mix\/wp-json\/wp\/v2\/types\/post"}],"author":[{"embeddable":true,"href":"https:\/\/diariodocomercio.com.br\/mix\/wp-json\/wp\/v2\/users\/9"}],"replies":[{"embeddable":true,"href":"https:\/\/diariodocomercio.com.br\/mix\/wp-json\/wp\/v2\/comments?post=7509"}],"version-history":[{"count":2,"href":"https:\/\/diariodocomercio.com.br\/mix\/wp-json\/wp\/v2\/posts\/7509\/revisions"}],"predecessor-version":[{"id":7547,"href":"https:\/\/diariodocomercio.com.br\/mix\/wp-json\/wp\/v2\/posts\/7509\/revisions\/7547"}],"wp:featuredmedia":[{"embeddable":true,"href":"https:\/\/diariodocomercio.com.br\/mix\/wp-json\/wp\/v2\/media\/7512"}],"wp:attachment":[{"href":"https:\/\/diariodocomercio.com.br\/mix\/wp-json\/wp\/v2\/media?parent=7509"}],"wp:term":[{"taxonomy":"category","embeddable":true,"href":"https:\/\/diariodocomercio.com.br\/mix\/wp-json\/wp\/v2\/categories?post=7509"},{"taxonomy":"post_tag","embeddable":true,"href":"https:\/\/diariodocomercio.com.br\/mix\/wp-json\/wp\/v2\/tags?post=7509"}],"curies":[{"name":"wp","href":"https:\/\/api.w.org\/{rel}","templated":true}]}}