{"id":7516,"date":"2025-05-15T15:43:52","date_gmt":"2025-05-15T18:43:52","guid":{"rendered":"https:\/\/diariodocomercio.com.br\/mix\/?p=7516"},"modified":"2025-05-15T15:43:54","modified_gmt":"2025-05-15T18:43:54","slug":"inss-reconhece-nome-de-pessoas-trans-e-travestis-em-seu-cadastro","status":"publish","type":"post","link":"https:\/\/diariodocomercio.com.br\/mix\/inss-reconhece-nome-de-pessoas-trans-e-travestis-em-seu-cadastro\/","title":{"rendered":"INSS reconhece nome de pessoas trans e travestis em seu cadastro"},"content":{"rendered":"\n<p>O reconhecimento do nome social \u00e9 uma das grandes reivindica\u00e7\u00f5es da popula\u00e7\u00e3o trans, que luta para ter o direito de ser chamada pelo nome que escolheu no processo de reafirma\u00e7\u00e3o de g\u00eanero. Considerando isso, o INSS &#8211; Instituto Nacional do Seguro Social &#8211; passou a reconhecer o nome social dessas pessoas em seus cadastros.<\/p>\n\n\n\n<p>Se voc\u00ea se tornou segurado do INSS antes de alterar o seu prenome e g\u00eanero no seu registro civil, voc\u00ea pode atualizar o seu cadastro por meio do Meu INSS ou da Central 135, atrav\u00e9s do servi\u00e7o &#8220;Atualizar Cadastro e\/ou Benef\u00edcio\u201d. Para conseguir a autoriza\u00e7\u00e3o, voc\u00ea precisa apresentar os documentos civis retificados, como o CPF, RG e Certid\u00e3o de Nascimento.<\/p>\n\n\n\n<p>\u00c0 Ag\u00eancia Gov, Caio Ant\u00f4nio Pichinine, um homem trans de 24 anos, destacou a import\u00e2ncia do INSS reconhecer o nome social. <em>&#8220;A inclus\u00e3o do nome social no cadastro do INSS e em outros documentos vai muito al\u00e9m de uma quest\u00e3o burocr\u00e1tica&#8221;<\/em>, declarou. <em>&#8220;Ela representa pertencimento, reconhecimento da nossa identidade e, acima de tudo, respeito por quem somos e como queremos ser vistos pela sociedade. N\u00e3o se trata de &#8216;apenas&#8217; um nome: \u00e9 sobre dignidade, \u00e9 sobre nossas vidas.&#8221;<\/em><\/p>\n\n\n\n<h2 class=\"wp-block-heading\">Hoje (15) \u00e9 o Dia do Orgulho Trans no Brasil<\/h2>\n\n\n\n<p>Nesta quinta-feira, dia 15 de maio, celebramos no Brasil o Dia do Orgulho de ser Travesti e Transexual. A escolha data \u00e9 uma homenagem ao anivers\u00e1rio do que hoje chamamos de Movimento organizado de Travestis e Transexuais, criado em 1992 na cidade do Rio de Janeiro.<\/p>\n\n\n\n<blockquote class=\"wp-block-quote is-layout-flow wp-block-quote-is-layout-flow\">\n<blockquote class=\"wp-block-quote is-layout-flow wp-block-quote-is-layout-flow\">\n<p><em>&#8220;O 15 de Maio marca uma data hist\u00f3rica para o segmento no Brasil, desconhecida pela maioria, pois pela primeira vez essa popula\u00e7\u00e3o estava se organizando de forma pol\u00edtica, o que causou visibilidade e repercuss\u00e3o na m\u00eddia, que publicizavam a a\u00e7\u00e3o, dada a sua import\u00e2ncia ao articular essas pessoas em associa\u00e7\u00f5es, para aumentar as for\u00e7as coletivas e lutar pela exist\u00eancia das pessoas Travestis e Transexuais.&#8221;<\/em><\/p>\n\n\n\n<p>Antra &#8211; Associa\u00e7\u00e3o Nacional de Travestis e Transexuais<\/p>\n<\/blockquote>\n<\/blockquote>\n\n\n\n<style>@media (min-width: 992px) {\n    .recomendadorV2Area1 {\n        width: 280px;\n    }\n    .recomendadorV2Area2 {\n        padding: 0px 20px;\n        width: calc(100% - 280px);\n    }\n}\n\n@media (max-width: 992px) {\n    .recomendadorV2Button {\n        margin: 0 auto;\n    }\n    .recomendadorV2Area {\n        flex-direction: column;\n        text-align: center;\n    }\n    .recomendadorV2Area2 {\n        padding: 0px 20px;\n    }\n}\n\n.recomendadorV2Area {\n    background: #eeeeee3d;\n    border-radius: 10px;\n    padding: 15px;\n    display: flex;\n    margin: 15px auto;\n    border: 1px solid #00000014;\n    max-width: 800px;\n}\n\n.recomendadorV2Area1 img {\n    width: 280px;\n    height: auto;\n    border-radius: 8px;\n}\n\n.linkrecomendadorv2 {\n    text-decoration: none !important;\n}\n\n.recomendadorV2Area2 .recomendadorV2Type {\n    text-transform: uppercase;\n    font-weight: 500;\n    font-size: 11px;\n    letter-spacing: 2px;\n    color: #666;\n    margin: 12px 0;\n    display: block;\n}\n\n.recomendadorV2Title h2 {\n    padding-top: 0px !important;\n    margin: 0px !important;\n    border-left: none !important;\n    padding-left: 0px !important;\n    line-height: 1.3;\n    color: #000 !important;\n    font-size: 24px;\n    margin-bottom: 12px !important;\n}\n\n.recomendadorV2Desc {\n    color: #333;\n    margin: 12px 0px !important;\n    font-size: 15px;\n    line-height: 1.5;\n}\n\n.recomendadorV2Button {\n    width: auto;\n    max-width: 200px;\n    margin: 0;\n    display: inline-flex;\n    align-items: center;\n    background: #1D3557;\n    border-radius: 8px;\n    color: #fff;\n    height: 36px;\n    justify-content: center;\n    text-align: center;\n    font-size: 14px;\n    padding: 0 20px;\n    transition: background-color 0.2s ease;\n}\n\n.recomendadorV2Button:hover {\n    background: #2a4d7a;\n}\n\n.recomendadorV2Button:after {\n    margin-top: -2px;\n    content: \"\u2192\";\n    padding: 0px 0px 0px 8px;\n}\n\n.recomendadorV2Alert {\n    text-align: left;\n    font-size: 11px;\n    margin-top: 8px;\n    color: #666;\n}\n\n.recomendadorFixedArea {\n    width: 100%;\n    display: flex;\n    justify-content: center;\n    align-items: center;\n}\n\n@media (min-width: 992px) {\n    #recomendadorFixed {\n        width: 32% !important;\n        left: 5%;\n    }\n    .recomendadorCloseFixed{\n        right: inherit !important;\n        left: 378px !important;\n    }\n}\n\n#recomendadorFixed {\n    width: 90%;\n    box-shadow: 0 10px 20px 0px #00000057;\n    display: none;\n    height: 90px;\n    background: #F6F6F6;\n    position: fixed;\n    flex-direction: row;\n    bottom: 10px;\n    z-index: 9999;\n    border-radius: 16px;\n    padding: 7px 10px;\n}\n\n.recomendadorLeftArea {\n    width: 160px;\n}\n\n.recomendadorRightArea h2 {\n    padding-top: 0px;\n    margin: 2px 0px 4px 0px !important;\n    font-weight: 400;\n    text-align: center;\n    padding-left: 0px !important;\n    color: #000 !important;\n    border-left: none !important;\n    line-height: 20px;\n    font-size: 12px !important;\n}\n\n.recomendadorImgFixed {\n    overflow: hidden;\n    padding: 8px 6px;\n    height: 100%;\n}\n\n.recomendadorImgFixed img {\n    height: 100% !important;\n    border-radius: 16px;\n}\n\n.recomendadorRightArea {\n    padding-top: 6px;\n    display: flex;\n    width: calc(100% - 130px);\n    justify-content: space-between;\n    align-items: center;\n    flex-direction: column;\n}\n\n.recomendadorButtonFixed {\n    margin: 0 auto;\n    background: #1D3557;\n    width: 80%;\n    text-align: center;\n    font-size: 10px;\n    color: #FFF;\n    padding: 2px 10px;\n    border-radius: 3px;\n}\n\n.recomendadorButtonFixed:after {\n    margin-top: -3px;\n    content: \"\u2192\";\n    padding: 0px 0px 0px 10px;\n}\n\n.recomendadorAlertFixed {\n    font-weight: 400;\n    text-align: center;\n    color: #484848;\n    font-size: 8px;\n}\n\n.recomendadorCloseFixed {\n    z-index: 99999;\n    display: none;\n    right: 0px;\n    left: inherit;\n    bottom: 99px;\n    position: fixed;\n    justify-content: center;\n    background: #F6F6F6;\n    width: 25px;\n    align-items: center;\n    height: 25px;\n    font-weight: 800;\n    border-radius: 50%;\n    border: 1px solid #EBEBEB;\n}\n\n.recomendadorV2Desc{\n    color: #000000;\n    margin: 20px 0px;\n}\n\n@media (max-width: 576px) {\n    .recomendadorV2Area {\n      padding: 10px;\n      max-width: 100%;\n    }\n  \n    .recomendadorV2Area1 img {\n      width: 100%;\n      border-radius: 6px;\n    }\n  \n    .recomendadorV2Area2 .recomendadorV2Type {\n      font-size: 9px;\n      letter-spacing: 1px;\n      margin: 8px 0;\n    }\n  \n    .recomendadorV2Title h2 {\n      font-size: 18px !important;\n      margin-bottom: 8px !important;\n      line-height: 1.2;\n    }\n  \n    .recomendadorV2Desc {\n      font-size: 14px;\n      margin: 8px 0 !important;\n      line-height: 1.4;\n    }\n  \n    .recomendadorV2Button {\n      font-size: 14px;\n      height: 40px;\n      padding: 0 12px;\n      max-width: 100%;\n      width: 100%;\n    }\n  \n    .recomendadorV2Button:after {\n      padding-left: 6px;\n    }\n  }\n  <\/style>\n        <div class=\"lazyblock-recomendador-v2-2jDGz wp-block-lazyblock-recomendador-v2\">\n        <a class=\"linkrecomendadorv2\" href=\"https:\/\/diariodocomercio.com.br\/mix\/saiba-quem-pode-tomar-a-vacina-contra-a-gripe-pelo-sus\/\">\n            <div class=\"recomendadorV2Area\">\n            <div class=\"recomendadorV2Area1\">\n                <div class=\"recomendadorV2Img\">\n                <img class=\"lazyloaded\" decoding=\"async\" src=\"https:\/\/diariodocomercio.com.br\/mix\/wp-content\/uploads\/2025\/05\/IMG_6484.jpg\" data-src=\"https:\/\/diariodocomercio.com.br\/mix\/wp-content\/uploads\/2025\/05\/IMG_6484.jpg\" alt=\"\">\n                <\/div>\n            <\/div>\n            <div class=\"recomendadorV2Area2\">\n                <div class=\"recomendadorV2Type\">\n                    <span>SA\u00daDE<\/span>\n                <\/div>\n                <div class=\"recomendadorV2Title\">\n                <h2><span>Saiba quem pode tomar a vacina contra a gripe pelo SUS<\/span><\/h2>\n                <\/div>\n                <div class=\"recomendadorV2Desc\">\n                <span>A vacina contra a gripe j\u00e1 est\u00e1 dispon\u00edvel para todas as pessoas a partir dos 6 meses de idade nas Unidades B\u00e1sicas de \u2026<\/span>\n                <\/div>\n                <div class=\"recomendadorV2Button\">Leia mais<\/div>\n                <div class=\"recomendadorV2Alert\"><\/div>\n            <\/div>\n            <\/div>\n        <\/a>\n        <div>\n            <div style=\"z-index:99999;\" id=\"buttonClose\" onclick=\"closeRecomendadorFixed()\">\n            <div class=\"recomendadorCloseFixed\">X<\/div>\n            <\/div>\n            <a href=\"https:\/\/diariodocomercio.com.br\/mix\/saiba-quem-pode-tomar-a-vacina-contra-a-gripe-pelo-sus\/\">\n            <div class=\"recomendadorFixedArea\">\n                <div id=\"recomendadorFixed\">\n                <div class=\"recomendadorLeftArea\">\n                    <div class=\"recomendadorImgFixed\">\n                    <img class=\"lazyload\" decoding=\"async\" src=\"https:\/\/diariodocomercio.com.br\/mix\/wp-content\/uploads\/2025\/05\/IMG_6484.jpg\" alt=\"\">\n                    <\/div>\n                <\/div>\n                <div class=\"recomendadorRightArea\">\n                    <div class=\"recomendadorTitleFixed\">\n                    <h2><span>Saiba quem pode tomar a vacina contra a gripe pelo SUS<\/span><\/h2>\n                    <\/div>\n                    <div class=\"recomendadorButtonFixed\">Leia mais<\/div>\n                    <div class=\"recomendadorAlertFixed\"><\/div>\n                <\/div>\n                <\/div>\n            <\/div>\n            <\/a>\n        <\/div>\n        <\/div>\n","protected":false},"excerpt":{"rendered":"<p>Em mais um passo a favor do respeito \u00e0 diversidade, o INSS reconhece o nome social de pessoas trans e travestis no seu cadastro.<\/p>\n","protected":false},"author":6,"featured_media":7517,"comment_status":"closed","ping_status":"closed","sticky":false,"template":"","format":"standard","meta":{"jnews-multi-image_gallery":[],"jnews_single_post":{"format":"standard"},"jnews_primary_category":[],"jnews_social_meta":[],"jnews_override_counter":[],"jnews_post_split":[],"footnotes":""},"categories":[1],"tags":[],"class_list":["post-7516","post","type-post","status-publish","format-standard","has-post-thumbnail","hentry","category-geral"],"_referencia":"","_links":{"self":[{"href":"https:\/\/diariodocomercio.com.br\/mix\/wp-json\/wp\/v2\/posts\/7516","targetHints":{"allow":["GET"]}}],"collection":[{"href":"https:\/\/diariodocomercio.com.br\/mix\/wp-json\/wp\/v2\/posts"}],"about":[{"href":"https:\/\/diariodocomercio.com.br\/mix\/wp-json\/wp\/v2\/types\/post"}],"author":[{"embeddable":true,"href":"https:\/\/diariodocomercio.com.br\/mix\/wp-json\/wp\/v2\/users\/6"}],"replies":[{"embeddable":true,"href":"https:\/\/diariodocomercio.com.br\/mix\/wp-json\/wp\/v2\/comments?post=7516"}],"version-history":[{"count":1,"href":"https:\/\/diariodocomercio.com.br\/mix\/wp-json\/wp\/v2\/posts\/7516\/revisions"}],"predecessor-version":[{"id":7518,"href":"https:\/\/diariodocomercio.com.br\/mix\/wp-json\/wp\/v2\/posts\/7516\/revisions\/7518"}],"wp:featuredmedia":[{"embeddable":true,"href":"https:\/\/diariodocomercio.com.br\/mix\/wp-json\/wp\/v2\/media\/7517"}],"wp:attachment":[{"href":"https:\/\/diariodocomercio.com.br\/mix\/wp-json\/wp\/v2\/media?parent=7516"}],"wp:term":[{"taxonomy":"category","embeddable":true,"href":"https:\/\/diariodocomercio.com.br\/mix\/wp-json\/wp\/v2\/categories?post=7516"},{"taxonomy":"post_tag","embeddable":true,"href":"https:\/\/diariodocomercio.com.br\/mix\/wp-json\/wp\/v2\/tags?post=7516"}],"curies":[{"name":"wp","href":"https:\/\/api.w.org\/{rel}","templated":true}]}}