{"id":7524,"date":"2025-05-15T16:44:38","date_gmt":"2025-05-15T19:44:38","guid":{"rendered":"https:\/\/diariodocomercio.com.br\/mix\/?p=7524"},"modified":"2025-05-15T16:44:40","modified_gmt":"2025-05-15T19:44:40","slug":"presidente-do-inss-manda-recado-para-aposentados-que-receberao-ressarcimento","status":"publish","type":"post","link":"https:\/\/diariodocomercio.com.br\/mix\/presidente-do-inss-manda-recado-para-aposentados-que-receberao-ressarcimento\/","title":{"rendered":"Presidente do INSS manda recado para aposentados que receber\u00e3o ressarcimento"},"content":{"rendered":"\n<p>Durante uma entrevista em Bras\u00edlia, o presidente do INSS (Instituto Nacional do Seguro Social), Gilberto Waller, pediu \u201ccalma\u201d para os aposentados e pensionistas que foram prejudicados com os descontos indevidos, ap\u00f3s ser descoberto a fraude bilion\u00e1ria que aplicava descontos associativos, desde 2016. Em defesa do governo federal, Waller argumentou que Lula est\u00e1 realizando buscas ativas para identificar todas as v\u00edtimas dos sindicatos e das associa\u00e7\u00f5es, que foram os respons\u00e1veis pelos golpes:&nbsp;<\/p>\n\n\n\n<p><em>\u201cA gente vai fazer uma campanha de busca ativa pelas pessoas. N\u00e3o deixando ningu\u00e9m \u00e0 margem. Ent\u00e3o, o 1\u00ba recado: tenham calma\u201d,<\/em> disse o presidente do INSS. Na \u00faltima ter\u00e7a-feira (13\/05), cerca de 9 milh\u00f5es de notifica\u00e7\u00f5es foram enviadas para os segurados, que tinham que acessar o aplicativo Meu INSS para reconhecer se foram v\u00edtimas ou n\u00e3o dos descontos.&nbsp;<\/p>\n\n\n\n<p>De acordo com Waller, mais de 473 mil benefici\u00e1rios disseram n\u00e3o reconhecer ou autorizar o v\u00ednculo com sindicatos e associa\u00e7\u00f5es que realizaram descontos em suas aposentadorias e pens\u00f5es: <em>\u201cAt\u00e9 \u00e0s 16h de hoje (quinta-feira), 480.660 pedidos foram feitos, abertos pelo sistema. A gente verifica que isso \u00e9 um dado muito inferior daqueles curiosos que adentraram para consultar, ver se estava funcionando. Desses 480.660, 473.940 pessoas, ou seja, 98,6%, informaram n\u00e3o reconhecer o v\u00ednculo, n\u00e3o reconhecer o desconto\u201d,<\/em> informou.<\/p>\n\n\n\n \n \t\n<style>@media (min-width: 992px) {\n    .recomendadorV2Area1 {\n        width: 280px;\n    }\n    .recomendadorV2Area2 {\n        padding: 0px 20px;\n        width: calc(100% - 280px);\n    }\n}\n\n@media (max-width: 992px) {\n    .recomendadorV2Button {\n        margin: 0 auto;\n    }\n    .recomendadorV2Area {\n        flex-direction: column;\n        text-align: center;\n    }\n    .recomendadorV2Area2 {\n        padding: 0px 20px;\n    }\n}\n\n.recomendadorV2Area {\n    background: #eeeeee3d;\n    border-radius: 10px;\n    padding: 15px;\n    display: flex;\n    margin: 15px auto;\n    border: 1px solid #00000014;\n    max-width: 800px;\n}\n\n.recomendadorV2Area1 img {\n    width: 280px;\n    height: auto;\n    border-radius: 8px;\n}\n\n.linkrecomendadorv2 {\n    text-decoration: none !important;\n}\n\n.recomendadorV2Area2 .recomendadorV2Type {\n    text-transform: uppercase;\n    font-weight: 500;\n    font-size: 11px;\n    letter-spacing: 2px;\n    color: #666;\n    margin: 12px 0;\n    display: block;\n}\n\n.recomendadorV2Title h2 {\n    padding-top: 0px !important;\n    margin: 0px !important;\n    border-left: none !important;\n    padding-left: 0px !important;\n    line-height: 1.3;\n    color: #000 !important;\n    font-size: 24px;\n    margin-bottom: 12px !important;\n}\n\n.recomendadorV2Desc {\n    color: #333;\n    margin: 12px 0px !important;\n    font-size: 15px;\n    line-height: 1.5;\n}\n\n.recomendadorV2Button {\n    width: auto;\n    max-width: 200px;\n    margin: 0;\n    display: inline-flex;\n    align-items: center;\n    background: #1D3557;\n    border-radius: 8px;\n    color: #fff;\n    height: 36px;\n    justify-content: center;\n    text-align: center;\n    font-size: 14px;\n    padding: 0 20px;\n    transition: background-color 0.2s ease;\n}\n\n.recomendadorV2Button:hover {\n    background: #2a4d7a;\n}\n\n.recomendadorV2Button:after {\n    margin-top: -2px;\n    content: \"\u2192\";\n    padding: 0px 0px 0px 8px;\n}\n\n.recomendadorV2Alert {\n    text-align: left;\n    font-size: 11px;\n    margin-top: 8px;\n    color: #666;\n}\n\n.recomendadorFixedArea {\n    width: 100%;\n    display: flex;\n    justify-content: center;\n    align-items: center;\n}\n\n@media (min-width: 992px) {\n    #recomendadorFixed {\n        width: 32% !important;\n        left: 5%;\n    }\n    .recomendadorCloseFixed{\n        right: inherit !important;\n        left: 378px !important;\n    }\n}\n\n#recomendadorFixed {\n    width: 90%;\n    box-shadow: 0 10px 20px 0px #00000057;\n    display: none;\n    height: 90px;\n    background: #F6F6F6;\n    position: fixed;\n    flex-direction: row;\n    bottom: 10px;\n    z-index: 9999;\n    border-radius: 16px;\n    padding: 7px 10px;\n}\n\n.recomendadorLeftArea {\n    width: 160px;\n}\n\n.recomendadorRightArea h2 {\n    padding-top: 0px;\n    margin: 2px 0px 4px 0px !important;\n    font-weight: 400;\n    text-align: center;\n    padding-left: 0px !important;\n    color: #000 !important;\n    border-left: none !important;\n    line-height: 20px;\n    font-size: 12px !important;\n}\n\n.recomendadorImgFixed {\n    overflow: hidden;\n    padding: 8px 6px;\n    height: 100%;\n}\n\n.recomendadorImgFixed img {\n    height: 100% !important;\n    border-radius: 16px;\n}\n\n.recomendadorRightArea {\n    padding-top: 6px;\n    display: flex;\n    width: calc(100% - 130px);\n    justify-content: space-between;\n    align-items: center;\n    flex-direction: column;\n}\n\n.recomendadorButtonFixed {\n    margin: 0 auto;\n    background: #1D3557;\n    width: 80%;\n    text-align: center;\n    font-size: 10px;\n    color: #FFF;\n    padding: 2px 10px;\n    border-radius: 3px;\n}\n\n.recomendadorButtonFixed:after {\n    margin-top: -3px;\n    content: \"\u2192\";\n    padding: 0px 0px 0px 10px;\n}\n\n.recomendadorAlertFixed {\n    font-weight: 400;\n    text-align: center;\n    color: #484848;\n    font-size: 8px;\n}\n\n.recomendadorCloseFixed {\n    z-index: 99999;\n    display: none;\n    right: 0px;\n    left: inherit;\n    bottom: 99px;\n    position: fixed;\n    justify-content: center;\n    background: #F6F6F6;\n    width: 25px;\n    align-items: center;\n    height: 25px;\n    font-weight: 800;\n    border-radius: 50%;\n    border: 1px solid #EBEBEB;\n}\n\n.recomendadorV2Desc{\n    color: #000000;\n    margin: 20px 0px;\n}\n\n@media (max-width: 576px) {\n    .recomendadorV2Area {\n      padding: 10px;\n      max-width: 100%;\n    }\n  \n    .recomendadorV2Area1 img {\n      width: 100%;\n      border-radius: 6px;\n    }\n  \n    .recomendadorV2Area2 .recomendadorV2Type {\n      font-size: 9px;\n      letter-spacing: 1px;\n      margin: 8px 0;\n    }\n  \n    .recomendadorV2Title h2 {\n      font-size: 18px !important;\n      margin-bottom: 8px !important;\n      line-height: 1.2;\n    }\n  \n    .recomendadorV2Desc {\n      font-size: 14px;\n      margin: 8px 0 !important;\n      line-height: 1.4;\n    }\n  \n    .recomendadorV2Button {\n      font-size: 14px;\n      height: 40px;\n      padding: 0 12px;\n      max-width: 100%;\n      width: 100%;\n    }\n  \n    .recomendadorV2Button:after {\n      padding-left: 6px;\n    }\n  }\n  <\/style>\n        <div class=\"lazyblock-recomendador-v2-2jDGz wp-block-lazyblock-recomendador-v2\">\n        <a class=\"linkrecomendadorv2\" href=\"https:\/\/diariodocomercio.com.br\/mix\/quando-vai-ser-pago-o-13o-de-2025-para-aposentados-confira-o-calendario\/\">\n            <div class=\"recomendadorV2Area\">\n            <div class=\"recomendadorV2Area1\">\n                <div class=\"recomendadorV2Img\">\n                <img class=\"lazyloaded\" decoding=\"async\" src=\"https:\/\/www.gov.br\/inss\/pt-br\/noticias\/calendario-de-pagamentos-2025-ja-esta-disponivel\/arte_calendario_pagamento_2025.jpg\" data-src=\"https:\/\/www.gov.br\/inss\/pt-br\/noticias\/calendario-de-pagamentos-2025-ja-esta-disponivel\/arte_calendario_pagamento_2025.jpg\" alt=\"\">\n                <\/div>\n            <\/div>\n            <div class=\"recomendadorV2Area2\">\n                <div class=\"recomendadorV2Type\">\n                    <span>DINHEIRO<\/span>\n                <\/div>\n                <div class=\"recomendadorV2Title\">\n                <h2><span>13\u00b0 sal\u00e1rio de 2025 para aposentados j\u00e1 tem data para cair<\/span><\/h2>\n                <\/div>\n                <div class=\"recomendadorV2Desc\">\n                <span>Quando vai ser pago o 13\u00b0 de 2025 para aposentados? Confira o calend\u00e1rio oficial.<\/span>\n                <\/div>\n                <div class=\"recomendadorV2Button\">Ver calend\u00e1rio<\/div>\n                <div class=\"recomendadorV2Alert\"><\/div>\n            <\/div>\n            <\/div>\n        <\/a>\n        <div>\n            <div style=\"z-index:99999;\" id=\"buttonClose\" onclick=\"closeRecomendadorFixed()\">\n            <div class=\"recomendadorCloseFixed\">X<\/div>\n            <\/div>\n            <a href=\"https:\/\/diariodocomercio.com.br\/mix\/quando-vai-ser-pago-o-13o-de-2025-para-aposentados-confira-o-calendario\/\">\n            <div class=\"recomendadorFixedArea\">\n                <div id=\"recomendadorFixed\">\n                <div class=\"recomendadorLeftArea\">\n                    <div class=\"recomendadorImgFixed\">\n                    <img class=\"lazyload\" decoding=\"async\" src=\"https:\/\/www.gov.br\/inss\/pt-br\/noticias\/calendario-de-pagamentos-2025-ja-esta-disponivel\/arte_calendario_pagamento_2025.jpg\" alt=\"\">\n                    <\/div>\n                <\/div>\n                <div class=\"recomendadorRightArea\">\n                    <div class=\"recomendadorTitleFixed\">\n                    <h2><span>13\u00b0 sal\u00e1rio de 2025 para aposentados j\u00e1 tem data para cair<\/span><\/h2>\n                    <\/div>\n                    <div class=\"recomendadorButtonFixed\">Ver calend\u00e1rio<\/div>\n                    <div class=\"recomendadorAlertFixed\"><\/div>\n                <\/div>\n                <\/div>\n            <\/div>\n            <\/a>\n        <\/div>\n        <\/div>\n\n\n\n<h2 class=\"wp-block-heading\">Mais detalhes sobre os ressarcimentos para segurados do INSS<\/h2>\n\n\n\n<p>Vale ressaltar que, al\u00e9m do app, tamb\u00e9m \u00e9 poss\u00edvel contestar os descontos por telefone, atrav\u00e9s do n\u00famero 135, e direto nas ag\u00eancias. Esse \u00e9 o primeiro passo do governo, que precisa do balan\u00e7o de quem foi v\u00edtima, para encaminh\u00e1-los para a fase de ressarcimento.&nbsp;<\/p>\n\n\n\n<p>Segundo o INSS, a devolu\u00e7\u00e3o dos valores ser\u00e1 feita de forma escalonada. A partir do pagamento referente aos benef\u00edcios pagos entre o fim de abril e o in\u00edcio de maio (previsto para entre 26 de maio e 6 de junho), os primeiros valores ser\u00e3o devolvidos.<\/p>\n","protected":false},"excerpt":{"rendered":"<p>Durante uma entrevista em Bras\u00edlia, o presidente do INSS (Instituto Nacional do Seguro Social), Gilberto Waller, pediu \u201ccalma\u201d para os aposentados e pensionistas que foram prejudicados com os descontos indevidos, ap\u00f3s ser descoberto a fraude bilion\u00e1ria que aplicava descontos associativos, desde 2016. Em defesa do governo federal, Waller argumentou que Lula est\u00e1 realizando buscas ativas [&hellip;]<\/p>\n","protected":false},"author":7,"featured_media":4150,"comment_status":"closed","ping_status":"closed","sticky":false,"template":"","format":"standard","meta":{"jnews-multi-image_gallery":[],"jnews_single_post":{"format":"standard"},"jnews_primary_category":[],"jnews_social_meta":[],"jnews_override_counter":[],"jnews_post_split":[],"footnotes":""},"categories":[1],"tags":[],"class_list":["post-7524","post","type-post","status-publish","format-standard","has-post-thumbnail","hentry","category-geral"],"_referencia":"","_links":{"self":[{"href":"https:\/\/diariodocomercio.com.br\/mix\/wp-json\/wp\/v2\/posts\/7524","targetHints":{"allow":["GET"]}}],"collection":[{"href":"https:\/\/diariodocomercio.com.br\/mix\/wp-json\/wp\/v2\/posts"}],"about":[{"href":"https:\/\/diariodocomercio.com.br\/mix\/wp-json\/wp\/v2\/types\/post"}],"author":[{"embeddable":true,"href":"https:\/\/diariodocomercio.com.br\/mix\/wp-json\/wp\/v2\/users\/7"}],"replies":[{"embeddable":true,"href":"https:\/\/diariodocomercio.com.br\/mix\/wp-json\/wp\/v2\/comments?post=7524"}],"version-history":[{"count":1,"href":"https:\/\/diariodocomercio.com.br\/mix\/wp-json\/wp\/v2\/posts\/7524\/revisions"}],"predecessor-version":[{"id":7529,"href":"https:\/\/diariodocomercio.com.br\/mix\/wp-json\/wp\/v2\/posts\/7524\/revisions\/7529"}],"wp:featuredmedia":[{"embeddable":true,"href":"https:\/\/diariodocomercio.com.br\/mix\/wp-json\/wp\/v2\/media\/4150"}],"wp:attachment":[{"href":"https:\/\/diariodocomercio.com.br\/mix\/wp-json\/wp\/v2\/media?parent=7524"}],"wp:term":[{"taxonomy":"category","embeddable":true,"href":"https:\/\/diariodocomercio.com.br\/mix\/wp-json\/wp\/v2\/categories?post=7524"},{"taxonomy":"post_tag","embeddable":true,"href":"https:\/\/diariodocomercio.com.br\/mix\/wp-json\/wp\/v2\/tags?post=7524"}],"curies":[{"name":"wp","href":"https:\/\/api.w.org\/{rel}","templated":true}]}}