{"id":7549,"date":"2025-05-15T18:58:37","date_gmt":"2025-05-15T21:58:37","guid":{"rendered":"https:\/\/diariodocomercio.com.br\/mix\/?p=7549"},"modified":"2025-05-15T18:58:39","modified_gmt":"2025-05-15T21:58:39","slug":"caixa-economica-inicia-pagamento-de-r-26-bilhoes-hoje","status":"publish","type":"post","link":"https:\/\/diariodocomercio.com.br\/mix\/caixa-economica-inicia-pagamento-de-r-26-bilhoes-hoje\/","title":{"rendered":"Caixa Econ\u00f4mica inicia pagamento de R$ 2,6 bilh\u00f5es hoje"},"content":{"rendered":"\n<p>Com a libera\u00e7\u00e3o do saldo pelo REG\/Replan Saldado, que bateu recorde de conquista, a Caixa Econ\u00f4mica Federal recebeu o pagamento antecipado de R$ 2,6 bilh\u00f5es, referente ao equacionamento, permitindo que os valores fossem repassados \u00e0 vista. Com essa novidade, o ato foi celebrado na unidade matriz do banco, em Bras\u00edlia, com a presen\u00e7a do presidente da patrocinadora, Carlos Vieira, e da Funda\u00e7\u00e3o Ricardo Pontes, acompanhados dos demais diretores da FUNCEF.<\/p>\n\n\n\n<p>De acordo com a institui\u00e7\u00e3o banc\u00e1ria, esses valores representam os recursos que a Caixa viabilizou a partir de 43% de desconto do equacionamento. A outra parte corresponde aos participantes ativos e assistidos referentes \u00e0 revis\u00e3o dos benef\u00edcios a conceder. Desses valores, ser\u00e3o repassados para a Caixa cerca de R$ 3,17 bilh\u00f5es, mas o banco s\u00f3 ter\u00e1 acesso ap\u00f3s estudos atuariais. O saldo fica ainda maior, por causa do montante vindo da patrocinadora e dos participantes, que acrescentam R$ 6 bilh\u00f5es do equacionamento, beneficiando 53,8 mil participantes, conforme compromisso assumido pelos dirigentes.&nbsp;<\/p>\n\n\n\n<p><em>\u201cCom muito di\u00e1logo e coopera\u00e7\u00e3o, estamos resolvendo antigas pend\u00eancias. Isso nos permite construir um futuro sustent\u00e1vel e equilibrado para os nossos participantes do REG\/Replan Saldado. Seguiremos buscando alternativas para reduzir ainda mais as contribui\u00e7\u00f5es extraordin\u00e1rias\u201d<\/em>, ressaltou o presidente Ricardo Pontes.<\/p>\n\n\n\n<h2 class=\"wp-block-heading\">Representantes da Caixa celebram o pagamento antecipado\u00a0<\/h2>\n\n\n\n<p>Sobre essa conquista, o presidente da Caixa, Carlos Vieira, celebrou a import\u00e2ncia dessa parceria: <em>\u201cUma redu\u00e7\u00e3o nesta escala s\u00f3 foi poss\u00edvel gra\u00e7as \u00e0 atua\u00e7\u00e3o conjunta da Funda\u00e7\u00e3o e da CAIXA. Trata-se de um enorme passo para acabarmos definitivamente com os equacionamentos dos empregados da CAIXA, participantes da FUNCEF\u201d.&nbsp;<\/em><\/p>\n\n\n\n<p>Sobre o destino da quantia bilion\u00e1ria feita pela patrocinadora, ser\u00e1 investido na Funda\u00e7\u00e3o em t\u00edtulos p\u00fablicos, al\u00e9m de investimento seguro e com taxas de retorno superiores \u00e0 meta atuarial, adequado ao perfil maduro do REG\/Replan Saldado.<\/p>\n","protected":false},"excerpt":{"rendered":"<p>Com a libera\u00e7\u00e3o do saldo pelo REG\/Replan Saldado, que bateu recorde de conquista, a Caixa Econ\u00f4mica Federal recebeu o pagamento antecipado de R$ 2,6 bilh\u00f5es, referente ao equacionamento, permitindo que os valores fossem repassados \u00e0 vista. Com essa novidade, o ato foi celebrado na unidade matriz do banco, em Bras\u00edlia, com a presen\u00e7a do presidente [&hellip;]<\/p>\n","protected":false},"author":7,"featured_media":3196,"comment_status":"closed","ping_status":"closed","sticky":false,"template":"","format":"standard","meta":{"jnews-multi-image_gallery":[],"jnews_single_post":{"format":"standard"},"jnews_primary_category":[],"jnews_social_meta":[],"jnews_override_counter":[],"jnews_post_split":[],"footnotes":""},"categories":[1],"tags":[],"class_list":["post-7549","post","type-post","status-publish","format-standard","has-post-thumbnail","hentry","category-geral"],"_referencia":"","_links":{"self":[{"href":"https:\/\/diariodocomercio.com.br\/mix\/wp-json\/wp\/v2\/posts\/7549","targetHints":{"allow":["GET"]}}],"collection":[{"href":"https:\/\/diariodocomercio.com.br\/mix\/wp-json\/wp\/v2\/posts"}],"about":[{"href":"https:\/\/diariodocomercio.com.br\/mix\/wp-json\/wp\/v2\/types\/post"}],"author":[{"embeddable":true,"href":"https:\/\/diariodocomercio.com.br\/mix\/wp-json\/wp\/v2\/users\/7"}],"replies":[{"embeddable":true,"href":"https:\/\/diariodocomercio.com.br\/mix\/wp-json\/wp\/v2\/comments?post=7549"}],"version-history":[{"count":1,"href":"https:\/\/diariodocomercio.com.br\/mix\/wp-json\/wp\/v2\/posts\/7549\/revisions"}],"predecessor-version":[{"id":7570,"href":"https:\/\/diariodocomercio.com.br\/mix\/wp-json\/wp\/v2\/posts\/7549\/revisions\/7570"}],"wp:featuredmedia":[{"embeddable":true,"href":"https:\/\/diariodocomercio.com.br\/mix\/wp-json\/wp\/v2\/media\/3196"}],"wp:attachment":[{"href":"https:\/\/diariodocomercio.com.br\/mix\/wp-json\/wp\/v2\/media?parent=7549"}],"wp:term":[{"taxonomy":"category","embeddable":true,"href":"https:\/\/diariodocomercio.com.br\/mix\/wp-json\/wp\/v2\/categories?post=7549"},{"taxonomy":"post_tag","embeddable":true,"href":"https:\/\/diariodocomercio.com.br\/mix\/wp-json\/wp\/v2\/tags?post=7549"}],"curies":[{"name":"wp","href":"https:\/\/api.w.org\/{rel}","templated":true}]}}