{"id":7550,"date":"2025-05-15T17:56:02","date_gmt":"2025-05-15T20:56:02","guid":{"rendered":"https:\/\/diariodocomercio.com.br\/mix\/?p=7550"},"modified":"2025-05-15T17:57:16","modified_gmt":"2025-05-15T20:57:16","slug":"prefeitura-abre-concurso-publico-e-vai-pagar-r-89-mil-por-mes","status":"publish","type":"post","link":"https:\/\/diariodocomercio.com.br\/mix\/prefeitura-abre-concurso-publico-e-vai-pagar-r-89-mil-por-mes\/","title":{"rendered":"Prefeitura abre concurso p\u00fablico e vai pagar R$ 8,9 mil por m\u00eas"},"content":{"rendered":"\n<p>A Prefeitura de Santana de Parna\u00edba, na Grande S\u00e3o Paulo, abriu concurso p\u00fablico com 53 vagas para cargos de n\u00edveis fundamental, m\u00e9dio e superior. Os sal\u00e1rios chegam a R$ 8.991,47, al\u00e9m de vale-alimenta\u00e7\u00e3o de R$ 418,00. A jornada varia de 30 a 40 horas semanais.<\/p>\n\n\n\n<p>As inscri\u00e7\u00f5es podem ser feitas at\u00e9 o dia 15 de maio de 2025 pelo site da banca organizadora, a <a href=\"https:\/\/www.msconcursos.com.br\/concurso\/1266842\/concurso-pblico-prefeitura-municipal-de-santana-de-parnaba-sp-edital-n-01-2025-opo-ii\" target=\"_blank\" rel=\"noopener\"><strong>MS Concursos<\/strong><\/a>. A taxa de inscri\u00e7\u00e3o \u00e9 de R$ 32,52.<\/p>\n\n\n\n<p>As fun\u00e7\u00f5es dispon\u00edveis v\u00e3o desde Agente de Servi\u00e7os P\u00fablicos (com 11 vagas) e Auxiliar de Farm\u00e1cia (6 vagas), at\u00e9 cargos de alta qualifica\u00e7\u00e3o, como Engenheiro Civil, Fonoaudi\u00f3logo, Psic\u00f3logo, Nutricionista, Professor de Dan\u00e7a (Jazz) e Terapeuta Ocupacional (6 vagas). O edital tamb\u00e9m prev\u00ea vagas reservadas para Pessoas com Defici\u00eancia (PCD) e a\u00e7\u00f5es afirmativas.<\/p>\n\n\n\n<h2 class=\"wp-block-heading\"><strong>Provas em junho e diversas etapas de sele\u00e7\u00e3o<\/strong><\/h2>\n\n\n\n<p>A organiza\u00e7\u00e3o do concurso tamb\u00e9m oferece isen\u00e7\u00e3o da taxa de inscri\u00e7\u00e3o para candidatos que se enquadram nos crit\u00e9rios sociais estabelecidos no edital. Os pedidos de isen\u00e7\u00e3o puderam ser feitos entre os dias 16 e 23 de abril, e o candidato deve estar atento a todas as etapas no site da MS Concursos. Para quem busca estabilidade, bons sal\u00e1rios e benef\u00edcios, essa pode ser uma excelente oportunidade de carreira no setor p\u00fablico.<\/p>\n\n\n\n<p>O processo seletivo ser\u00e1 composto por prova objetiva para todos os cargos, marcada para o dia 15 de junho de 2025. O conte\u00fado das provas varia conforme a fun\u00e7\u00e3o, mas inclui l\u00edngua portuguesa, matem\u00e1tica, legisla\u00e7\u00e3o municipal, conhecimentos gerais e espec\u00edficos. Candidatos a cargos espec\u00edficos tamb\u00e9m passar\u00e3o por etapas adicionais, como prova pr\u00e1tica, teste de aptid\u00e3o f\u00edsica, avalia\u00e7\u00e3o psicol\u00f3gica, prova de t\u00edtulos e comprova\u00e7\u00e3o de tempo de experi\u00eancia.<\/p>\n\n\n\n<p>A jornada de trabalho varia entre 30 e 40 horas semanais, e os sal\u00e1rios partem de R$ 1.572,20, podendo chegar a quase R$ 9 mil, dependendo da fun\u00e7\u00e3o. O concurso ter\u00e1 validade de dois anos a partir da homologa\u00e7\u00e3o do resultado final, com possibilidade de prorroga\u00e7\u00e3o por mais dois anos.<\/p>\n\n\n\n<p>O concurso ter\u00e1 validade de dois anos, contados a partir da homologa\u00e7\u00e3o do resultado final, podendo ser prorrogado por igual per\u00edodo. O edital completo est\u00e1 dispon\u00edvel no site da prefeitura e da organizadora do certame.<\/p>\n","protected":false},"excerpt":{"rendered":"<p>A Prefeitura de Santana de Parna\u00edba, na Grande S\u00e3o Paulo, abriu concurso p\u00fablico com 53 vagas para cargos de n\u00edveis fundamental, m\u00e9dio e superior. Os sal\u00e1rios chegam a R$ 8.991,47, al\u00e9m de vale-alimenta\u00e7\u00e3o de R$ 418,00. A jornada varia de 30 a 40 horas semanais. As inscri\u00e7\u00f5es podem ser feitas at\u00e9 o dia 15 de [&hellip;]<\/p>\n","protected":false},"author":9,"featured_media":5475,"comment_status":"closed","ping_status":"closed","sticky":false,"template":"","format":"standard","meta":{"jnews-multi-image_gallery":[],"jnews_single_post":{"format":"standard"},"jnews_primary_category":[],"jnews_social_meta":[],"jnews_override_counter":[],"jnews_post_split":[],"footnotes":""},"categories":[1],"tags":[],"class_list":["post-7550","post","type-post","status-publish","format-standard","has-post-thumbnail","hentry","category-geral"],"_referencia":"","_links":{"self":[{"href":"https:\/\/diariodocomercio.com.br\/mix\/wp-json\/wp\/v2\/posts\/7550","targetHints":{"allow":["GET"]}}],"collection":[{"href":"https:\/\/diariodocomercio.com.br\/mix\/wp-json\/wp\/v2\/posts"}],"about":[{"href":"https:\/\/diariodocomercio.com.br\/mix\/wp-json\/wp\/v2\/types\/post"}],"author":[{"embeddable":true,"href":"https:\/\/diariodocomercio.com.br\/mix\/wp-json\/wp\/v2\/users\/9"}],"replies":[{"embeddable":true,"href":"https:\/\/diariodocomercio.com.br\/mix\/wp-json\/wp\/v2\/comments?post=7550"}],"version-history":[{"count":4,"href":"https:\/\/diariodocomercio.com.br\/mix\/wp-json\/wp\/v2\/posts\/7550\/revisions"}],"predecessor-version":[{"id":7556,"href":"https:\/\/diariodocomercio.com.br\/mix\/wp-json\/wp\/v2\/posts\/7550\/revisions\/7556"}],"wp:featuredmedia":[{"embeddable":true,"href":"https:\/\/diariodocomercio.com.br\/mix\/wp-json\/wp\/v2\/media\/5475"}],"wp:attachment":[{"href":"https:\/\/diariodocomercio.com.br\/mix\/wp-json\/wp\/v2\/media?parent=7550"}],"wp:term":[{"taxonomy":"category","embeddable":true,"href":"https:\/\/diariodocomercio.com.br\/mix\/wp-json\/wp\/v2\/categories?post=7550"},{"taxonomy":"post_tag","embeddable":true,"href":"https:\/\/diariodocomercio.com.br\/mix\/wp-json\/wp\/v2\/tags?post=7550"}],"curies":[{"name":"wp","href":"https:\/\/api.w.org\/{rel}","templated":true}]}}