{"id":7557,"date":"2025-05-15T18:13:09","date_gmt":"2025-05-15T21:13:09","guid":{"rendered":"https:\/\/diariodocomercio.com.br\/mix\/?p=7557"},"modified":"2025-05-15T18:13:12","modified_gmt":"2025-05-15T21:13:12","slug":"quem-recebe-beneficio-do-inss-desde-2002-podera-solicitar-aumento","status":"publish","type":"post","link":"https:\/\/diariodocomercio.com.br\/mix\/quem-recebe-beneficio-do-inss-desde-2002-podera-solicitar-aumento\/","title":{"rendered":"Quem recebe benef\u00edcio do INSS desde 2002 poder\u00e1 solicitar aumento"},"content":{"rendered":"\n<p>O Instituto Nacional do Seguro Social (INSS) iniciou a revis\u00e3o de benef\u00edcios previdenci\u00e1rios concedidos entre abril de 2002 e outubro de 2009, com o objetivo de corrigir erros de c\u00e1lculo que afetaram aposentadorias por invalidez, aux\u00edlios-doen\u00e7a e pens\u00f5es por morte. A a\u00e7\u00e3o, conhecida como Revis\u00e3o do Artigo 29 II, \u00e9 resultado de uma A\u00e7\u00e3o Civil P\u00fablica movida na Justi\u00e7a Federal e tem o prop\u00f3sito de assegurar que os segurados recebam os valores corretos.<\/p>\n\n\n\n<p>A revis\u00e3o ser\u00e1 aplicada a cerca de 142 mil benef\u00edcios remanescentes que n\u00e3o puderam ser processados automaticamente nos anos anteriores. Segundo o INSS, os benef\u00edcios ativos ser\u00e3o revisados at\u00e9 31 de mar\u00e7o de 2025, com pagamentos realizados at\u00e9 31 de maio do mesmo ano. J\u00e1 os benef\u00edcios que foram encerrados ou convertidos ser\u00e3o analisados e pagos at\u00e9 31 de dezembro de 2025.<\/p>\n\n\n\n<h2 class=\"wp-block-heading\"><strong>Quem tem direito e como verificar<\/strong><\/h2>\n\n\n\n<p>T\u00eam direito \u00e0 revis\u00e3o apenas os segurados cujos benef\u00edcios foram concedidos entre 17 de abril de 2002 e 29 de outubro de 2009 e que se enquadram nos crit\u00e9rios da decis\u00e3o judicial. Isso inclui benef\u00edcios por incapacidade (como aposentadoria por invalidez e aux\u00edlio-doen\u00e7a) e pens\u00f5es por morte. N\u00e3o \u00e9 poss\u00edvel solicitar a revis\u00e3o espontaneamente, pois o processo \u00e9 exclusivo para os casos determinados pela Justi\u00e7a.<\/p>\n\n\n\n<p>Os benefici\u00e1rios podem consultar se ser\u00e3o contemplados pela revis\u00e3o por meio do site ou aplicativo <strong><a href=\"http:\/\/meu.inss.gov.br\/\" target=\"_blank\" rel=\"noopener\">Meu INSS<\/a>.<\/strong> Ap\u00f3s o login com CPF e senha do portal <a href=\"https:\/\/gov.br\/\" target=\"_blank\" rel=\"noopener\"><strong>gov.br<\/strong><\/a>, basta digitar &#8220;revis\u00e3o&#8221; na barra de busca e acessar a se\u00e7\u00e3o &#8220;Hist\u00f3rico de Cr\u00e9dito de Benef\u00edcio&#8221;. Se houver valores a receber, o pagamento ser\u00e1 feito automaticamente na conta banc\u00e1ria vinculada ao benef\u00edcio, sem necessidade de novo pedido ou documenta\u00e7\u00e3o adicional.<\/p>\n\n\n\n<h2 class=\"wp-block-heading\"><strong>Entenda o erro no c\u00e1lculo<\/strong><\/h2>\n\n\n\n<p>O erro ocorreu porque, at\u00e9 2009, o INSS aplicava a m\u00e9dia de 100% de todos os sal\u00e1rios de contribui\u00e7\u00e3o, mesmo quando o segurado n\u00e3o possu\u00eda 60% do tempo de contribui\u00e7\u00e3o previsto. A justi\u00e7a determinou que o c\u00e1lculo correto deveria excluir os 20% menores sal\u00e1rios, aplicando a regra do Artigo 29, inciso II, da Lei 8.213\/91, que define como base os 80% maiores sal\u00e1rios de contribui\u00e7\u00e3o.<\/p>\n\n\n\n<p>Com a publica\u00e7\u00e3o do Decreto 6.939\/2009, essa regra passou a ser aplicada corretamente, mas os benef\u00edcios concedidos anteriormente ainda estavam com os valores defasados. Agora, o INSS realiza esse ajuste para garantir a corre\u00e7\u00e3o dos valores pagos retroativamente, corrigidos pela infla\u00e7\u00e3o, refor\u00e7ando o compromisso com a justi\u00e7a social e a transpar\u00eancia no sistema previdenci\u00e1rio.<\/p>\n","protected":false},"excerpt":{"rendered":"<p>O Instituto Nacional do Seguro Social (INSS) iniciou a revis\u00e3o de benef\u00edcios previdenci\u00e1rios concedidos entre abril de 2002 e outubro de 2009, com o objetivo de corrigir erros de c\u00e1lculo que afetaram aposentadorias por invalidez, aux\u00edlios-doen\u00e7a e pens\u00f5es por morte. A a\u00e7\u00e3o, conhecida como Revis\u00e3o do Artigo 29 II, \u00e9 resultado de uma A\u00e7\u00e3o Civil [&hellip;]<\/p>\n","protected":false},"author":9,"featured_media":5556,"comment_status":"closed","ping_status":"closed","sticky":false,"template":"","format":"standard","meta":{"jnews-multi-image_gallery":[],"jnews_single_post":{"format":"standard"},"jnews_primary_category":[],"jnews_social_meta":[],"jnews_override_counter":[],"jnews_post_split":[],"footnotes":""},"categories":[1],"tags":[],"class_list":["post-7557","post","type-post","status-publish","format-standard","has-post-thumbnail","hentry","category-geral"],"_referencia":"","_links":{"self":[{"href":"https:\/\/diariodocomercio.com.br\/mix\/wp-json\/wp\/v2\/posts\/7557","targetHints":{"allow":["GET"]}}],"collection":[{"href":"https:\/\/diariodocomercio.com.br\/mix\/wp-json\/wp\/v2\/posts"}],"about":[{"href":"https:\/\/diariodocomercio.com.br\/mix\/wp-json\/wp\/v2\/types\/post"}],"author":[{"embeddable":true,"href":"https:\/\/diariodocomercio.com.br\/mix\/wp-json\/wp\/v2\/users\/9"}],"replies":[{"embeddable":true,"href":"https:\/\/diariodocomercio.com.br\/mix\/wp-json\/wp\/v2\/comments?post=7557"}],"version-history":[{"count":1,"href":"https:\/\/diariodocomercio.com.br\/mix\/wp-json\/wp\/v2\/posts\/7557\/revisions"}],"predecessor-version":[{"id":7558,"href":"https:\/\/diariodocomercio.com.br\/mix\/wp-json\/wp\/v2\/posts\/7557\/revisions\/7558"}],"wp:featuredmedia":[{"embeddable":true,"href":"https:\/\/diariodocomercio.com.br\/mix\/wp-json\/wp\/v2\/media\/5556"}],"wp:attachment":[{"href":"https:\/\/diariodocomercio.com.br\/mix\/wp-json\/wp\/v2\/media?parent=7557"}],"wp:term":[{"taxonomy":"category","embeddable":true,"href":"https:\/\/diariodocomercio.com.br\/mix\/wp-json\/wp\/v2\/categories?post=7557"},{"taxonomy":"post_tag","embeddable":true,"href":"https:\/\/diariodocomercio.com.br\/mix\/wp-json\/wp\/v2\/tags?post=7557"}],"curies":[{"name":"wp","href":"https:\/\/api.w.org\/{rel}","templated":true}]}}