{"id":7559,"date":"2025-05-15T18:25:04","date_gmt":"2025-05-15T21:25:04","guid":{"rendered":"https:\/\/diariodocomercio.com.br\/mix\/?p=7559"},"modified":"2025-05-15T18:26:22","modified_gmt":"2025-05-15T21:26:22","slug":"vladimir-putin-e-zelensky-desistem-de-encontro-pela-paz-entre-russia-e-ucrania","status":"publish","type":"post","link":"https:\/\/diariodocomercio.com.br\/mix\/vladimir-putin-e-zelensky-desistem-de-encontro-pela-paz-entre-russia-e-ucrania\/","title":{"rendered":"Vladimir Putin e Zelensky desistem de encontro pela paz entre R\u00fassia e Ucr\u00e2nia"},"content":{"rendered":"\n<p>A aguardada rodada de negocia\u00e7\u00f5es entre R\u00fassia e Ucr\u00e2nia, marcada para esta quinta-feira (15) em Istambul, fracassou antes mesmo de come\u00e7ar. O presidente ucraniano, Volodymyr Zelensky, cancelou sua ida ap\u00f3s o Kremlin confirmar que Vladimir Putin n\u00e3o participaria do encontro. A aus\u00eancia dos dois principais l\u00edderes do conflito reduziu as expectativas de avan\u00e7o nas conversas por um cessar-fogo de 30 dias, proposto pela Turquia e apoiado por pot\u00eancias ocidentais.<\/p>\n\n\n\n<p>Zelensky chegou a se reunir com o presidente turco, Recep Tayyip Erdogan, em Ancara, onde discutiu temas como garantias de seguran\u00e7a, reconstru\u00e7\u00e3o da Ucr\u00e2nia e a retirada de minas mar\u00edtimas. Em mensagem publicada nas redes sociais, ele agradeceu o apoio da Turquia, mas criticou a R\u00fassia por enviar uma delega\u00e7\u00e3o de \u201cbaixo escal\u00e3o\u201d, chefiada pelo assessor presidencial Vladimir Medinsky. <\/p>\n\n\n\n<blockquote class=\"wp-block-quote is-layout-flow wp-block-quote-is-layout-flow\">\n<p>\u201cMais uma vez, Moscou mostra que n\u00e3o quer acabar com a guerra\u201d, afirmou.<\/p>\n<cite>Volodymyr Zelensky<\/cite><\/blockquote>\n\n\n\n<figure class=\"wp-block-embed is-type-video is-provider-youtube wp-block-embed-youtube wp-embed-aspect-16-9 wp-has-aspect-ratio\"><div class=\"wp-block-embed__wrapper\">\n<div class=\"jeg_video_container jeg_video_content\"><iframe loading=\"lazy\" title=\"Zelensky: Russian delegation to peace talks \u2018decorative\u2019\" width=\"500\" height=\"281\" src=\"https:\/\/www.youtube.com\/embed\/U4JQb-nRwqo?feature=oembed\" frameborder=\"0\" allow=\"accelerometer; autoplay; clipboard-write; encrypted-media; gyroscope; picture-in-picture; web-share\" referrerpolicy=\"strict-origin-when-cross-origin\" allowfullscreen><\/iframe><\/div>\n<\/div><figcaption class=\"wp-element-caption\">Discurso de Zelensky ao chegar na T\u00farquia (Reprodu\u00e7\u00e3o\/Youtube\/Washington Post)<\/figcaption><\/figure>\n\n\n\n<h2 class=\"wp-block-heading\"><strong>Negocia\u00e7\u00f5es esvaziadas e impasse pol\u00edtico internacional<\/strong><\/h2>\n\n\n\n<p>Enquanto cerca de 200 jornalistas aguardavam diante do Pal\u00e1cio Dolmabah\u00e7e, em Istambul, a reuni\u00e3o foi adiada para sexta-feira, aumentando a incerteza sobre o futuro das tratativas. A expectativa de uma reuni\u00e3o trilateral com Donald Trump, que sugeriu sua presen\u00e7a caso Putin participasse, tamb\u00e9m n\u00e3o se concretizou. <em>&#8220;Nada vai acontecer at\u00e9 que Putin e eu estejamos juntos&#8221;<\/em>, declarou o presidente dos EUA, refor\u00e7ando o impasse diplom\u00e1tico.<\/p>\n\n\n\n<p>Autoridades americanas, como o secret\u00e1rio de Estado Marco Rubio, chegaram \u00e0 Turquia para participar de encontros paralelos com delega\u00e7\u00f5es da Otan e da Ucr\u00e2nia. Apesar disso, o governo dos EUA indicou que uma resolu\u00e7\u00e3o efetiva s\u00f3 ser\u00e1 poss\u00edvel com a presen\u00e7a de Putin e Trump nas negocia\u00e7\u00f5es. A proposta de cessar-fogo ganhou for\u00e7a ap\u00f3s press\u00f5es de pa\u00edses europeus, como Fran\u00e7a, Alemanha e Reino Unido, que amea\u00e7aram novas san\u00e7\u00f5es caso Moscou n\u00e3o aceitasse os termos.<\/p>\n\n\n\n<h2 class=\"wp-block-heading\"><strong>Frustra\u00e7\u00e3o e desconfian\u00e7a marcam mais uma tentativa frustrada de paz<\/strong><\/h2>\n\n\n\n<p>A proposta de di\u00e1logo direto entre os chefes de Estado foi inicialmente levantada pelo pr\u00f3prio Putin, mas sua recusa de \u00faltima hora em comparecer minou a confian\u00e7a de Kiev. Zelensky, por sua vez, destacou que estava disposto a negociar pessoalmente, mas apenas se Putin estivesse presente. <\/p>\n\n\n\n<blockquote class=\"wp-block-quote is-layout-flow wp-block-quote-is-layout-flow\">\n<p>\u201cN\u00e3o faz sentido prolongar os assassinatos. Eu o esperaria na Turquia. Pessoalmente\u201d, declarou.<\/p>\n<\/blockquote>\n\n\n\n<p>A \u00faltima reuni\u00e3o entre Putin e Zelensky ocorreu em dezembro de 2019, e desde ent\u00e3o, as conversas diretas foram interrompidas. O fracasso da tentativa atual evidencia a complexidade dos esfor\u00e7os para encerrar uma guerra que j\u00e1 dura mais de dois anos e que continua custando vidas diariamente no leste da Ucr\u00e2nia. A aus\u00eancia de compromissos concretos deixa a resolu\u00e7\u00e3o do conflito mais distante, mesmo diante de press\u00f5es internacionais crescentes por uma tr\u00e9gua.<\/p>\n","protected":false},"excerpt":{"rendered":"<p>A aguardada rodada de negocia\u00e7\u00f5es entre R\u00fassia e Ucr\u00e2nia, marcada para esta quinta-feira (15) em Istambul, fracassou antes mesmo de come\u00e7ar. O presidente ucraniano, Volodymyr Zelensky, cancelou sua ida ap\u00f3s o Kremlin confirmar que Vladimir Putin n\u00e3o participaria do encontro. A aus\u00eancia dos dois principais l\u00edderes do conflito reduziu as expectativas de avan\u00e7o nas conversas [&hellip;]<\/p>\n","protected":false},"author":9,"featured_media":7563,"comment_status":"closed","ping_status":"closed","sticky":false,"template":"","format":"standard","meta":{"jnews-multi-image_gallery":[],"jnews_single_post":{"format":"standard"},"jnews_primary_category":[],"jnews_social_meta":[],"jnews_override_counter":[],"jnews_post_split":[],"footnotes":""},"categories":[1],"tags":[],"class_list":["post-7559","post","type-post","status-publish","format-standard","has-post-thumbnail","hentry","category-geral"],"_referencia":"","_links":{"self":[{"href":"https:\/\/diariodocomercio.com.br\/mix\/wp-json\/wp\/v2\/posts\/7559","targetHints":{"allow":["GET"]}}],"collection":[{"href":"https:\/\/diariodocomercio.com.br\/mix\/wp-json\/wp\/v2\/posts"}],"about":[{"href":"https:\/\/diariodocomercio.com.br\/mix\/wp-json\/wp\/v2\/types\/post"}],"author":[{"embeddable":true,"href":"https:\/\/diariodocomercio.com.br\/mix\/wp-json\/wp\/v2\/users\/9"}],"replies":[{"embeddable":true,"href":"https:\/\/diariodocomercio.com.br\/mix\/wp-json\/wp\/v2\/comments?post=7559"}],"version-history":[{"count":1,"href":"https:\/\/diariodocomercio.com.br\/mix\/wp-json\/wp\/v2\/posts\/7559\/revisions"}],"predecessor-version":[{"id":7562,"href":"https:\/\/diariodocomercio.com.br\/mix\/wp-json\/wp\/v2\/posts\/7559\/revisions\/7562"}],"wp:featuredmedia":[{"embeddable":true,"href":"https:\/\/diariodocomercio.com.br\/mix\/wp-json\/wp\/v2\/media\/7563"}],"wp:attachment":[{"href":"https:\/\/diariodocomercio.com.br\/mix\/wp-json\/wp\/v2\/media?parent=7559"}],"wp:term":[{"taxonomy":"category","embeddable":true,"href":"https:\/\/diariodocomercio.com.br\/mix\/wp-json\/wp\/v2\/categories?post=7559"},{"taxonomy":"post_tag","embeddable":true,"href":"https:\/\/diariodocomercio.com.br\/mix\/wp-json\/wp\/v2\/tags?post=7559"}],"curies":[{"name":"wp","href":"https:\/\/api.w.org\/{rel}","templated":true}]}}