{"id":7571,"date":"2025-05-15T19:20:28","date_gmt":"2025-05-15T22:20:28","guid":{"rendered":"https:\/\/diariodocomercio.com.br\/mix\/?p=7571"},"modified":"2025-05-15T19:20:30","modified_gmt":"2025-05-15T22:20:30","slug":"voce-nao-vai-acreditar-quem-era-a-mulher-por-tras-do-golpe-do-inss","status":"publish","type":"post","link":"https:\/\/diariodocomercio.com.br\/mix\/voce-nao-vai-acreditar-quem-era-a-mulher-por-tras-do-golpe-do-inss\/","title":{"rendered":"Voc\u00ea n\u00e3o vai acreditar quem era a mulher por tr\u00e1s do golpe do INSS"},"content":{"rendered":"\n<p>O portal Metr\u00f3poles foi um dos jornais mais ativos na investiga\u00e7\u00e3o das fraudes de descontos indevidos feitos pelo Instituto Nacional do Seguro Social (INSS), no qual aposentados e pensionistas estavam recebendo d\u00e9bitos em nome de empresas associadas ao \u00f3rg\u00e3o. Diante das den\u00fancias feitas pelo jornal, foi descoberto que o nome de uma faxineira foi usada como laranja por uma das entidades suspeitas que faturaram no esquema bilion\u00e1rio de fraudes.<\/p>\n\n\n\n<p>De acordo com o Metr\u00f3poles, foi aberto um processo judicial no Tribunal de Justi\u00e7a de S\u00e3o Paulo (TJSP), em nome de Maria In\u00eas Batista de Almeida, que foi presidente da Associa\u00e7\u00e3o dos Aposentados Mutualistas para Benef\u00edcios Coletivos (Ambec) entre 2023 e o in\u00edcio de 2024, \u00e9poca em que come\u00e7ou as investiga\u00e7\u00f5es. Segundo dados da entidade, houve um aumento consider\u00e1vel de filiados que passou de 30 mil, para 600 mil, com um faturamento de R$ 30 milh\u00f5es por m\u00eas, escancarando que algo estava errado.&nbsp;<\/p>\n\n\n\n<h2 class=\"wp-block-heading\">Entenda como faxineira processou o jornal por causa do INSS<\/h2>\n\n\n\n<p>Em junho do ano passado, Maria In\u00eas processou o Metr\u00f3poles por danos morais ap\u00f3s ser citada como laranja da Ambec, quando o jornal publicou uma mat\u00e9ria que foi usada pela Pol\u00edcia Federal para iniciar as investiga\u00e7\u00f5es com as autoridades. Apesar de emails e outras provas, a aposentada nunca respondeu diretamente ao portal, que s\u00f3 falou com advogados do caso.&nbsp;<\/p>\n\n\n\n<p>Conforme a PF investigou, foi confirmado que Maria In\u00eas fazia parte de um laranjal em torno de Camisotti, revelando que na verdade, ela era faxineira da Prevident, uma das empresas ligadas a ele e a um de seus s\u00f3cios, que era secret\u00e1rio-geral da Ambec. Em janeiro deste ano, a Justi\u00e7a entendeu que houve <em>\u201cescorreita averigua\u00e7\u00e3o dos fatos ocorridos na sede da associa\u00e7\u00e3o, e, neste sentido, n\u00e3o se verifica a inten\u00e7\u00e3o de ofender\u201d<\/em> a remetente <em>\u201cou de indevidamente qualific\u00e1-la como criminosa\u201d.<\/em><\/p>\n","protected":false},"excerpt":{"rendered":"<p>O portal Metr\u00f3poles foi um dos jornais mais ativos na investiga\u00e7\u00e3o das fraudes de descontos indevidos feitos pelo Instituto Nacional do Seguro Social (INSS), no qual aposentados e pensionistas estavam recebendo d\u00e9bitos em nome de empresas associadas ao \u00f3rg\u00e3o. Diante das den\u00fancias feitas pelo jornal, foi descoberto que o nome de uma faxineira foi usada [&hellip;]<\/p>\n","protected":false},"author":7,"featured_media":2228,"comment_status":"closed","ping_status":"closed","sticky":false,"template":"","format":"standard","meta":{"jnews-multi-image_gallery":[],"jnews_single_post":{"format":"standard"},"jnews_primary_category":[],"jnews_social_meta":[],"jnews_override_counter":[],"jnews_post_split":[],"footnotes":""},"categories":[1],"tags":[],"class_list":["post-7571","post","type-post","status-publish","format-standard","has-post-thumbnail","hentry","category-geral"],"_referencia":"","_links":{"self":[{"href":"https:\/\/diariodocomercio.com.br\/mix\/wp-json\/wp\/v2\/posts\/7571","targetHints":{"allow":["GET"]}}],"collection":[{"href":"https:\/\/diariodocomercio.com.br\/mix\/wp-json\/wp\/v2\/posts"}],"about":[{"href":"https:\/\/diariodocomercio.com.br\/mix\/wp-json\/wp\/v2\/types\/post"}],"author":[{"embeddable":true,"href":"https:\/\/diariodocomercio.com.br\/mix\/wp-json\/wp\/v2\/users\/7"}],"replies":[{"embeddable":true,"href":"https:\/\/diariodocomercio.com.br\/mix\/wp-json\/wp\/v2\/comments?post=7571"}],"version-history":[{"count":1,"href":"https:\/\/diariodocomercio.com.br\/mix\/wp-json\/wp\/v2\/posts\/7571\/revisions"}],"predecessor-version":[{"id":7572,"href":"https:\/\/diariodocomercio.com.br\/mix\/wp-json\/wp\/v2\/posts\/7571\/revisions\/7572"}],"wp:featuredmedia":[{"embeddable":true,"href":"https:\/\/diariodocomercio.com.br\/mix\/wp-json\/wp\/v2\/media\/2228"}],"wp:attachment":[{"href":"https:\/\/diariodocomercio.com.br\/mix\/wp-json\/wp\/v2\/media?parent=7571"}],"wp:term":[{"taxonomy":"category","embeddable":true,"href":"https:\/\/diariodocomercio.com.br\/mix\/wp-json\/wp\/v2\/categories?post=7571"},{"taxonomy":"post_tag","embeddable":true,"href":"https:\/\/diariodocomercio.com.br\/mix\/wp-json\/wp\/v2\/tags?post=7571"}],"curies":[{"name":"wp","href":"https:\/\/api.w.org\/{rel}","templated":true}]}}