{"id":7576,"date":"2025-05-15T19:41:12","date_gmt":"2025-05-15T22:41:12","guid":{"rendered":"https:\/\/diariodocomercio.com.br\/mix\/?p=7576"},"modified":"2025-05-15T19:41:14","modified_gmt":"2025-05-15T22:41:14","slug":"governo-da-ultimato-e-meis-terao-ate-31-05-para-regularizar-pendencias","status":"publish","type":"post","link":"https:\/\/diariodocomercio.com.br\/mix\/governo-da-ultimato-e-meis-terao-ate-31-05-para-regularizar-pendencias\/","title":{"rendered":"Governo d\u00e1 ultimato e MEIs ter\u00e3o at\u00e9 31\/05 para regularizar pend\u00eancias"},"content":{"rendered":"\n<p>Para quem ainda n\u00e3o enviou este documento, se atente, pois o governo federal vai receber a Declara\u00e7\u00e3o Anual do Simples Nacional do Microempreendedor Individual (DASN-SIMEI) somente at\u00e9 o dia 31 de maio. Essa declara\u00e7\u00e3o \u00e9 obrigat\u00f3ria para todos os empreendedores que atuam sob o regime do MEI, que est\u00e1 cada vez mais popular no pa\u00eds, diante do aumento do regime PJ (pessoa jur\u00eddica). \u00c9 atrav\u00e9s desse documento que a Receita Federal saber\u00e1 quais ser\u00e3o os rendimentos feitos por essa classe de contribuintes, referente ao ano de 2024.&nbsp;<\/p>\n\n\n\n<p>Lembrando que, al\u00e9m do MEI, tamb\u00e9m \u00e9 necess\u00e1rio que o empreendedor envie seus rendimentos, atrav\u00e9s da Declara\u00e7\u00e3o de Imposto de Renda Pessoa F\u00edsica (DIRPF). Sobre a DASN- SIMEI, essa declara\u00e7\u00e3o engloba todos os microempreendedores individuais, at\u00e9 mesmo quem n\u00e3o tenha tido movimenta\u00e7\u00e3o no CNPJ.&nbsp;<\/p>\n\n\n\n \n \t\n<style>@media (min-width: 992px) {\n    .recomendadorV2Area1 {\n        width: 280px;\n    }\n    .recomendadorV2Area2 {\n        padding: 0px 20px;\n        width: calc(100% - 280px);\n    }\n}\n\n@media (max-width: 992px) {\n    .recomendadorV2Button {\n        margin: 0 auto;\n    }\n    .recomendadorV2Area {\n        flex-direction: column;\n        text-align: center;\n    }\n    .recomendadorV2Area2 {\n        padding: 0px 20px;\n    }\n}\n\n.recomendadorV2Area {\n    background: #eeeeee3d;\n    border-radius: 10px;\n    padding: 15px;\n    display: flex;\n    margin: 15px auto;\n    border: 1px solid #00000014;\n    max-width: 800px;\n}\n\n.recomendadorV2Area1 img {\n    width: 280px;\n    height: auto;\n    border-radius: 8px;\n}\n\n.linkrecomendadorv2 {\n    text-decoration: none !important;\n}\n\n.recomendadorV2Area2 .recomendadorV2Type {\n    text-transform: uppercase;\n    font-weight: 500;\n    font-size: 11px;\n    letter-spacing: 2px;\n    color: #666;\n    margin: 12px 0;\n    display: block;\n}\n\n.recomendadorV2Title h2 {\n    padding-top: 0px !important;\n    margin: 0px !important;\n    border-left: none !important;\n    padding-left: 0px !important;\n    line-height: 1.3;\n    color: #000 !important;\n    font-size: 24px;\n    margin-bottom: 12px !important;\n}\n\n.recomendadorV2Desc {\n    color: #333;\n    margin: 12px 0px !important;\n    font-size: 15px;\n    line-height: 1.5;\n}\n\n.recomendadorV2Button {\n    width: auto;\n    max-width: 200px;\n    margin: 0;\n    display: inline-flex;\n    align-items: center;\n    background: #1D3557;\n    border-radius: 8px;\n    color: #fff;\n    height: 36px;\n    justify-content: center;\n    text-align: center;\n    font-size: 14px;\n    padding: 0 20px;\n    transition: background-color 0.2s ease;\n}\n\n.recomendadorV2Button:hover {\n    background: #2a4d7a;\n}\n\n.recomendadorV2Button:after {\n    margin-top: -2px;\n    content: \"\u2192\";\n    padding: 0px 0px 0px 8px;\n}\n\n.recomendadorV2Alert {\n    text-align: left;\n    font-size: 11px;\n    margin-top: 8px;\n    color: #666;\n}\n\n.recomendadorFixedArea {\n    width: 100%;\n    display: flex;\n    justify-content: center;\n    align-items: center;\n}\n\n@media (min-width: 992px) {\n    #recomendadorFixed {\n        width: 32% !important;\n        left: 5%;\n    }\n    .recomendadorCloseFixed{\n        right: inherit !important;\n        left: 378px !important;\n    }\n}\n\n#recomendadorFixed {\n    width: 90%;\n    box-shadow: 0 10px 20px 0px #00000057;\n    display: none;\n    height: 90px;\n    background: #F6F6F6;\n    position: fixed;\n    flex-direction: row;\n    bottom: 10px;\n    z-index: 9999;\n    border-radius: 16px;\n    padding: 7px 10px;\n}\n\n.recomendadorLeftArea {\n    width: 160px;\n}\n\n.recomendadorRightArea h2 {\n    padding-top: 0px;\n    margin: 2px 0px 4px 0px !important;\n    font-weight: 400;\n    text-align: center;\n    padding-left: 0px !important;\n    color: #000 !important;\n    border-left: none !important;\n    line-height: 20px;\n    font-size: 12px !important;\n}\n\n.recomendadorImgFixed {\n    overflow: hidden;\n    padding: 8px 6px;\n    height: 100%;\n}\n\n.recomendadorImgFixed img {\n    height: 100% !important;\n    border-radius: 16px;\n}\n\n.recomendadorRightArea {\n    padding-top: 6px;\n    display: flex;\n    width: calc(100% - 130px);\n    justify-content: space-between;\n    align-items: center;\n    flex-direction: column;\n}\n\n.recomendadorButtonFixed {\n    margin: 0 auto;\n    background: #1D3557;\n    width: 80%;\n    text-align: center;\n    font-size: 10px;\n    color: #FFF;\n    padding: 2px 10px;\n    border-radius: 3px;\n}\n\n.recomendadorButtonFixed:after {\n    margin-top: -3px;\n    content: \"\u2192\";\n    padding: 0px 0px 0px 10px;\n}\n\n.recomendadorAlertFixed {\n    font-weight: 400;\n    text-align: center;\n    color: #484848;\n    font-size: 8px;\n}\n\n.recomendadorCloseFixed {\n    z-index: 99999;\n    display: none;\n    right: 0px;\n    left: inherit;\n    bottom: 99px;\n    position: fixed;\n    justify-content: center;\n    background: #F6F6F6;\n    width: 25px;\n    align-items: center;\n    height: 25px;\n    font-weight: 800;\n    border-radius: 50%;\n    border: 1px solid #EBEBEB;\n}\n\n.recomendadorV2Desc{\n    color: #000000;\n    margin: 20px 0px;\n}\n\n@media (max-width: 576px) {\n    .recomendadorV2Area {\n      padding: 10px;\n      max-width: 100%;\n    }\n  \n    .recomendadorV2Area1 img {\n      width: 100%;\n      border-radius: 6px;\n    }\n  \n    .recomendadorV2Area2 .recomendadorV2Type {\n      font-size: 9px;\n      letter-spacing: 1px;\n      margin: 8px 0;\n    }\n  \n    .recomendadorV2Title h2 {\n      font-size: 18px !important;\n      margin-bottom: 8px !important;\n      line-height: 1.2;\n    }\n  \n    .recomendadorV2Desc {\n      font-size: 14px;\n      margin: 8px 0 !important;\n      line-height: 1.4;\n    }\n  \n    .recomendadorV2Button {\n      font-size: 14px;\n      height: 40px;\n      padding: 0 12px;\n      max-width: 100%;\n      width: 100%;\n    }\n  \n    .recomendadorV2Button:after {\n      padding-left: 6px;\n    }\n  }\n  <\/style>\n        <div class=\"lazyblock-recomendador-v2-2jDGz wp-block-lazyblock-recomendador-v2\">\n        <a class=\"linkrecomendadorv2\" href=\"https:\/\/diariodocomercio.com.br\/mix\/uber-passa-por-alteracao-e-novas-regras-ja-estao-valendo-voce-pode-exigir-ar-condicionado\/\">\n            <div class=\"recomendadorV2Area\">\n            <div class=\"recomendadorV2Area1\">\n                <div class=\"recomendadorV2Img\">\n                <img class=\"lazyloaded\" decoding=\"async\" src=\"https:\/\/mix.diariodocomercio.com.br\/wp-content\/uploads\/2025\/02\/uber-1140x570.jpg\" data-src=\"https:\/\/mix.diariodocomercio.com.br\/wp-content\/uploads\/2025\/02\/uber-1140x570.jpg\" alt=\"\">\n                <\/div>\n            <\/div>\n            <div class=\"recomendadorV2Area2\">\n                <div class=\"recomendadorV2Type\">\n                    <span>COMUNICADO<\/span>\n                <\/div>\n                <div class=\"recomendadorV2Title\">\n                <h2><span>Uber passa por altera\u00e7\u00e3o e novas regras j\u00e1 est\u00e3o valendo<\/span><\/h2>\n                <\/div>\n                <div class=\"recomendadorV2Desc\">\n                <span>Um detalhe mudou e virou regra para motoristas e passageiros em 2025<\/span>\n                <\/div>\n                <div class=\"recomendadorV2Button\">Confira!<\/div>\n                <div class=\"recomendadorV2Alert\"><\/div>\n            <\/div>\n            <\/div>\n        <\/a>\n        <div>\n            <div style=\"z-index:99999;\" id=\"buttonClose\" onclick=\"closeRecomendadorFixed()\">\n            <div class=\"recomendadorCloseFixed\">X<\/div>\n            <\/div>\n            <a href=\"https:\/\/diariodocomercio.com.br\/mix\/uber-passa-por-alteracao-e-novas-regras-ja-estao-valendo-voce-pode-exigir-ar-condicionado\/\">\n            <div class=\"recomendadorFixedArea\">\n                <div id=\"recomendadorFixed\">\n                <div class=\"recomendadorLeftArea\">\n                    <div class=\"recomendadorImgFixed\">\n                    <img class=\"lazyload\" decoding=\"async\" src=\"https:\/\/mix.diariodocomercio.com.br\/wp-content\/uploads\/2025\/02\/uber-1140x570.jpg\" alt=\"\">\n                    <\/div>\n                <\/div>\n                <div class=\"recomendadorRightArea\">\n                    <div class=\"recomendadorTitleFixed\">\n                    <h2><span>Uber passa por altera\u00e7\u00e3o e novas regras j\u00e1 est\u00e3o valendo<\/span><\/h2>\n                    <\/div>\n                    <div class=\"recomendadorButtonFixed\">Confira!<\/div>\n                    <div class=\"recomendadorAlertFixed\"><\/div>\n                <\/div>\n                <\/div>\n            <\/div>\n            <\/a>\n        <\/div>\n        <\/div>\n\n\n\n<h2 class=\"wp-block-heading\">Confira abaixo quais categorias precisam enviar a declara\u00e7\u00e3o:\u00a0<\/h2>\n\n\n\n<ul class=\"wp-block-list\">\n<li>MEIs com faturamento, independentemente do valor;<\/li>\n\n\n\n<li>MEIs sem faturamento no ano;<\/li>\n\n\n\n<li>MEIs que deram baixa no CNPJ em 2024;<\/li>\n\n\n\n<li>MEIs com funcion\u00e1rios registrados.<\/li>\n<\/ul>\n\n\n\n<h2 class=\"wp-block-heading\">O que precisa ser declarado para na DASN-SIMEI<\/h2>\n\n\n\n<p>\u00c9 necess\u00e1rio detalhar qual foi a receita bruta total do ano-base, de 2024, com total de vendas de produtos e\/ou presta\u00e7\u00e3o de servi\u00e7os no ano-calend\u00e1rio anterior.&nbsp; Se voc\u00ea realizou apenas atividades de com\u00e9rcio, ind\u00fastria ou transporte, tamb\u00e9m precisa ser informado a receita espec\u00edfica dessas atividades.<\/p>\n\n\n\n<p>Em caso de atividades de presta\u00e7\u00e3o de servi\u00e7o, \u00e9 necess\u00e1rio informar qual foi a atividade espec\u00edfica, assim como informar se teve algum empregado no \u00faltimo ano.&nbsp;<\/p>\n\n\n\n<h2 class=\"wp-block-heading\">Saiba como declarar o MEI anual:<\/h2>\n\n\n\n<ul class=\"wp-block-list\">\n<li>A declara\u00e7\u00e3o precisa ser feita pelo site do Simples Nacional ou o Portal do Empreendedor (gov.br).<\/li>\n\n\n\n<li>Acesse &#8220;DASN-SIMEI \u2014 Declara\u00e7\u00e3o Anual para o MEI&#8221;.<\/li>\n\n\n\n<li>Informe o CNPJ da sua empresa.<\/li>\n\n\n\n<li>Escolha o ano-calend\u00e1rio da declara\u00e7\u00e3o.<\/li>\n\n\n\n<li>Preencha as informa\u00e7\u00f5es de faturamento de cada atividade (com\u00e9rcio, ind\u00fastria ou servi\u00e7o). Se n\u00e3o houve faturamento em alguma \u00e1rea, preencha com &#8220;0&#8221; (zero).<\/li>\n\n\n\n<li>Informe se teve empregado no per\u00edodo.<\/li>\n\n\n\n<li>Confira os dados e clique em &#8220;Transmitir&#8221;.<\/li>\n\n\n\n<li>Imprima e guarde o recibo da declara\u00e7\u00e3o.<\/li>\n<\/ul>\n","protected":false},"excerpt":{"rendered":"<p>Para quem ainda n\u00e3o enviou este documento, se atente, pois o governo federal vai receber a Declara\u00e7\u00e3o Anual do Simples Nacional do Microempreendedor Individual (DASN-SIMEI) somente at\u00e9 o dia 31 de maio. Essa declara\u00e7\u00e3o \u00e9 obrigat\u00f3ria para todos os empreendedores que atuam sob o regime do MEI, que est\u00e1 cada vez mais popular no pa\u00eds, [&hellip;]<\/p>\n","protected":false},"author":7,"featured_media":2838,"comment_status":"closed","ping_status":"closed","sticky":false,"template":"","format":"standard","meta":{"jnews-multi-image_gallery":[],"jnews_single_post":{"format":"standard"},"jnews_primary_category":[],"jnews_social_meta":[],"jnews_override_counter":[],"jnews_post_split":[],"footnotes":""},"categories":[1],"tags":[],"class_list":["post-7576","post","type-post","status-publish","format-standard","has-post-thumbnail","hentry","category-geral"],"_referencia":"","_links":{"self":[{"href":"https:\/\/diariodocomercio.com.br\/mix\/wp-json\/wp\/v2\/posts\/7576","targetHints":{"allow":["GET"]}}],"collection":[{"href":"https:\/\/diariodocomercio.com.br\/mix\/wp-json\/wp\/v2\/posts"}],"about":[{"href":"https:\/\/diariodocomercio.com.br\/mix\/wp-json\/wp\/v2\/types\/post"}],"author":[{"embeddable":true,"href":"https:\/\/diariodocomercio.com.br\/mix\/wp-json\/wp\/v2\/users\/7"}],"replies":[{"embeddable":true,"href":"https:\/\/diariodocomercio.com.br\/mix\/wp-json\/wp\/v2\/comments?post=7576"}],"version-history":[{"count":1,"href":"https:\/\/diariodocomercio.com.br\/mix\/wp-json\/wp\/v2\/posts\/7576\/revisions"}],"predecessor-version":[{"id":7577,"href":"https:\/\/diariodocomercio.com.br\/mix\/wp-json\/wp\/v2\/posts\/7576\/revisions\/7577"}],"wp:featuredmedia":[{"embeddable":true,"href":"https:\/\/diariodocomercio.com.br\/mix\/wp-json\/wp\/v2\/media\/2838"}],"wp:attachment":[{"href":"https:\/\/diariodocomercio.com.br\/mix\/wp-json\/wp\/v2\/media?parent=7576"}],"wp:term":[{"taxonomy":"category","embeddable":true,"href":"https:\/\/diariodocomercio.com.br\/mix\/wp-json\/wp\/v2\/categories?post=7576"},{"taxonomy":"post_tag","embeddable":true,"href":"https:\/\/diariodocomercio.com.br\/mix\/wp-json\/wp\/v2\/tags?post=7576"}],"curies":[{"name":"wp","href":"https:\/\/api.w.org\/{rel}","templated":true}]}}