{"id":7588,"date":"2025-05-16T09:03:25","date_gmt":"2025-05-16T12:03:25","guid":{"rendered":"https:\/\/diariodocomercio.com.br\/mix\/?p=7588"},"modified":"2025-05-16T09:03:27","modified_gmt":"2025-05-16T12:03:27","slug":"ifood-e-uber-se-unem-em-um-so-aplicativo-a-partir-de-maio","status":"publish","type":"post","link":"https:\/\/diariodocomercio.com.br\/mix\/ifood-e-uber-se-unem-em-um-so-aplicativo-a-partir-de-maio\/","title":{"rendered":"iFood e Uber se unem em um s\u00f3 aplicativo a partir de maio"},"content":{"rendered":"\n<p>A partir de maio, os brasileiros come\u00e7ar\u00e3o a vivenciar uma nova experi\u00eancia digital com a uni\u00e3o de duas das maiores plataformas de mobilidade e delivery do pa\u00eds: iFood e Uber. As empresas anunciaram uma parceria in\u00e9dita que permitir\u00e1 aos usu\u00e1rios solicitarem corridas da Uber diretamente pelo aplicativo do iFood e, ao mesmo tempo, acessarem os servi\u00e7os de entrega do iFood pelo app da Uber.<\/p>\n\n\n\n<p>O objetivo \u00e9 claro: tornar a rotina dos consumidores mais pr\u00e1tica, reunindo os servi\u00e7os mais utilizados em um s\u00f3 ambiente digital. <em>&#8220;Hoje, apenas cerca de metade dos usu\u00e1rios utiliza ambas as plataformas de forma recorrente. Essa parceria representa mais um grande passo na nossa miss\u00e3o de ajudar as pessoas a irem a qualquer lugar e obterem qualquer coisa com um toque&#8221;<\/em>, declarou Dara Khosrowshahi, CEO da Uber.<\/p>\n\n\n\n<p>J\u00e1 Diego Barreto, CEO do iFood, destaca a transforma\u00e7\u00e3o proporcionada por ambas as empresas no cotidiano dos brasileiros: <\/p>\n\n\n\n<blockquote class=\"wp-block-quote is-layout-flow wp-block-quote-is-layout-flow\">\n<p>&#8220;Acreditamos que essa parceria vai impulsionar mais pedidos aos restaurantes, mercados, farm\u00e1cias e lojas de conveni\u00eancia; gerar mais renda aos entregadores e motoristas; e simplificar ainda mais a vida dos consumidores.&#8221;<\/p>\n<\/blockquote>\n\n\n\n<h2 class=\"wp-block-heading\"><strong>Como vai funcionar na pr\u00e1tica<\/strong><\/h2>\n\n\n\n<p>Os dois aplicativos manter\u00e3o suas identidades e funcionalidades principais, mas com integra\u00e7\u00e3o direta entre si. No app da Uber, os usu\u00e1rios encontrar\u00e3o uma nova aba de Delivery, com as ofertas do iFood. No app do iFood, uma aba de Mobilidade permitir\u00e1 o agendamento de corridas pela Uber sem necessidade de alternar de aplicativo.<\/p>\n\n\n\n<p>Os programas de assinatura \u2014 Uber One e Clube iFood \u2014 permanecem inalterados neste primeiro momento, embora ambas as empresas indiquem interesse em futuras sinergias tamb\u00e9m nesta \u00e1rea.<\/p>\n\n\n\n<p>A nova funcionalidade ser\u00e1 disponibilizada inicialmente em cidades selecionadas a partir do segundo semestre deste ano. A expans\u00e3o para todo o territ\u00f3rio nacional est\u00e1 prevista na sequ\u00eancia. Servi\u00e7os corporativos, como o Uber Direct e o iFood Sob Demanda, seguir\u00e3o operando normalmente, sem altera\u00e7\u00f5es.<\/p>\n\n\n<div class=\"wp-block-image\">\n<figure class=\"aligncenter size-full\"><img decoding=\"async\" width=\"768\" height=\"576\" src=\"https:\/\/diariodocomercio.com.br\/mix\/wp-content\/uploads\/2025\/05\/IMG_8584-768x576-2.jpg\" alt=\"\" class=\"wp-image-7593\" srcset=\"https:\/\/diariodocomercio.com.br\/mix\/wp-content\/uploads\/2025\/05\/IMG_8584-768x576-2.jpg 768w, https:\/\/diariodocomercio.com.br\/mix\/wp-content\/uploads\/2025\/05\/IMG_8584-768x576-2-300x225.jpg 300w, https:\/\/diariodocomercio.com.br\/mix\/wp-content\/uploads\/2025\/05\/IMG_8584-768x576-2-150x113.jpg 150w, https:\/\/diariodocomercio.com.br\/mix\/wp-content\/uploads\/2025\/05\/IMG_8584-768x576-2-750x563.jpg 750w\" sizes=\"(max-width: 768px) 100vw, 768px\" \/><figcaption class=\"wp-element-caption\">Diego Barreto, CEO do iFood e Dara Khosrowshahi, CEO da Uber (Reprodu\u00e7\u00e3o\/Uber)<\/figcaption><\/figure>\n<\/div>\n\n\n<h2 class=\"wp-block-heading\"><strong>Fus\u00e3o chega em momento de acirrada competi\u00e7\u00e3o no setor<\/strong><\/h2>\n\n\n\n<p>A alian\u00e7a entre Uber e iFood ocorre em meio a um cen\u00e1rio de intensifica\u00e7\u00e3o da concorr\u00eancia no mercado de delivery no Brasil, avaliado em bilh\u00f5es de reais. Recentemente, a gigante chinesa Meituan anunciou sua entrada no pa\u00eds com investimento de US$ 1 bilh\u00e3o, operando por meio da subsidi\u00e1ria Keeta. A empresa j\u00e1 iniciou o processo de contrata\u00e7\u00e3o local e promete lan\u00e7amento nos pr\u00f3ximos meses.<\/p>\n\n\n\n<p>Al\u00e9m disso, a Rappi revelou um plano de investimento de R$ 1,4 bilh\u00e3o em sua opera\u00e7\u00e3o brasileira at\u00e9 2028, com foco em expans\u00e3o e incentivo ao setor de restaurantes \u2014 incluindo isen\u00e7\u00e3o de tarifas de intermedia\u00e7\u00e3o para parceiros at\u00e9 julho deste ano.<\/p>\n\n\n\n<p>Diante desse contexto, a parceria entre Uber e iFood surge n\u00e3o apenas como uma solu\u00e7\u00e3o de conveni\u00eancia para os usu\u00e1rios, mas tamb\u00e9m como um movimento estrat\u00e9gico de defesa e expans\u00e3o no competitivo mercado de mobilidade urbana e entregas.<\/p>\n","protected":false},"excerpt":{"rendered":"<p>A partir de maio, os brasileiros come\u00e7ar\u00e3o a vivenciar uma nova experi\u00eancia digital com a uni\u00e3o de duas das maiores plataformas de mobilidade e delivery do pa\u00eds: iFood e Uber. As empresas anunciaram uma parceria in\u00e9dita que permitir\u00e1 aos usu\u00e1rios solicitarem corridas da Uber diretamente pelo aplicativo do iFood e, ao mesmo tempo, acessarem os [&hellip;]<\/p>\n","protected":false},"author":9,"featured_media":7590,"comment_status":"closed","ping_status":"closed","sticky":false,"template":"","format":"standard","meta":{"jnews-multi-image_gallery":[],"jnews_single_post":{"format":"standard"},"jnews_primary_category":[],"jnews_social_meta":[],"jnews_override_counter":[],"jnews_post_split":[],"footnotes":""},"categories":[1],"tags":[],"class_list":["post-7588","post","type-post","status-publish","format-standard","has-post-thumbnail","hentry","category-geral"],"_referencia":"","_links":{"self":[{"href":"https:\/\/diariodocomercio.com.br\/mix\/wp-json\/wp\/v2\/posts\/7588","targetHints":{"allow":["GET"]}}],"collection":[{"href":"https:\/\/diariodocomercio.com.br\/mix\/wp-json\/wp\/v2\/posts"}],"about":[{"href":"https:\/\/diariodocomercio.com.br\/mix\/wp-json\/wp\/v2\/types\/post"}],"author":[{"embeddable":true,"href":"https:\/\/diariodocomercio.com.br\/mix\/wp-json\/wp\/v2\/users\/9"}],"replies":[{"embeddable":true,"href":"https:\/\/diariodocomercio.com.br\/mix\/wp-json\/wp\/v2\/comments?post=7588"}],"version-history":[{"count":1,"href":"https:\/\/diariodocomercio.com.br\/mix\/wp-json\/wp\/v2\/posts\/7588\/revisions"}],"predecessor-version":[{"id":7594,"href":"https:\/\/diariodocomercio.com.br\/mix\/wp-json\/wp\/v2\/posts\/7588\/revisions\/7594"}],"wp:featuredmedia":[{"embeddable":true,"href":"https:\/\/diariodocomercio.com.br\/mix\/wp-json\/wp\/v2\/media\/7590"}],"wp:attachment":[{"href":"https:\/\/diariodocomercio.com.br\/mix\/wp-json\/wp\/v2\/media?parent=7588"}],"wp:term":[{"taxonomy":"category","embeddable":true,"href":"https:\/\/diariodocomercio.com.br\/mix\/wp-json\/wp\/v2\/categories?post=7588"},{"taxonomy":"post_tag","embeddable":true,"href":"https:\/\/diariodocomercio.com.br\/mix\/wp-json\/wp\/v2\/tags?post=7588"}],"curies":[{"name":"wp","href":"https:\/\/api.w.org\/{rel}","templated":true}]}}