{"id":7596,"date":"2025-05-16T09:21:43","date_gmt":"2025-05-16T12:21:43","guid":{"rendered":"https:\/\/diariodocomercio.com.br\/mix\/?p=7596"},"modified":"2025-05-16T09:21:46","modified_gmt":"2025-05-16T12:21:46","slug":"conheca-esse-truque-eficaz-para-diminuir-o-valor-do-imposto-de-renda","status":"publish","type":"post","link":"https:\/\/diariodocomercio.com.br\/mix\/conheca-esse-truque-eficaz-para-diminuir-o-valor-do-imposto-de-renda\/","title":{"rendered":"Conhe\u00e7a esse truque eficaz para diminuir o valor do Imposto de Renda"},"content":{"rendered":"\n<p>Com a chegada do prazo final para entrega da declara\u00e7\u00e3o do Imposto de Renda 2025 \u2014 em 30 de maio \u2014 milh\u00f5es de brasileiros ainda podem tomar atitudes para reduzir o valor a pagar ao Fisco ou at\u00e9 aumentar o valor da restitui\u00e7\u00e3o. A chave est\u00e1 nas dedu\u00e7\u00f5es previstas em lei, que, quando utilizadas corretamente, permitem que parte significativa dos rendimentos fique isenta de tributa\u00e7\u00e3o.<\/p>\n\n\n\n<p>Entre os principais gastos que podem ser abatidos est\u00e3o despesas com sa\u00fade (sem limite de valor), educa\u00e7\u00e3o (limitadas a R$ 3.561,50 por pessoa), previd\u00eancia privada (at\u00e9 12% da renda tribut\u00e1vel, no caso do PGBL), contribui\u00e7\u00f5es ao INSS, dependentes (dedu\u00e7\u00e3o anual de R$ 2.275,08 por pessoa) e doa\u00e7\u00f5es incentivadas a projetos sociais.<\/p>\n\n\n\n<p>Al\u00e9m disso, reformas em im\u00f3veis podem n\u00e3o ser abatidas diretamente, mas ajudam a reduzir a cobran\u00e7a de imposto sobre ganho de capital no momento da venda do bem.<\/p>\n\n\n\n<p>A Receita Federal oferece dois tipos de declara\u00e7\u00e3o: a simplificada, com desconto autom\u00e1tico de 20% sobre a renda tribut\u00e1vel (limitado a R$ 16.754,34 em 2025), e a completa, que permite inserir todas as despesas dedut\u00edveis. Quem tem filhos, paga plano de sa\u00fade, col\u00e9gio ou contribui para a previd\u00eancia privada, geralmente se beneficia mais do modelo completo.<\/p>\n\n\n\n<p>O pr\u00f3prio sistema da <a href=\"https:\/\/www.gov.br\/receitafederal\/pt-br\/assuntos\/meu-imposto-de-renda\" target=\"_blank\" rel=\"noopener\"><strong>Receita Federal<\/strong><\/a> compara automaticamente os dois modelos e indica qual \u00e9 mais vantajoso para o contribuinte.<\/p>\n\n\n\n<h2 class=\"wp-block-heading\"><strong>Doa\u00e7\u00f5es podem gerar benef\u00edcio duplo: dedu\u00e7\u00e3o e impacto social<\/strong><\/h2>\n\n\n\n<p>Uma estrat\u00e9gia ainda pouco conhecida, mas bastante eficaz, \u00e9 o uso de doa\u00e7\u00f5es incentivadas. At\u00e9 6% do imposto devido pode ser destinado a institui\u00e7\u00f5es sociais aprovadas pela Receita Federal \u2014 como fundos da crian\u00e7a e do adolescente, fundos do idoso, projetos culturais e de incentivo ao esporte. A doa\u00e7\u00e3o deve ser feita at\u00e9 a entrega da declara\u00e7\u00e3o e precisa ser comprovada por recibo oficial.<\/p>\n\n\n\n<p>Al\u00e9m de reduzir a carga tribut\u00e1ria, o contribuinte apoia projetos que geram impacto positivo em comunidades pelo Brasil. Para isso, \u00e9 essencial:<\/p>\n\n\n\n<ul class=\"wp-block-list\">\n<li>Verificar se a entidade est\u00e1 habilitada;<\/li>\n\n\n\n<li>Realizar a doa\u00e7\u00e3o dentro do prazo;<\/li>\n\n\n\n<li>Guardar os comprovantes para anexar \u00e0 declara\u00e7\u00e3o.<\/li>\n<\/ul>\n\n\n\n<h2 class=\"wp-block-heading\"><strong>Organiza\u00e7\u00e3o e planejamento ao longo do ano s\u00e3o diferenciais<\/strong><\/h2>\n\n\n\n<p>Para garantir os benef\u00edcios legais, \u00e9 fundamental manter os comprovantes organizados durante o ano: recibos m\u00e9dicos, boletos escolares, extratos de previd\u00eancia e comprovantes de doa\u00e7\u00f5es. Esses documentos devem ser guardados por pelo menos cinco anos, prazo no qual a Receita pode solicitar comprova\u00e7\u00e3o.<\/p>\n\n\n\n<p>Outra dica \u00e9 analisar cuidadosamente a inclus\u00e3o de dependentes. Se eles tiverem alta despesa m\u00e9dica ou escolar, a dedu\u00e7\u00e3o pode compensar. No entanto, caso tenham rendimentos pr\u00f3prios elevados, a inclus\u00e3o pode aumentar o imposto a pagar. Simula\u00e7\u00f5es ajudam a definir a melhor estrat\u00e9gia.<\/p>\n\n\n\n<h2 class=\"wp-block-heading\"><strong>Nova faixa de isen\u00e7\u00e3o prevista para 2026 pode beneficiar milh\u00f5es<\/strong><\/h2>\n\n\n\n<p>Enquanto os brasileiros lidam com a declara\u00e7\u00e3o de 2025, uma poss\u00edvel mudan\u00e7a futura promete aliviar ainda mais o bolso do contribuinte. Um projeto de lei em tramita\u00e7\u00e3o no Congresso Nacional prop\u00f5e aumentar a faixa de isen\u00e7\u00e3o do IR para quem ganha at\u00e9 R$ 5 mil por m\u00eas, a partir de 2026. Atualmente, est\u00e3o isentos apenas os que recebem at\u00e9 R$ 2.259,20.<\/p>\n\n\n\n<figure class=\"wp-block-embed aligncenter is-type-video is-provider-youtube wp-block-embed-youtube wp-embed-aspect-16-9 wp-has-aspect-ratio\"><div class=\"wp-block-embed__wrapper\">\n<div class=\"jeg_video_container jeg_video_content\"><iframe loading=\"lazy\" title=\"ISEN\u00c7\u00c3O DO IMPOSTO DE RENDA AT\u00c9 R$ 5 MIL EM 2026: PRESIDENTE LULA EXPLICA CONOMIA DE PROJETO\" width=\"500\" height=\"281\" src=\"https:\/\/www.youtube.com\/embed\/vGE6t5vsTVg?feature=oembed\" frameborder=\"0\" allow=\"accelerometer; autoplay; clipboard-write; encrypted-media; gyroscope; picture-in-picture; web-share\" referrerpolicy=\"strict-origin-when-cross-origin\" allowfullscreen><\/iframe><\/div>\n<\/div><figcaption class=\"wp-element-caption\">Lula explica o projeto de lei (Reprodu\u00e7\u00e3o\/Youtube\/Ag\u00eancia Gov.)<\/figcaption><\/figure>\n\n\n\n<p>Se aprovado, o novo teto beneficiar\u00e1 mais 10 milh\u00f5es de pessoas. Somado \u00e0s mudan\u00e7as dos \u00faltimos dois anos, estima-se que 20 milh\u00f5es de brasileiros deixar\u00e3o de pagar Imposto de Renda at\u00e9 o fim da atual gest\u00e3o federal. Isso representa 65% dos declarantes totalmente isentos e cerca de 90% com isen\u00e7\u00e3o total ou parcial.<\/p>\n","protected":false},"excerpt":{"rendered":"<p>Com a chegada do prazo final para entrega da declara\u00e7\u00e3o do Imposto de Renda 2025 \u2014 em 30 de maio \u2014 milh\u00f5es de brasileiros ainda podem tomar atitudes para reduzir o valor a pagar ao Fisco ou at\u00e9 aumentar o valor da restitui\u00e7\u00e3o. A chave est\u00e1 nas dedu\u00e7\u00f5es previstas em lei, que, quando utilizadas corretamente, [&hellip;]<\/p>\n","protected":false},"author":9,"featured_media":6687,"comment_status":"closed","ping_status":"closed","sticky":false,"template":"","format":"standard","meta":{"jnews-multi-image_gallery":[],"jnews_single_post":{"format":"standard"},"jnews_primary_category":[],"jnews_social_meta":[],"jnews_override_counter":[],"jnews_post_split":[],"footnotes":""},"categories":[1],"tags":[],"class_list":["post-7596","post","type-post","status-publish","format-standard","has-post-thumbnail","hentry","category-geral"],"_referencia":"","_links":{"self":[{"href":"https:\/\/diariodocomercio.com.br\/mix\/wp-json\/wp\/v2\/posts\/7596","targetHints":{"allow":["GET"]}}],"collection":[{"href":"https:\/\/diariodocomercio.com.br\/mix\/wp-json\/wp\/v2\/posts"}],"about":[{"href":"https:\/\/diariodocomercio.com.br\/mix\/wp-json\/wp\/v2\/types\/post"}],"author":[{"embeddable":true,"href":"https:\/\/diariodocomercio.com.br\/mix\/wp-json\/wp\/v2\/users\/9"}],"replies":[{"embeddable":true,"href":"https:\/\/diariodocomercio.com.br\/mix\/wp-json\/wp\/v2\/comments?post=7596"}],"version-history":[{"count":1,"href":"https:\/\/diariodocomercio.com.br\/mix\/wp-json\/wp\/v2\/posts\/7596\/revisions"}],"predecessor-version":[{"id":7598,"href":"https:\/\/diariodocomercio.com.br\/mix\/wp-json\/wp\/v2\/posts\/7596\/revisions\/7598"}],"wp:featuredmedia":[{"embeddable":true,"href":"https:\/\/diariodocomercio.com.br\/mix\/wp-json\/wp\/v2\/media\/6687"}],"wp:attachment":[{"href":"https:\/\/diariodocomercio.com.br\/mix\/wp-json\/wp\/v2\/media?parent=7596"}],"wp:term":[{"taxonomy":"category","embeddable":true,"href":"https:\/\/diariodocomercio.com.br\/mix\/wp-json\/wp\/v2\/categories?post=7596"},{"taxonomy":"post_tag","embeddable":true,"href":"https:\/\/diariodocomercio.com.br\/mix\/wp-json\/wp\/v2\/tags?post=7596"}],"curies":[{"name":"wp","href":"https:\/\/api.w.org\/{rel}","templated":true}]}}