{"id":7601,"date":"2025-05-16T09:37:28","date_gmt":"2025-05-16T12:37:28","guid":{"rendered":"https:\/\/diariodocomercio.com.br\/mix\/?p=7601"},"modified":"2025-05-16T09:37:33","modified_gmt":"2025-05-16T12:37:33","slug":"bolsa-gratuita-para-quem-quer-fazer-esses-2-cursos-acaba-de-ser-liberada","status":"publish","type":"post","link":"https:\/\/diariodocomercio.com.br\/mix\/bolsa-gratuita-para-quem-quer-fazer-esses-2-cursos-acaba-de-ser-liberada\/","title":{"rendered":"Bolsa gratuita para quem quer fazer esses 2 cursos acaba de ser liberada"},"content":{"rendered":"\n<p>Est\u00e3o abertas at\u00e9 o dia 18 de maio as inscri\u00e7\u00f5es para o Projeto Gladys, uma parceria entre a Pontif\u00edcia Universidade Cat\u00f3lica do Rio Grande do Sul (PUCRS) e a empresa Hewlett-Packard (HP). A iniciativa oferece tr\u00eas bolsas integrais para o curso de gradua\u00e7\u00e3o em Ci\u00eancia de Dados e Intelig\u00eancia Artificial, com dura\u00e7\u00e3o de at\u00e9 quatro anos, al\u00e9m de aux\u00edlio financeiro mensal aos estudantes selecionados.<\/p>\n\n\n\n<p>O programa \u00e9 destinado a jovens em situa\u00e7\u00e3o de vulnerabilidade socioecon\u00f4mica e busca promover inclus\u00e3o no setor de tecnologia \u2014 um dos que mais crescem no mercado de trabalho. Al\u00e9m da forma\u00e7\u00e3o acad\u00eamica, os contemplados recebem suporte financeiro e isen\u00e7\u00e3o da taxa do Vestibular de Inverno 2025 da PUCRS, cujo valor \u00e9 de R$ 60.<\/p>\n\n\n\n<figure class=\"wp-block-image size-full\"><img decoding=\"async\" width=\"900\" height=\"600\" src=\"https:\/\/diariodocomercio.com.br\/mix\/wp-content\/uploads\/2025\/05\/20220401_projeto-Gladis_jonathan-heckler-18.jpg\" alt=\"\" class=\"wp-image-7604\" srcset=\"https:\/\/diariodocomercio.com.br\/mix\/wp-content\/uploads\/2025\/05\/20220401_projeto-Gladis_jonathan-heckler-18.jpg 900w, https:\/\/diariodocomercio.com.br\/mix\/wp-content\/uploads\/2025\/05\/20220401_projeto-Gladis_jonathan-heckler-18-300x200.jpg 300w, https:\/\/diariodocomercio.com.br\/mix\/wp-content\/uploads\/2025\/05\/20220401_projeto-Gladis_jonathan-heckler-18-768x512.jpg 768w, https:\/\/diariodocomercio.com.br\/mix\/wp-content\/uploads\/2025\/05\/20220401_projeto-Gladis_jonathan-heckler-18-150x100.jpg 150w, https:\/\/diariodocomercio.com.br\/mix\/wp-content\/uploads\/2025\/05\/20220401_projeto-Gladis_jonathan-heckler-18-750x500.jpg 750w\" sizes=\"(max-width: 900px) 100vw, 900px\" \/><figcaption class=\"wp-element-caption\">Rafaela Var\u00e3o Albuquerque, uma das ingressantes na primeira edi\u00e7\u00e3o do projeto (Reprodu\u00e7\u00e3o\/Jonathan Heckler\/PUCRS)<\/figcaption><\/figure>\n\n\n\n<h2 class=\"wp-block-heading\"><strong>Quem pode se inscrever no Projeto Gladys?<\/strong><\/h2>\n\n\n\n<p>Para participar do processo seletivo, \u00e9 necess\u00e1rio atender a crit\u00e9rios espec\u00edficos:<\/p>\n\n\n\n<ol class=\"wp-block-list\">\n<li>Ter renda familiar per capita de at\u00e9 tr\u00eas sal\u00e1rios-m\u00ednimos;<\/li>\n\n\n\n<li>Ter conclu\u00eddo o Ensino M\u00e9dio em escola p\u00fablica ou como bolsista integral em escola particular;<\/li>\n\n\n\n<li>N\u00e3o estar vinculado a nenhum curso superior, seja gradua\u00e7\u00e3o ou p\u00f3s-gradua\u00e7\u00e3o;<\/li>\n\n\n\n<li>Apresentar documenta\u00e7\u00e3o comprobat\u00f3ria conforme o edital;<\/li>\n\n\n\n<li>Realizar o Vestibular de Inverno da PUCRS, na Modalidade 1 \u2013 Sele\u00e7\u00e3o por prova.<\/li>\n<\/ol>\n\n\n\n<p>O nome do projeto homenageia Gladys West, uma das primeiras programadoras negras da hist\u00f3ria e figura fundamental para o desenvolvimento do GPS.<\/p>\n\n\n\n<h2 class=\"wp-block-heading\"><strong>Processo seletivo tem 10 etapas e inclui entrevista e prova<\/strong><\/h2>\n\n\n\n<p>Os candidatos interessados devem se inscrever pelo site pucrs.br\/projetogladys, onde tamb\u00e9m est\u00e1 dispon\u00edvel o edital completo. A sele\u00e7\u00e3o ocorre em 10 etapas:<\/p>\n\n\n\n<ul class=\"wp-block-list\">\n<li><strong>Inscri\u00e7\u00e3o online<\/strong>: at\u00e9 18 de maio;<\/li>\n\n\n\n<li><strong>Pr\u00e9-an\u00e1lise de documentos<\/strong>: 19 a 21 de maio;<\/li>\n\n\n\n<li><strong>Divulga\u00e7\u00e3o dos aprovados na pr\u00e9-an\u00e1lise<\/strong>: 22 de maio;<\/li>\n\n\n\n<li><strong>Entrevistas online<\/strong>: 23 a 26 de maio;<\/li>\n\n\n\n<li><strong>Divulga\u00e7\u00e3o dos finalistas para vestibular e teste de l\u00f3gica<\/strong>: 27 de maio;<\/li>\n\n\n\n<li><strong>Inscri\u00e7\u00e3o no vestibular (com isen\u00e7\u00e3o de taxa)<\/strong>: 28 e 29 de maio;<\/li>\n\n\n\n<li><strong>Teste online de l\u00f3gica e matem\u00e1tica<\/strong>: 30 de maio a 10 de junho;<\/li>\n\n\n\n<li><strong>Vestibular presencial da PUCRS<\/strong>: 11 e 12 de junho;<\/li>\n\n\n\n<li><strong>Resultado e convoca\u00e7\u00e3o para matr\u00edcula<\/strong>: 17 de junho;<\/li>\n\n\n\n<li><strong>Matr\u00edcula dos selecionados<\/strong>: 18 a 24 de junho.<\/li>\n<\/ul>\n\n\n\n<p>Os tr\u00eas melhores colocados na sele\u00e7\u00e3o final receber\u00e3o a bolsa integral e o aux\u00edlio mensal, que varia conforme os cr\u00e9ditos cursados em cada semestre e \u00e9 direcionado a estudantes que n\u00e3o tenham outra fonte de renda durante o curso.<\/p>\n\n\n\n<h2 class=\"wp-block-heading\"><strong>Oportunidade para mudar de vida por meio da tecnologia<\/strong><\/h2>\n\n\n\n<p>Com alta demanda no mercado e sal\u00e1rios atrativos, as \u00e1reas de Ci\u00eancia de Dados e Intelig\u00eancia Artificial est\u00e3o entre as profiss\u00f5es mais promissoras da atualidade. O Projeto Gladys oferece uma chance concreta de transforma\u00e7\u00e3o para jovens talentos que, de outra forma, talvez n\u00e3o tivessem acesso a uma forma\u00e7\u00e3o de ponta.<\/p>\n\n\n\n<p>A bolsa inclui todo o custo da gradua\u00e7\u00e3o, pagos diretamente pela HP \u00e0 universidade, al\u00e9m de suporte financeiro para garantir que o aluno possa se dedicar integralmente aos estudos.<\/p>\n\n\n\n<h2 class=\"wp-block-heading\"><strong>Como se inscrever<\/strong><\/h2>\n\n\n\n<p>Os interessados devem acessar o<strong><a href=\"http:\/\/pucrs.br\/projetogladys\" target=\"_blank\" rel=\"noopener\"> site do projeto<\/a><\/strong> e preencher o formul\u00e1rio de inscri\u00e7\u00e3o at\u00e9 o dia 18 de maio. \u00c9 importante ler atentamente o <a href=\"https:\/\/www.pucrs.br\/wp-content\/uploads\/2025\/05\/2025-5-12-edital-gladys.pdf\" target=\"_blank\" rel=\"noopener\"><strong>edital<\/strong><\/a> e reunir todos os documentos exigidos.<\/p>\n\n\n\n<p>A recomenda\u00e7\u00e3o \u00e9 n\u00e3o deixar para a \u00faltima hora, pois o processo inclui etapas rigorosas de avalia\u00e7\u00e3o e prazos curtos entre uma fase e outra.<\/p>\n","protected":false},"excerpt":{"rendered":"<p>Est\u00e3o abertas at\u00e9 o dia 18 de maio as inscri\u00e7\u00f5es para o Projeto Gladys, uma parceria entre a Pontif\u00edcia Universidade Cat\u00f3lica do Rio Grande do Sul (PUCRS) e a empresa Hewlett-Packard (HP). A iniciativa oferece tr\u00eas bolsas integrais para o curso de gradua\u00e7\u00e3o em Ci\u00eancia de Dados e Intelig\u00eancia Artificial, com dura\u00e7\u00e3o de at\u00e9 quatro [&hellip;]<\/p>\n","protected":false},"author":9,"featured_media":7603,"comment_status":"closed","ping_status":"closed","sticky":false,"template":"","format":"standard","meta":{"jnews-multi-image_gallery":[],"jnews_single_post":{"format":"standard"},"jnews_primary_category":[],"jnews_social_meta":[],"jnews_override_counter":[],"jnews_post_split":[],"footnotes":""},"categories":[1],"tags":[],"class_list":["post-7601","post","type-post","status-publish","format-standard","has-post-thumbnail","hentry","category-geral"],"_referencia":"","_links":{"self":[{"href":"https:\/\/diariodocomercio.com.br\/mix\/wp-json\/wp\/v2\/posts\/7601","targetHints":{"allow":["GET"]}}],"collection":[{"href":"https:\/\/diariodocomercio.com.br\/mix\/wp-json\/wp\/v2\/posts"}],"about":[{"href":"https:\/\/diariodocomercio.com.br\/mix\/wp-json\/wp\/v2\/types\/post"}],"author":[{"embeddable":true,"href":"https:\/\/diariodocomercio.com.br\/mix\/wp-json\/wp\/v2\/users\/9"}],"replies":[{"embeddable":true,"href":"https:\/\/diariodocomercio.com.br\/mix\/wp-json\/wp\/v2\/comments?post=7601"}],"version-history":[{"count":1,"href":"https:\/\/diariodocomercio.com.br\/mix\/wp-json\/wp\/v2\/posts\/7601\/revisions"}],"predecessor-version":[{"id":7605,"href":"https:\/\/diariodocomercio.com.br\/mix\/wp-json\/wp\/v2\/posts\/7601\/revisions\/7605"}],"wp:featuredmedia":[{"embeddable":true,"href":"https:\/\/diariodocomercio.com.br\/mix\/wp-json\/wp\/v2\/media\/7603"}],"wp:attachment":[{"href":"https:\/\/diariodocomercio.com.br\/mix\/wp-json\/wp\/v2\/media?parent=7601"}],"wp:term":[{"taxonomy":"category","embeddable":true,"href":"https:\/\/diariodocomercio.com.br\/mix\/wp-json\/wp\/v2\/categories?post=7601"},{"taxonomy":"post_tag","embeddable":true,"href":"https:\/\/diariodocomercio.com.br\/mix\/wp-json\/wp\/v2\/tags?post=7601"}],"curies":[{"name":"wp","href":"https:\/\/api.w.org\/{rel}","templated":true}]}}