{"id":7692,"date":"2025-05-16T19:05:43","date_gmt":"2025-05-16T22:05:43","guid":{"rendered":"https:\/\/diariodocomercio.com.br\/mix\/?p=7692"},"modified":"2025-05-16T19:05:46","modified_gmt":"2025-05-16T22:05:46","slug":"ronaldo-fenomeno-surge-como-provavel-nome-para-assumir-a-cbf","status":"publish","type":"post","link":"https:\/\/diariodocomercio.com.br\/mix\/ronaldo-fenomeno-surge-como-provavel-nome-para-assumir-a-cbf\/","title":{"rendered":"Ronaldo Fen\u00f4meno surge como prov\u00e1vel nome para assumir a CBF"},"content":{"rendered":"\n<p>Na quinta-feira (15\/05), Ednaldo Rodrigues foi afastado novamente da presid\u00eancia da Confedera\u00e7\u00e3o Brasileira de Futebol (CBF), ap\u00f3s determina\u00e7\u00e3o do desembargador Gabriel de Oliveira Zefiro, do Tribunal de Justi\u00e7a do Rio de Janeiro (TJ-RJ). Por enquanto, quem assumiu o cargo foi o vice-presidente Fernando Sarney, ap\u00f3s uma s\u00e9rie de pol\u00eamicas envolvendo a gest\u00e3o de Ednaldo.&nbsp;<\/p>\n\n\n\n<p>Um dos nomes cotados pela imprensa para disputar as elei\u00e7\u00f5es presidenciais da CBF \u00e9 do ex-jogador e gestor Ronaldo Fen\u00f4meno, que desde que se aposentou, investiu para ser gerenciador de clubes. Apesar da sua experi\u00eancia, o pentacampe\u00e3o pela Sele\u00e7\u00e3o Brasileira n\u00e3o dever\u00e1 concorrer ao cargo, segundo informa\u00e7\u00f5es de Jorge Nicola ao portal CNN.&nbsp;<\/p>\n\n\n\n \n \t\n<style>@media (min-width: 992px) {\n    .recomendadorV2Area1 {\n        width: 280px;\n    }\n    .recomendadorV2Area2 {\n        padding: 0px 20px;\n        width: calc(100% - 280px);\n    }\n}\n\n@media (max-width: 992px) {\n    .recomendadorV2Button {\n        margin: 0 auto;\n    }\n    .recomendadorV2Area {\n        flex-direction: column;\n        text-align: center;\n    }\n    .recomendadorV2Area2 {\n        padding: 0px 20px;\n    }\n}\n\n.recomendadorV2Area {\n    background: #eeeeee3d;\n    border-radius: 10px;\n    padding: 15px;\n    display: flex;\n    margin: 15px auto;\n    border: 1px solid #00000014;\n    max-width: 800px;\n}\n\n.recomendadorV2Area1 img {\n    width: 280px;\n    height: auto;\n    border-radius: 8px;\n}\n\n.linkrecomendadorv2 {\n    text-decoration: none !important;\n}\n\n.recomendadorV2Area2 .recomendadorV2Type {\n    text-transform: uppercase;\n    font-weight: 500;\n    font-size: 11px;\n    letter-spacing: 2px;\n    color: #666;\n    margin: 12px 0;\n    display: block;\n}\n\n.recomendadorV2Title h2 {\n    padding-top: 0px !important;\n    margin: 0px !important;\n    border-left: none !important;\n    padding-left: 0px !important;\n    line-height: 1.3;\n    color: #000 !important;\n    font-size: 24px;\n    margin-bottom: 12px !important;\n}\n\n.recomendadorV2Desc {\n    color: #333;\n    margin: 12px 0px !important;\n    font-size: 15px;\n    line-height: 1.5;\n}\n\n.recomendadorV2Button {\n    width: auto;\n    max-width: 200px;\n    margin: 0;\n    display: inline-flex;\n    align-items: center;\n    background: #1D3557;\n    border-radius: 8px;\n    color: #fff;\n    height: 36px;\n    justify-content: center;\n    text-align: center;\n    font-size: 14px;\n    padding: 0 20px;\n    transition: background-color 0.2s ease;\n}\n\n.recomendadorV2Button:hover {\n    background: #2a4d7a;\n}\n\n.recomendadorV2Button:after {\n    margin-top: -2px;\n    content: \"\u2192\";\n    padding: 0px 0px 0px 8px;\n}\n\n.recomendadorV2Alert {\n    text-align: left;\n    font-size: 11px;\n    margin-top: 8px;\n    color: #666;\n}\n\n.recomendadorFixedArea {\n    width: 100%;\n    display: flex;\n    justify-content: center;\n    align-items: center;\n}\n\n@media (min-width: 992px) {\n    #recomendadorFixed {\n        width: 32% !important;\n        left: 5%;\n    }\n    .recomendadorCloseFixed{\n        right: inherit !important;\n        left: 378px !important;\n    }\n}\n\n#recomendadorFixed {\n    width: 90%;\n    box-shadow: 0 10px 20px 0px #00000057;\n    display: none;\n    height: 90px;\n    background: #F6F6F6;\n    position: fixed;\n    flex-direction: row;\n    bottom: 10px;\n    z-index: 9999;\n    border-radius: 16px;\n    padding: 7px 10px;\n}\n\n.recomendadorLeftArea {\n    width: 160px;\n}\n\n.recomendadorRightArea h2 {\n    padding-top: 0px;\n    margin: 2px 0px 4px 0px !important;\n    font-weight: 400;\n    text-align: center;\n    padding-left: 0px !important;\n    color: #000 !important;\n    border-left: none !important;\n    line-height: 20px;\n    font-size: 12px !important;\n}\n\n.recomendadorImgFixed {\n    overflow: hidden;\n    padding: 8px 6px;\n    height: 100%;\n}\n\n.recomendadorImgFixed img {\n    height: 100% !important;\n    border-radius: 16px;\n}\n\n.recomendadorRightArea {\n    padding-top: 6px;\n    display: flex;\n    width: calc(100% - 130px);\n    justify-content: space-between;\n    align-items: center;\n    flex-direction: column;\n}\n\n.recomendadorButtonFixed {\n    margin: 0 auto;\n    background: #1D3557;\n    width: 80%;\n    text-align: center;\n    font-size: 10px;\n    color: #FFF;\n    padding: 2px 10px;\n    border-radius: 3px;\n}\n\n.recomendadorButtonFixed:after {\n    margin-top: -3px;\n    content: \"\u2192\";\n    padding: 0px 0px 0px 10px;\n}\n\n.recomendadorAlertFixed {\n    font-weight: 400;\n    text-align: center;\n    color: #484848;\n    font-size: 8px;\n}\n\n.recomendadorCloseFixed {\n    z-index: 99999;\n    display: none;\n    right: 0px;\n    left: inherit;\n    bottom: 99px;\n    position: fixed;\n    justify-content: center;\n    background: #F6F6F6;\n    width: 25px;\n    align-items: center;\n    height: 25px;\n    font-weight: 800;\n    border-radius: 50%;\n    border: 1px solid #EBEBEB;\n}\n\n.recomendadorV2Desc{\n    color: #000000;\n    margin: 20px 0px;\n}\n\n@media (max-width: 576px) {\n    .recomendadorV2Area {\n      padding: 10px;\n      max-width: 100%;\n    }\n  \n    .recomendadorV2Area1 img {\n      width: 100%;\n      border-radius: 6px;\n    }\n  \n    .recomendadorV2Area2 .recomendadorV2Type {\n      font-size: 9px;\n      letter-spacing: 1px;\n      margin: 8px 0;\n    }\n  \n    .recomendadorV2Title h2 {\n      font-size: 18px !important;\n      margin-bottom: 8px !important;\n      line-height: 1.2;\n    }\n  \n    .recomendadorV2Desc {\n      font-size: 14px;\n      margin: 8px 0 !important;\n      line-height: 1.4;\n    }\n  \n    .recomendadorV2Button {\n      font-size: 14px;\n      height: 40px;\n      padding: 0 12px;\n      max-width: 100%;\n      width: 100%;\n    }\n  \n    .recomendadorV2Button:after {\n      padding-left: 6px;\n    }\n  }\n  <\/style>\n        <div class=\"lazyblock-recomendador-v2-2jDGz wp-block-lazyblock-recomendador-v2\">\n        <a class=\"linkrecomendadorv2\" href=\"https:\/\/diariodocomercio.com.br\/mix\/estas-sao-as-10-cidades-com-maior-porcentagem-de-mulheres-do-brasil\/\">\n            <div class=\"recomendadorV2Area\">\n            <div class=\"recomendadorV2Area1\">\n                <div class=\"recomendadorV2Img\">\n                <img class=\"lazyloaded\" decoding=\"async\" src=\"https:\/\/mix.diariodocomercio.com.br\/wp-content\/uploads\/2025\/02\/Mulheres-na-cidade-1140x570.jpg\" data-src=\"https:\/\/mix.diariodocomercio.com.br\/wp-content\/uploads\/2025\/02\/Mulheres-na-cidade-1140x570.jpg\" alt=\"\">\n                <\/div>\n            <\/div>\n            <div class=\"recomendadorV2Area2\">\n                <div class=\"recomendadorV2Type\">\n                    <span>CIDADE FEMININA<\/span>\n                <\/div>\n                <div class=\"recomendadorV2Title\">\n                <h2><span>Estas s\u00e3o as 10 cidades com maior % de mulheres do Brasil<\/span><\/h2>\n                <\/div>\n                <div class=\"recomendadorV2Desc\">\n                <span>Em qual das cidades do ranking voc\u00ea preferiria viver?<\/span>\n                <\/div>\n                <div class=\"recomendadorV2Button\">Confira!<\/div>\n                <div class=\"recomendadorV2Alert\"><\/div>\n            <\/div>\n            <\/div>\n        <\/a>\n        <div>\n            <div style=\"z-index:99999;\" id=\"buttonClose\" onclick=\"closeRecomendadorFixed()\">\n            <div class=\"recomendadorCloseFixed\">X<\/div>\n            <\/div>\n            <a href=\"https:\/\/diariodocomercio.com.br\/mix\/estas-sao-as-10-cidades-com-maior-porcentagem-de-mulheres-do-brasil\/\">\n            <div class=\"recomendadorFixedArea\">\n                <div id=\"recomendadorFixed\">\n                <div class=\"recomendadorLeftArea\">\n                    <div class=\"recomendadorImgFixed\">\n                    <img class=\"lazyload\" decoding=\"async\" src=\"https:\/\/mix.diariodocomercio.com.br\/wp-content\/uploads\/2025\/02\/Mulheres-na-cidade-1140x570.jpg\" alt=\"\">\n                    <\/div>\n                <\/div>\n                <div class=\"recomendadorRightArea\">\n                    <div class=\"recomendadorTitleFixed\">\n                    <h2><span>Estas s\u00e3o as 10 cidades com maior % de mulheres do Brasil<\/span><\/h2>\n                    <\/div>\n                    <div class=\"recomendadorButtonFixed\">Confira!<\/div>\n                    <div class=\"recomendadorAlertFixed\"><\/div>\n                <\/div>\n                <\/div>\n            <\/div>\n            <\/a>\n        <\/div>\n        <\/div>\n\n\n\n<h2 class=\"wp-block-heading\">Entenda porque Ronaldo Fen\u00f4meno n\u00e3o ser\u00e1 presidente da CBF<\/h2>\n\n\n\n<p>De acordo com o jornalista, que conversou com pessoas pr\u00f3ximas ao craque, Ronaldo descartou qualquer possibilidade de concorrer \u00e0 presid\u00eancia da institui\u00e7\u00e3o.<em> \u201cPelo que eu entendi, o Ronaldo descarta qualquer possibilidade, ele entende como um jogo de cartas marcadas e j\u00e1 sabe que n\u00e3o vai conseguir concorrer\u201d,<\/em> afirmou Nicola.&nbsp;<\/p>\n\n\n\n<h2 class=\"wp-block-heading\">Detalhes do afastamento de Ednaldo Rodrigues da presid\u00eancia da CBF<\/h2>\n\n\n\n<p>Desta vez, o afastamento de Ednaldo foi motivado por uma suposta falsifica\u00e7\u00e3o da assinatura do Coronel Nunes, um dos vice-presidentes da entidade, em um documento que refor\u00e7ava o seu poder dentro da CBF. Sem for\u00e7a pol\u00edtica interna, 19 das 27 federa\u00e7\u00f5es de futebol do Brasil assinaram um manifesto pedindo renova\u00e7\u00e3o da lideran\u00e7a, deixando Ednaldo sem muitos recursos para contestar a decis\u00e3o da justi\u00e7a.&nbsp;<\/p>\n","protected":false},"excerpt":{"rendered":"<p>Na quinta-feira (15\/05), Ednaldo Rodrigues foi afastado novamente da presid\u00eancia da Confedera\u00e7\u00e3o Brasileira de Futebol (CBF), ap\u00f3s determina\u00e7\u00e3o do desembargador Gabriel de Oliveira Zefiro, do Tribunal de Justi\u00e7a do Rio de Janeiro (TJ-RJ). Por enquanto, quem assumiu o cargo foi o vice-presidente Fernando Sarney, ap\u00f3s uma s\u00e9rie de pol\u00eamicas envolvendo a gest\u00e3o de Ednaldo.&nbsp; Um [&hellip;]<\/p>\n","protected":false},"author":7,"featured_media":7693,"comment_status":"closed","ping_status":"closed","sticky":false,"template":"","format":"standard","meta":{"jnews-multi-image_gallery":[],"jnews_single_post":{"format":"standard"},"jnews_primary_category":[],"jnews_social_meta":[],"jnews_override_counter":[],"jnews_post_split":[],"footnotes":""},"categories":[1],"tags":[],"class_list":["post-7692","post","type-post","status-publish","format-standard","has-post-thumbnail","hentry","category-geral"],"_referencia":"","_links":{"self":[{"href":"https:\/\/diariodocomercio.com.br\/mix\/wp-json\/wp\/v2\/posts\/7692","targetHints":{"allow":["GET"]}}],"collection":[{"href":"https:\/\/diariodocomercio.com.br\/mix\/wp-json\/wp\/v2\/posts"}],"about":[{"href":"https:\/\/diariodocomercio.com.br\/mix\/wp-json\/wp\/v2\/types\/post"}],"author":[{"embeddable":true,"href":"https:\/\/diariodocomercio.com.br\/mix\/wp-json\/wp\/v2\/users\/7"}],"replies":[{"embeddable":true,"href":"https:\/\/diariodocomercio.com.br\/mix\/wp-json\/wp\/v2\/comments?post=7692"}],"version-history":[{"count":1,"href":"https:\/\/diariodocomercio.com.br\/mix\/wp-json\/wp\/v2\/posts\/7692\/revisions"}],"predecessor-version":[{"id":7694,"href":"https:\/\/diariodocomercio.com.br\/mix\/wp-json\/wp\/v2\/posts\/7692\/revisions\/7694"}],"wp:featuredmedia":[{"embeddable":true,"href":"https:\/\/diariodocomercio.com.br\/mix\/wp-json\/wp\/v2\/media\/7693"}],"wp:attachment":[{"href":"https:\/\/diariodocomercio.com.br\/mix\/wp-json\/wp\/v2\/media?parent=7692"}],"wp:term":[{"taxonomy":"category","embeddable":true,"href":"https:\/\/diariodocomercio.com.br\/mix\/wp-json\/wp\/v2\/categories?post=7692"},{"taxonomy":"post_tag","embeddable":true,"href":"https:\/\/diariodocomercio.com.br\/mix\/wp-json\/wp\/v2\/tags?post=7692"}],"curies":[{"name":"wp","href":"https:\/\/api.w.org\/{rel}","templated":true}]}}