{"id":7699,"date":"2025-05-16T20:08:10","date_gmt":"2025-05-16T23:08:10","guid":{"rendered":"https:\/\/diariodocomercio.com.br\/mix\/?p=7699"},"modified":"2025-05-16T20:08:12","modified_gmt":"2025-05-16T23:08:12","slug":"motoristas-precisarao-vender-seus-carros-urgentemente-apos-nova-lei-do-governo","status":"publish","type":"post","link":"https:\/\/diariodocomercio.com.br\/mix\/motoristas-precisarao-vender-seus-carros-urgentemente-apos-nova-lei-do-governo\/","title":{"rendered":"Motoristas precisar\u00e3o vender seus carros urgentemente ap\u00f3s nova lei do Governo"},"content":{"rendered":"\n<p>Imaginar uma cidade sem carros parece algo irreal em nossa sociedade, mas no Brasil, existe um local que dispensou o uso de autom\u00f3veis, como no caso de Afu\u00e1, uma pequena cidade do Par\u00e1, que fica no cora\u00e7\u00e3o da floresta amaz\u00f4nica. Neste local, ve\u00edculos motorizados n\u00e3o existem e os habitantes se locomovem por bicicletas e barcos, sendo os principais meios de transportes da cidade.&nbsp;<\/p>\n\n\n\n<p>Outro destaque de Afu\u00e1 \u00e9 ter sido completamente constru\u00edda sobre palafitas, adaptando-se ao ritmo das cheias e mar\u00e9s. As &#8220;ruas&#8221; s\u00e3o, na verdade, passarelas elevadas, originalmente de madeira e gradualmente substitu\u00eddas por concreto. Por isso, a aus\u00eancia de carros e motos se tornou um estilo de vida, fazendo com que todos se adaptem a essa realidade.&nbsp;<\/p>\n\n\n\n<figure class=\"wp-block-image size-full is-resized\"><img decoding=\"async\" width=\"1024\" height=\"505\" src=\"https:\/\/diariodocomercio.com.br\/mix\/wp-content\/uploads\/2025\/05\/afua.jpg\" alt=\"\" class=\"wp-image-7701\" style=\"width:683px;height:auto\" srcset=\"https:\/\/diariodocomercio.com.br\/mix\/wp-content\/uploads\/2025\/05\/afua.jpg 1024w, https:\/\/diariodocomercio.com.br\/mix\/wp-content\/uploads\/2025\/05\/afua-300x148.jpg 300w, https:\/\/diariodocomercio.com.br\/mix\/wp-content\/uploads\/2025\/05\/afua-768x379.jpg 768w, https:\/\/diariodocomercio.com.br\/mix\/wp-content\/uploads\/2025\/05\/afua-150x74.jpg 150w, https:\/\/diariodocomercio.com.br\/mix\/wp-content\/uploads\/2025\/05\/afua-750x370.jpg 750w\" sizes=\"(max-width: 1024px) 100vw, 1024px\" \/><\/figure>\n\n\n\n<h2 class=\"wp-block-heading\">Conhe\u00e7a mais detalhes de Afu\u00e1, a cidade sem carros\u00a0<\/h2>\n\n\n\n<p>O principal meio de transporte \u00e9 a bicicleta e a cidade criou termos engra\u00e7ados em torno disso, como &#8220;bicil\u00e2ncias&#8221;, &#8220;bicit\u00e1xis&#8221; e &#8220;bicicarros de bombeiros&#8221;. A cultura ciclista \u00e9 t\u00e3o forte no local, que \u00e9 comum encontrar tipos de bicicletas customizadas. Com a aus\u00eancia de ve\u00edculos motorizados, o estilo de vida contribui para um ambiente sem barulho e estresse, com tr\u00e2nsito que flui com base no respeito m\u00fatuo.<\/p>\n\n\n\n<p><br>De acordo com dados de 2022, a popula\u00e7\u00e3o era de 37.765 habitantes e o in\u00edcio da ocupa\u00e7\u00e3o da regi\u00e3o remonta a 1845, com o estabelecimento de Micaela Arcanja Ferreira. A cidade de Afu\u00e1 obteve a categoria de vila e munic\u00edpio em 1890, tornando-se munic\u00edpio em 1896. Para atrair turistas, o Festival do Camar\u00e3o \u00e9 um dos mais populares, com muita m\u00fasica, dan\u00e7a e comida.<\/p>\n","protected":false},"excerpt":{"rendered":"<p>Imaginar uma cidade sem carros parece algo irreal em nossa sociedade, mas no Brasil, existe um local que dispensou o uso de autom\u00f3veis, como no caso de Afu\u00e1, uma pequena cidade do Par\u00e1, que fica no cora\u00e7\u00e3o da floresta amaz\u00f4nica. Neste local, ve\u00edculos motorizados n\u00e3o existem e os habitantes se locomovem por bicicletas e barcos, [&hellip;]<\/p>\n","protected":false},"author":7,"featured_media":7700,"comment_status":"closed","ping_status":"closed","sticky":false,"template":"","format":"standard","meta":{"jnews-multi-image_gallery":[],"jnews_single_post":{"format":"standard"},"jnews_primary_category":[],"jnews_social_meta":[],"jnews_override_counter":[],"jnews_post_split":[],"footnotes":""},"categories":[1],"tags":[],"class_list":["post-7699","post","type-post","status-publish","format-standard","has-post-thumbnail","hentry","category-geral"],"_referencia":"","_links":{"self":[{"href":"https:\/\/diariodocomercio.com.br\/mix\/wp-json\/wp\/v2\/posts\/7699","targetHints":{"allow":["GET"]}}],"collection":[{"href":"https:\/\/diariodocomercio.com.br\/mix\/wp-json\/wp\/v2\/posts"}],"about":[{"href":"https:\/\/diariodocomercio.com.br\/mix\/wp-json\/wp\/v2\/types\/post"}],"author":[{"embeddable":true,"href":"https:\/\/diariodocomercio.com.br\/mix\/wp-json\/wp\/v2\/users\/7"}],"replies":[{"embeddable":true,"href":"https:\/\/diariodocomercio.com.br\/mix\/wp-json\/wp\/v2\/comments?post=7699"}],"version-history":[{"count":1,"href":"https:\/\/diariodocomercio.com.br\/mix\/wp-json\/wp\/v2\/posts\/7699\/revisions"}],"predecessor-version":[{"id":7702,"href":"https:\/\/diariodocomercio.com.br\/mix\/wp-json\/wp\/v2\/posts\/7699\/revisions\/7702"}],"wp:featuredmedia":[{"embeddable":true,"href":"https:\/\/diariodocomercio.com.br\/mix\/wp-json\/wp\/v2\/media\/7700"}],"wp:attachment":[{"href":"https:\/\/diariodocomercio.com.br\/mix\/wp-json\/wp\/v2\/media?parent=7699"}],"wp:term":[{"taxonomy":"category","embeddable":true,"href":"https:\/\/diariodocomercio.com.br\/mix\/wp-json\/wp\/v2\/categories?post=7699"},{"taxonomy":"post_tag","embeddable":true,"href":"https:\/\/diariodocomercio.com.br\/mix\/wp-json\/wp\/v2\/tags?post=7699"}],"curies":[{"name":"wp","href":"https:\/\/api.w.org\/{rel}","templated":true}]}}