{"id":8426,"date":"2025-05-27T08:20:00","date_gmt":"2025-05-27T11:20:00","guid":{"rendered":"https:\/\/diariodocomercio.com.br\/mix\/?p=8426"},"modified":"2025-05-27T14:31:30","modified_gmt":"2025-05-27T17:31:30","slug":"aposentadoria-de-junho-chega-com-bonus-para-idosos","status":"publish","type":"post","link":"https:\/\/diariodocomercio.com.br\/mix\/aposentadoria-de-junho-chega-com-bonus-para-idosos\/","title":{"rendered":"Aposentadoria de junho chega com b\u00f4nus para idosos"},"content":{"rendered":"\n<p>Aposentados, pensionistas e benefici\u00e1rios de aux\u00edlios do Instituto Nacional do Seguro Social (INSS) come\u00e7am a receber, nesta segunda-feira (26), a segunda parcela do 13\u00ba sal\u00e1rio. O pagamento \u00e9 feito de forma escalonada at\u00e9 o dia 6 de junho, conforme o d\u00edgito final do N\u00famero de Inscri\u00e7\u00e3o Social (NIS) e a faixa de renda do benefici\u00e1rio.<\/p>\n\n\n\n<p>Segundo o governo, a antecipa\u00e7\u00e3o do abono deve injetar R$ 73,3 bilh\u00f5es na economia brasileira. A primeira parcela foi paga entre 24 de abril e 8 de maio.<\/p>\n\n\n\n<p>A maior parte dos segurados recebe 50% do valor do benef\u00edcio na segunda parcela. Quem passou a receber ap\u00f3s janeiro ou possui benef\u00edcios tempor\u00e1rios, como o aux\u00edlio-doen\u00e7a, recebe valores proporcionais ao tempo de concess\u00e3o. Benefici\u00e1rios de assist\u00eancia social, como os que recebem o BPC (Benef\u00edcio de Presta\u00e7\u00e3o Continuada), n\u00e3o t\u00eam direito ao 13\u00ba.<\/p>\n\n\n\n<p>A consulta sobre valores e datas pode ser feita pelo aplicativo ou site <a href=\"http:\/\/gov.br\/meuinss\" target=\"_blank\" rel=\"noopener\">Meu INSS<\/a>, ou pelo telefone 135, com atendimento de segunda a s\u00e1bado, das 7h \u00e0s 22h.<\/p>\n\n\n\n<h2 class=\"wp-block-heading\"><strong>Devolu\u00e7\u00e3o de R$ 292 milh\u00f5es por descontos indevidos<\/strong><\/h2>\n\n\n\n<p>Junto com o 13\u00ba, o INSS tamb\u00e9m inicia nesta segunda a devolu\u00e7\u00e3o de R$ 292 milh\u00f5es a benefici\u00e1rios que sofreram descontos irregulares em abril, relacionados a entidades associativas. A devolu\u00e7\u00e3o seguir\u00e1 o mesmo calend\u00e1rio do pagamento do abono, variando conforme o NIS e a renda mensal.<\/p>\n\n\n\n<p>As dedu\u00e7\u00f5es foram canceladas ap\u00f3s a identifica\u00e7\u00e3o de irregularidades, mas os valores cobrados antes de abril ainda est\u00e3o sob an\u00e1lise. Segundo o Estad\u00e3o, 41 entidades lucraram com esses descontos entre 2019 e 2025, das quais 17 est\u00e3o formalmente envolvidas em investiga\u00e7\u00f5es por fraudes. Outras cinco seguem sob suspeita, mas ainda n\u00e3o foram alvo de medidas judiciais.<\/p>\n\n\n\n<p>A partir de 30 de maio, os segurados que n\u00e3o autorizarem os d\u00e9bitos poder\u00e3o pedir ressarcimento tamb\u00e9m nos Correios, al\u00e9m do aplicativo Meu INSS e do telefone 135. A medida visa alcan\u00e7ar pessoas com acesso limitado \u00e0 internet ou telefonia.<\/p>\n\n\n\n<h2 class=\"wp-block-heading\"><strong>Perfil dos benefici\u00e1rios do INSS<\/strong><\/h2>\n\n\n\n<p>De acordo com os dados mais recentes, cerca de 70% dos benefici\u00e1rios do INSS recebem at\u00e9 um sal\u00e1rio m\u00ednimo, atualmente em R$ 1.518. Outros 11,9 milh\u00f5es de segurados t\u00eam renda superior ao piso, sendo que 10,6 mil recebem o teto da Previd\u00eancia, hoje em R$ 8.157,41.<\/p>\n\n\n\n<p>Esta \u00e9 a sexta vez consecutiva que o governo antecipa o 13\u00ba sal\u00e1rio. A pr\u00e1tica come\u00e7ou em 2020, durante a pandemia, e foi mantida nos anos seguintes. Em 2024, as parcelas foram pagas entre abril e junho, por decreto assinado pelo presidente Luiz In\u00e1cio Lula da Silva.<\/p>\n","protected":false},"excerpt":{"rendered":"<p>Aposentados, pensionistas e benefici\u00e1rios de aux\u00edlios do Instituto Nacional do Seguro Social (INSS) come\u00e7am a receber, nesta segunda-feira (26), a segunda parcela do 13\u00ba sal\u00e1rio. O pagamento \u00e9 feito de forma escalonada at\u00e9 o dia 6 de junho, conforme o d\u00edgito final do N\u00famero de Inscri\u00e7\u00e3o Social (NIS) e a faixa de renda do benefici\u00e1rio. [&hellip;]<\/p>\n","protected":false},"author":9,"featured_media":5368,"comment_status":"closed","ping_status":"closed","sticky":false,"template":"","format":"standard","meta":{"jnews-multi-image_gallery":[],"jnews_single_post":{"format":"standard"},"jnews_primary_category":[],"jnews_social_meta":[],"jnews_override_counter":[],"jnews_post_split":[],"footnotes":""},"categories":[1],"tags":[],"class_list":["post-8426","post","type-post","status-publish","format-standard","has-post-thumbnail","hentry","category-geral"],"_referencia":"","_links":{"self":[{"href":"https:\/\/diariodocomercio.com.br\/mix\/wp-json\/wp\/v2\/posts\/8426","targetHints":{"allow":["GET"]}}],"collection":[{"href":"https:\/\/diariodocomercio.com.br\/mix\/wp-json\/wp\/v2\/posts"}],"about":[{"href":"https:\/\/diariodocomercio.com.br\/mix\/wp-json\/wp\/v2\/types\/post"}],"author":[{"embeddable":true,"href":"https:\/\/diariodocomercio.com.br\/mix\/wp-json\/wp\/v2\/users\/9"}],"replies":[{"embeddable":true,"href":"https:\/\/diariodocomercio.com.br\/mix\/wp-json\/wp\/v2\/comments?post=8426"}],"version-history":[{"count":1,"href":"https:\/\/diariodocomercio.com.br\/mix\/wp-json\/wp\/v2\/posts\/8426\/revisions"}],"predecessor-version":[{"id":8427,"href":"https:\/\/diariodocomercio.com.br\/mix\/wp-json\/wp\/v2\/posts\/8426\/revisions\/8427"}],"wp:featuredmedia":[{"embeddable":true,"href":"https:\/\/diariodocomercio.com.br\/mix\/wp-json\/wp\/v2\/media\/5368"}],"wp:attachment":[{"href":"https:\/\/diariodocomercio.com.br\/mix\/wp-json\/wp\/v2\/media?parent=8426"}],"wp:term":[{"taxonomy":"category","embeddable":true,"href":"https:\/\/diariodocomercio.com.br\/mix\/wp-json\/wp\/v2\/categories?post=8426"},{"taxonomy":"post_tag","embeddable":true,"href":"https:\/\/diariodocomercio.com.br\/mix\/wp-json\/wp\/v2\/tags?post=8426"}],"curies":[{"name":"wp","href":"https:\/\/api.w.org\/{rel}","templated":true}]}}