{"id":8428,"date":"2025-05-27T08:50:00","date_gmt":"2025-05-27T11:50:00","guid":{"rendered":"https:\/\/diariodocomercio.com.br\/mix\/?p=8428"},"modified":"2025-05-27T05:46:53","modified_gmt":"2025-05-27T08:46:53","slug":"sorte-acumulada-para-todos-os-signos-nessa-semana-saiba-qual-o-seu-dia","status":"publish","type":"post","link":"https:\/\/diariodocomercio.com.br\/mix\/sorte-acumulada-para-todos-os-signos-nessa-semana-saiba-qual-o-seu-dia\/","title":{"rendered":"Sorte acumulada para todos os signos nessa semana &#8211; saiba qual o seu dia"},"content":{"rendered":"\n<p>A semana come\u00e7a com uma dose extra de energia astrol\u00f3gica para todos os signos. At\u00e9 17 de junho, o planeta Marte segue em tr\u00e2nsito por Le\u00e3o, um posicionamento que impulsiona a\u00e7\u00f5es corajosas, favorece decis\u00f5es ousadas e impacta diretamente a vida financeira. Segundo a astr\u00f3loga Helena Hathor, esse \u00e9 um momento decisivo para transformar sonhos em conquistas reais \u2014 mas apenas para quem souber agir com estrat\u00e9gia e intelig\u00eancia.<\/p>\n\n\n\n<blockquote class=\"wp-block-quote is-layout-flow wp-block-quote-is-layout-flow\">\n<p>\u201cMarte em Le\u00e3o n\u00e3o premia o comodismo. \u00c9 preciso sair da zona de conforto, apostar em planos concretos e agir com confian\u00e7a\u201d, afirma Helena.<\/p>\n<\/blockquote>\n\n\n\n<p>Embora todos os signos sintam os efeitos da influ\u00eancia marciana, seis deles estar\u00e3o especialmente favorecidos nas finan\u00e7as ao longo do per\u00edodo:<\/p>\n\n\n\n<ul class=\"wp-block-list\">\n<li><strong>Libra<\/strong>: Marte ativa a \u00e1rea do lar. Investir em seguran\u00e7a e conforto pode render frutos duradouros.<\/li>\n\n\n\n<li><strong>Escorpi\u00e3o<\/strong>: O foco est\u00e1 na carreira. Enfrentar desafios profissionais pode garantir ganhos expressivos.<\/li>\n\n\n\n<li><strong>Peixes<\/strong>: Com V\u00eanus e Saturno alinhados, escolhas conscientes trar\u00e3o estabilidade financeira.<\/li>\n\n\n\n<li><strong>\u00c1ries<\/strong>: Hora de colocar as contas em ordem com foco e planejamento.<\/li>\n\n\n\n<li><strong>C\u00e2ncer<\/strong>: Oportunidades surgem ap\u00f3s um ciclo dif\u00edcil, mas exigem persist\u00eancia.<\/li>\n\n\n\n<li><strong>Le\u00e3o<\/strong>: Com Marte em casa, o signo recebe impulso de ambi\u00e7\u00e3o e confian\u00e7a. \u00c9 o momento ideal para investir em grandes ideias.<\/li>\n<\/ul>\n\n\n\n<h2 class=\"wp-block-heading\"><strong>Seu dia de sorte na semana e n\u00fameros m\u00e1gicos<\/strong><\/h2>\n\n\n\n<p>Al\u00e9m das movimenta\u00e7\u00f5es planet\u00e1rias, cada signo ter\u00e1 um dia em que a sorte estar\u00e1 mais presente. Confira o seu e aproveite para fazer escolhas assertivas:<\/p>\n\n\n\n<ul class=\"wp-block-list\">\n<li><strong>\u00c1ries<\/strong>: Quarta-feira \u2013 N\u00fameros da sorte: 07, 13, 21<\/li>\n\n\n\n<li><strong>Touro<\/strong>: Ter\u00e7a-feira \u2013 N\u00fameros da sorte: 04, 18, 31<\/li>\n\n\n\n<li><strong>G\u00eameos<\/strong>: Quinta-feira \u2013 N\u00fameros da sorte: 14, 15, 27<\/li>\n\n\n\n<li><strong>C\u00e2ncer<\/strong>: Segunda-feira \u2013 N\u00fameros da sorte: 10, 36, 39<\/li>\n\n\n\n<li><strong>Le\u00e3o<\/strong>: Quinta-feira \u2013 N\u00fameros da sorte: 05, 11, 19<\/li>\n\n\n\n<li><strong>Virgem<\/strong>: Ter\u00e7a-feira \u2013 N\u00fameros da sorte: 16, 41, 42<\/li>\n\n\n\n<li><strong>Libra<\/strong>: Quinta-feira \u2013 N\u00fameros da sorte: 03, 22, 30<\/li>\n\n\n\n<li><strong>Escorpi\u00e3o<\/strong>: Sexta-feira \u2013 N\u00fameros da sorte: 24, 26, 47<\/li>\n\n\n\n<li><strong>Sagit\u00e1rio<\/strong>: Quarta-feira \u2013 N\u00fameros da sorte: 09, 17, 60<\/li>\n\n\n\n<li><strong>Capric\u00f3rnio<\/strong>: Ter\u00e7a-feira \u2013 N\u00fameros da sorte: 01, 02, 20<\/li>\n\n\n\n<li><strong>Aqu\u00e1rio<\/strong>: Segunda-feira \u2013 N\u00fameros da sorte: 08, 12, 25<\/li>\n\n\n\n<li><strong>Peixes<\/strong>: Quarta-feira \u2013 N\u00fameros da sorte: 28, 32, 33<\/li>\n<\/ul>\n\n\n\n<p><\/p>\n","protected":false},"excerpt":{"rendered":"<p>A semana come\u00e7a com uma dose extra de energia astrol\u00f3gica para todos os signos. At\u00e9 17 de junho, o planeta Marte segue em tr\u00e2nsito por Le\u00e3o, um posicionamento que impulsiona a\u00e7\u00f5es corajosas, favorece decis\u00f5es ousadas e impacta diretamente a vida financeira. Segundo a astr\u00f3loga Helena Hathor, esse \u00e9 um momento decisivo para transformar sonhos em [&hellip;]<\/p>\n","protected":false},"author":9,"featured_media":6062,"comment_status":"closed","ping_status":"closed","sticky":false,"template":"","format":"standard","meta":{"jnews-multi-image_gallery":[],"jnews_single_post":{"format":"standard"},"jnews_primary_category":[],"jnews_social_meta":[],"jnews_override_counter":[],"jnews_post_split":[],"footnotes":""},"categories":[1],"tags":[],"class_list":["post-8428","post","type-post","status-publish","format-standard","has-post-thumbnail","hentry","category-geral"],"_referencia":"","_links":{"self":[{"href":"https:\/\/diariodocomercio.com.br\/mix\/wp-json\/wp\/v2\/posts\/8428","targetHints":{"allow":["GET"]}}],"collection":[{"href":"https:\/\/diariodocomercio.com.br\/mix\/wp-json\/wp\/v2\/posts"}],"about":[{"href":"https:\/\/diariodocomercio.com.br\/mix\/wp-json\/wp\/v2\/types\/post"}],"author":[{"embeddable":true,"href":"https:\/\/diariodocomercio.com.br\/mix\/wp-json\/wp\/v2\/users\/9"}],"replies":[{"embeddable":true,"href":"https:\/\/diariodocomercio.com.br\/mix\/wp-json\/wp\/v2\/comments?post=8428"}],"version-history":[{"count":1,"href":"https:\/\/diariodocomercio.com.br\/mix\/wp-json\/wp\/v2\/posts\/8428\/revisions"}],"predecessor-version":[{"id":8429,"href":"https:\/\/diariodocomercio.com.br\/mix\/wp-json\/wp\/v2\/posts\/8428\/revisions\/8429"}],"wp:featuredmedia":[{"embeddable":true,"href":"https:\/\/diariodocomercio.com.br\/mix\/wp-json\/wp\/v2\/media\/6062"}],"wp:attachment":[{"href":"https:\/\/diariodocomercio.com.br\/mix\/wp-json\/wp\/v2\/media?parent=8428"}],"wp:term":[{"taxonomy":"category","embeddable":true,"href":"https:\/\/diariodocomercio.com.br\/mix\/wp-json\/wp\/v2\/categories?post=8428"},{"taxonomy":"post_tag","embeddable":true,"href":"https:\/\/diariodocomercio.com.br\/mix\/wp-json\/wp\/v2\/tags?post=8428"}],"curies":[{"name":"wp","href":"https:\/\/api.w.org\/{rel}","templated":true}]}}