{"id":8430,"date":"2025-05-27T09:00:00","date_gmt":"2025-05-27T12:00:00","guid":{"rendered":"https:\/\/diariodocomercio.com.br\/mix\/?p=8430"},"modified":"2025-05-27T05:56:44","modified_gmt":"2025-05-27T08:56:44","slug":"netflix-adiciona-filme-lendario-ao-catalogo-e-fas-vao-a-loucura","status":"publish","type":"post","link":"https:\/\/diariodocomercio.com.br\/mix\/netflix-adiciona-filme-lendario-ao-catalogo-e-fas-vao-a-loucura\/","title":{"rendered":"Netflix adiciona filme lend\u00e1rio ao cat\u00e1logo e f\u00e3s v\u00e3o \u00e0 loucura"},"content":{"rendered":"\n<p>A Netflix acaba de adicionar ao seu cat\u00e1logo um dos filmes mais marcantes de 2024: <em>Duna: Parte Dois<\/em>. Aclamado por p\u00fablico e cr\u00edtica, o longa agora est\u00e1 dispon\u00edvel na plataforma nos Estados Unidos e na Espanha, gerando grande repercuss\u00e3o entre os f\u00e3s da fic\u00e7\u00e3o cient\u00edfica.<\/p>\n\n\n\n<p>O movimento acontece no momento em que o filme deixa outros servi\u00e7os de streaming, como a HBO Max, ganhando nova proje\u00e7\u00e3o ao chegar \u00e0 plataforma de maior alcance global. A decis\u00e3o pode estar ligada \u00e0 estrat\u00e9gia da Warner Bros. de ampliar o impacto da franquia antes da chegada de <em>Duna 3<\/em>, prevista para dezembro de 2026.<\/p>\n\n\n\n<p>Al\u00e9m do apelo visual e sonoro, o filme se destaca por desenvolver a jornada de Paul Atreides (Timoth\u00e9e Chalamet), que agora se une aos Fremen para enfrentar os invasores Harkonnen. Ao lado de Chani (Zendaya) e sob a sombra da profecia do \u201cLisan al Gaib\u201d, Paul enfrenta dilemas \u00e9ticos e pol\u00edticos enquanto a trama se aproxima de uma guerra santa iminente \u2014 catalisada pela misteriosa ordem das Bene Gesserit, liderada por sua m\u00e3e, Lady Jessica (Rebecca Ferguson).<\/p>\n\n\n\n<figure class=\"wp-block-embed is-type-video is-provider-youtube wp-block-embed-youtube wp-embed-aspect-16-9 wp-has-aspect-ratio\"><div class=\"wp-block-embed__wrapper\">\n<div class=\"jeg_video_container jeg_video_content\"><iframe loading=\"lazy\" title=\"Duna: Parte 2 | Trailer Oficial\" width=\"500\" height=\"281\" src=\"https:\/\/www.youtube.com\/embed\/QqmbrvluQRA?feature=oembed\" frameborder=\"0\" allow=\"accelerometer; autoplay; clipboard-write; encrypted-media; gyroscope; picture-in-picture; web-share\" referrerpolicy=\"strict-origin-when-cross-origin\" allowfullscreen><\/iframe><\/div>\n<\/div><figcaption class=\"wp-element-caption\">Trailer filme Duna 2 (Reprodu\u00e7\u00e3o\/Youtube\/Warner Bros Pictures)<\/figcaption><\/figure>\n\n\n\n<p>A mistura de intrigas pol\u00edticas, misticismo, a\u00e7\u00e3o intensa e criaturas monumentais \u2014 como os ic\u00f4nicos vermes da areia \u2014 torna <em>Duna 2<\/em> uma experi\u00eancia cinematogr\u00e1fica \u00fanica.<\/p>\n\n\n\n<h2 class=\"wp-block-heading\"><strong>O fen\u00f4meno de &#8216;Duna 2&#8217; nas bilheterias<\/strong><\/h2>\n\n\n\n<p><em>Duna: Parte Dois<\/em> foi o s\u00e9timo filme mais lucrativo de 2024, arrecadando <strong>714 milh\u00f5es de d\u00f3lares<\/strong> em bilheteria mundial \u2014 um salto impressionante em rela\u00e7\u00e3o ao primeiro filme, que totalizou 410 milh\u00f5es. A estrat\u00e9gia de lan\u00e7amento exclusivamente nos cinemas, diferente da estreia h\u00edbrida do primeiro longa, foi apontada como fator decisivo para o bom desempenho.<\/p>\n\n\n\n<p>Comandado novamente por Denis Villeneuve, o filme chamou aten\u00e7\u00e3o pelo visual deslumbrante e pela narrativa densa, que aprofunda a mitologia de Arrakis, o planeta des\u00e9rtico onde se encontra a cobi\u00e7ada especiaria conhecida como \u201cmelange\u201d.<\/p>\n\n\n\n<h2 class=\"wp-block-heading\"><strong>Expectativas para &#8216;Duna 3&#8217;<\/strong><\/h2>\n\n\n\n<p>Com o sucesso da segunda parte, os f\u00e3s agora voltam suas aten\u00e7\u00f5es para <em>Duna 3<\/em>. Embora a produ\u00e7\u00e3o ainda n\u00e3o tenha come\u00e7ado oficialmente, a previs\u00e3o \u00e9 que as filmagens iniciem no ver\u00e3o de 2025, sob a dire\u00e7\u00e3o de Denis Villeneuve. A conclus\u00e3o da trilogia dever\u00e1 adaptar a segunda metade do livro original de Frank Herbert e, possivelmente, explorar os eventos narrados em <em>Messias de Duna<\/em>.<\/p>\n","protected":false},"excerpt":{"rendered":"<p>A Netflix acaba de adicionar ao seu cat\u00e1logo um dos filmes mais marcantes de 2024: Duna: Parte Dois. Aclamado por p\u00fablico e cr\u00edtica, o longa agora est\u00e1 dispon\u00edvel na plataforma nos Estados Unidos e na Espanha, gerando grande repercuss\u00e3o entre os f\u00e3s da fic\u00e7\u00e3o cient\u00edfica. O movimento acontece no momento em que o filme deixa [&hellip;]<\/p>\n","protected":false},"author":9,"featured_media":8431,"comment_status":"closed","ping_status":"closed","sticky":false,"template":"","format":"standard","meta":{"jnews-multi-image_gallery":[],"jnews_single_post":{"format":"standard"},"jnews_primary_category":[],"jnews_social_meta":[],"jnews_override_counter":[],"jnews_post_split":[],"footnotes":""},"categories":[1],"tags":[],"class_list":["post-8430","post","type-post","status-publish","format-standard","has-post-thumbnail","hentry","category-geral"],"_referencia":"","_links":{"self":[{"href":"https:\/\/diariodocomercio.com.br\/mix\/wp-json\/wp\/v2\/posts\/8430","targetHints":{"allow":["GET"]}}],"collection":[{"href":"https:\/\/diariodocomercio.com.br\/mix\/wp-json\/wp\/v2\/posts"}],"about":[{"href":"https:\/\/diariodocomercio.com.br\/mix\/wp-json\/wp\/v2\/types\/post"}],"author":[{"embeddable":true,"href":"https:\/\/diariodocomercio.com.br\/mix\/wp-json\/wp\/v2\/users\/9"}],"replies":[{"embeddable":true,"href":"https:\/\/diariodocomercio.com.br\/mix\/wp-json\/wp\/v2\/comments?post=8430"}],"version-history":[{"count":1,"href":"https:\/\/diariodocomercio.com.br\/mix\/wp-json\/wp\/v2\/posts\/8430\/revisions"}],"predecessor-version":[{"id":8433,"href":"https:\/\/diariodocomercio.com.br\/mix\/wp-json\/wp\/v2\/posts\/8430\/revisions\/8433"}],"wp:featuredmedia":[{"embeddable":true,"href":"https:\/\/diariodocomercio.com.br\/mix\/wp-json\/wp\/v2\/media\/8431"}],"wp:attachment":[{"href":"https:\/\/diariodocomercio.com.br\/mix\/wp-json\/wp\/v2\/media?parent=8430"}],"wp:term":[{"taxonomy":"category","embeddable":true,"href":"https:\/\/diariodocomercio.com.br\/mix\/wp-json\/wp\/v2\/categories?post=8430"},{"taxonomy":"post_tag","embeddable":true,"href":"https:\/\/diariodocomercio.com.br\/mix\/wp-json\/wp\/v2\/tags?post=8430"}],"curies":[{"name":"wp","href":"https:\/\/api.w.org\/{rel}","templated":true}]}}