{"id":8451,"date":"2025-05-27T10:52:34","date_gmt":"2025-05-27T13:52:34","guid":{"rendered":"https:\/\/diariodocomercio.com.br\/mix\/?p=8451"},"modified":"2025-05-27T10:52:36","modified_gmt":"2025-05-27T13:52:36","slug":"cidade-do-nordeste-e-conhecida-como-paris-brasileira","status":"publish","type":"post","link":"https:\/\/diariodocomercio.com.br\/mix\/cidade-do-nordeste-e-conhecida-como-paris-brasileira\/","title":{"rendered":"Cidade do Nordeste \u00e9 conhecida como \u201cParis brasileira\u201d"},"content":{"rendered":"\n<p>N\u00e3o \u00e9 preciso cruzar o Atl\u00e2ntico para encontrar tra\u00e7os da Fran\u00e7a em solo brasileiro. A apenas quatro horas de Fortaleza, o munic\u00edpio de <strong>Ic\u00f3<\/strong> carrega o t\u00edtulo simb\u00f3lico de <strong>\u201cParis do Sert\u00e3o\u201d<\/strong>, apelido que ganhou ainda no s\u00e9culo XIX e que agora volta ao centro das aten\u00e7\u00f5es com o lan\u00e7amento do document\u00e1rio <em>Ic\u00f3, a Paris do Sert\u00e3o<\/em>.<\/p>\n\n\n\n<p>Dirigido por Roberto Bomfim e Eduardo Barros, o filme \u00e9 parte do projeto \u201cCear\u00e1 Franc\u00eas\u201d e revela como a cidade interiorana preserva at\u00e9 hoje costumes, arquitetura e tradi\u00e7\u00f5es herdadas diretamente da cultura francesa. O trabalho \u00e9 resultado de mais de uma d\u00e9cada de pesquisa, e surpreende ao mostrar o quanto a identidade icoense foi moldada por esse interc\u00e2mbio cultural inusitado.<\/p>\n\n\n\n<figure class=\"wp-block-embed is-type-video is-provider-youtube wp-block-embed-youtube wp-embed-aspect-16-9 wp-has-aspect-ratio\"><div class=\"wp-block-embed__wrapper\">\n<div class=\"jeg_video_container jeg_video_content\"><iframe loading=\"lazy\" title=\"CEAR\u00c1 FRANC\u00caS EPIS\u00d3DIO 01 IC\u00d3 A PARIS DO SERT\u00c3O\" width=\"500\" height=\"281\" src=\"https:\/\/www.youtube.com\/embed\/hzlNuKHthgg?feature=oembed\" frameborder=\"0\" allow=\"accelerometer; autoplay; clipboard-write; encrypted-media; gyroscope; picture-in-picture; web-share\" referrerpolicy=\"strict-origin-when-cross-origin\" allowfullscreen><\/iframe><\/div>\n<\/div><figcaption class=\"wp-element-caption\">Epis\u00f3dio do document\u00e1rio sobre Ic\u00f3 (Reprodu\u00e7\u00e3o\/Youtube\/Groom Digital)<\/figcaption><\/figure>\n\n\n\n<p><em>Ic\u00f3, a Paris do Sert\u00e3o<\/em> \u00e9 mais do que um document\u00e1rio hist\u00f3rico \u2014 \u00e9 um tributo ao senso de pertencimento de seus moradores e \u00e0 riqueza cultural do Cear\u00e1. A produ\u00e7\u00e3o resgata um cap\u00edtulo muitas vezes esquecido da hist\u00f3ria brasileira, mostrando que mesmo no sert\u00e3o, longe dos centros urbanos, h\u00e1 heran\u00e7as que conectam o Brasil ao restante do mundo de formas surpreendentes.<\/p>\n\n\n\n<h2 class=\"wp-block-heading\"><strong>Hist\u00f3ria, arquitetura e ra\u00edzes francesas<\/strong><\/h2>\n\n\n\n<p>Fundada h\u00e1 342 anos, Ic\u00f3 \u00e9 mais antiga que Fortaleza e surgiu \u00e0s margens do rio Salgado, inicialmente como uma tribo da na\u00e7\u00e3o Kariri. A cidade prosperou com a chegada das fam\u00edlias Fonseca e Monte e, gra\u00e7as \u00e0 localiza\u00e7\u00e3o estrat\u00e9gica entre duas importantes estradas gerais, tornou-se centro comercial e pol\u00edtico do Cear\u00e1. Em 1823, Ic\u00f3 chegou a ser capital da prov\u00edncia por alguns meses.<\/p>\n\n\n\n<p>A influ\u00eancia francesa come\u00e7ou a ganhar for\u00e7a a partir de viagens de jovens fazendeiros \u00e0 Europa. De volta ao Brasil, trouxeram novas ideias, modas e refer\u00eancias arquitet\u00f4nicas. Um dos marcos desse per\u00edodo \u00e9 o Teatro da Ribeira dos Ic\u00f3s, o primeiro teatro do Cear\u00e1, com forte inspira\u00e7\u00e3o nos modelos franceses da \u00e9poca.<\/p>\n\n\n<div class=\"wp-block-image\">\n<figure class=\"aligncenter size-full\"><img decoding=\"async\" width=\"700\" height=\"576\" src=\"https:\/\/diariodocomercio.com.br\/mix\/wp-content\/uploads\/2025\/05\/Ico-Teatro-da-Ribeira-dos-Icos-Imagem-Monumenta.jpg\" alt=\"\" class=\"wp-image-8455\" srcset=\"https:\/\/diariodocomercio.com.br\/mix\/wp-content\/uploads\/2025\/05\/Ico-Teatro-da-Ribeira-dos-Icos-Imagem-Monumenta.jpg 700w, https:\/\/diariodocomercio.com.br\/mix\/wp-content\/uploads\/2025\/05\/Ico-Teatro-da-Ribeira-dos-Icos-Imagem-Monumenta-300x247.jpg 300w, https:\/\/diariodocomercio.com.br\/mix\/wp-content\/uploads\/2025\/05\/Ico-Teatro-da-Ribeira-dos-Icos-Imagem-Monumenta-150x123.jpg 150w\" sizes=\"(max-width: 700px) 100vw, 700px\" \/><figcaption class=\"wp-element-caption\">Teatro da Ribeira dos Ic\u00f3s (Reprodu\u00e7\u00e3o\/iPatrim\u00f4nio)<\/figcaption><\/figure>\n<\/div>\n\n\n<p>O document\u00e1rio tamb\u00e9m destaca a atua\u00e7\u00e3o de Pedro Th\u00e9berge, m\u00e9dico e historiador franc\u00eas que teve papel fundamental no desenvolvimento cultural da cidade. Sua presen\u00e7a consolidou ainda mais os la\u00e7os entre Ic\u00f3 e a tradi\u00e7\u00e3o francesa, ajudando a transform\u00e1-la num polo de efervesc\u00eancia intelectual e art\u00edstica no s\u00e9culo XIX.<\/p>\n\n\n\n<h2 class=\"wp-block-heading\"><strong>Fortaleza tamb\u00e9m viveu sua Belle \u00c9poque<\/strong><\/h2>\n\n\n\n<p>A influ\u00eancia francesa n\u00e3o se restringiu ao interior. Em Fortaleza, durante o in\u00edcio do s\u00e9culo XX, a elite local buscava replicar a atmosfera parisiense. Caf\u00e9s com nomes como Riche e lojas batizadas de Maison Art-Nouveau ou Torre Eiffel marcaram uma fase de intensa moderniza\u00e7\u00e3o na capital. O Theatro Jos\u00e9 de Alencar, o Passeio P\u00fablico e o antigo Mercado do Ferro (atualmente Mercado dos Pinh\u00f5es) s\u00e3o alguns exemplos da arquitetura e estilo de vida que ecoavam o charme europeu.<\/p>\n\n\n<div class=\"wp-block-image\">\n<figure class=\"aligncenter size-large\"><img decoding=\"async\" width=\"811\" height=\"1200\" src=\"https:\/\/diariodocomercio.com.br\/mix\/wp-content\/uploads\/2025\/05\/1_Ksc6ZQlMjHDc4OdLnLbRSg-811x1200.webp\" alt=\"\" class=\"wp-image-8456\" srcset=\"https:\/\/diariodocomercio.com.br\/mix\/wp-content\/uploads\/2025\/05\/1_Ksc6ZQlMjHDc4OdLnLbRSg-811x1200.webp 811w, https:\/\/diariodocomercio.com.br\/mix\/wp-content\/uploads\/2025\/05\/1_Ksc6ZQlMjHDc4OdLnLbRSg-203x300.webp 203w, https:\/\/diariodocomercio.com.br\/mix\/wp-content\/uploads\/2025\/05\/1_Ksc6ZQlMjHDc4OdLnLbRSg-768x1136.webp 768w, https:\/\/diariodocomercio.com.br\/mix\/wp-content\/uploads\/2025\/05\/1_Ksc6ZQlMjHDc4OdLnLbRSg-1039x1536.webp 1039w, https:\/\/diariodocomercio.com.br\/mix\/wp-content\/uploads\/2025\/05\/1_Ksc6ZQlMjHDc4OdLnLbRSg-150x222.webp 150w, https:\/\/diariodocomercio.com.br\/mix\/wp-content\/uploads\/2025\/05\/1_Ksc6ZQlMjHDc4OdLnLbRSg-750x1109.webp 750w, https:\/\/diariodocomercio.com.br\/mix\/wp-content\/uploads\/2025\/05\/1_Ksc6ZQlMjHDc4OdLnLbRSg-1140x1686.webp 1140w, https:\/\/diariodocomercio.com.br\/mix\/wp-content\/uploads\/2025\/05\/1_Ksc6ZQlMjHDc4OdLnLbRSg.webp 1382w\" sizes=\"(max-width: 811px) 100vw, 811px\" \/><figcaption class=\"wp-element-caption\">Pra\u00e7a do Ferreira em Fortaleza (Reprodu\u00e7\u00e3o\/Arquivo Nirez)<\/figcaption><\/figure>\n<\/div>\n\n\n<p>Na \u00e9poca, o uso de echarpes mesmo sob o sol forte e a exig\u00eancia de trajes formais para andar de bonde mostravam o quanto o estilo franc\u00eas ditava as normas sociais. A cidade, ent\u00e3o provinciana, ganhava novos contornos com bulevares, casar\u00f5es e h\u00e1bitos cosmopolitas. A obra convida o p\u00fablico a redescobrir Ic\u00f3, n\u00e3o apenas como um destino tur\u00edstico, mas como um tesouro de valor hist\u00f3rico e simb\u00f3lico.<\/p>\n","protected":false},"excerpt":{"rendered":"<p>N\u00e3o \u00e9 preciso cruzar o Atl\u00e2ntico para encontrar tra\u00e7os da Fran\u00e7a em solo brasileiro. A apenas quatro horas de Fortaleza, o munic\u00edpio de Ic\u00f3 carrega o t\u00edtulo simb\u00f3lico de \u201cParis do Sert\u00e3o\u201d, apelido que ganhou ainda no s\u00e9culo XIX e que agora volta ao centro das aten\u00e7\u00f5es com o lan\u00e7amento do document\u00e1rio Ic\u00f3, a Paris [&hellip;]<\/p>\n","protected":false},"author":9,"featured_media":8453,"comment_status":"closed","ping_status":"closed","sticky":false,"template":"","format":"standard","meta":{"jnews-multi-image_gallery":[],"jnews_single_post":{"format":"standard"},"jnews_primary_category":[],"jnews_social_meta":[],"jnews_override_counter":[],"jnews_post_split":[],"footnotes":""},"categories":[1],"tags":[],"class_list":["post-8451","post","type-post","status-publish","format-standard","has-post-thumbnail","hentry","category-geral"],"_referencia":"","_links":{"self":[{"href":"https:\/\/diariodocomercio.com.br\/mix\/wp-json\/wp\/v2\/posts\/8451","targetHints":{"allow":["GET"]}}],"collection":[{"href":"https:\/\/diariodocomercio.com.br\/mix\/wp-json\/wp\/v2\/posts"}],"about":[{"href":"https:\/\/diariodocomercio.com.br\/mix\/wp-json\/wp\/v2\/types\/post"}],"author":[{"embeddable":true,"href":"https:\/\/diariodocomercio.com.br\/mix\/wp-json\/wp\/v2\/users\/9"}],"replies":[{"embeddable":true,"href":"https:\/\/diariodocomercio.com.br\/mix\/wp-json\/wp\/v2\/comments?post=8451"}],"version-history":[{"count":1,"href":"https:\/\/diariodocomercio.com.br\/mix\/wp-json\/wp\/v2\/posts\/8451\/revisions"}],"predecessor-version":[{"id":8457,"href":"https:\/\/diariodocomercio.com.br\/mix\/wp-json\/wp\/v2\/posts\/8451\/revisions\/8457"}],"wp:featuredmedia":[{"embeddable":true,"href":"https:\/\/diariodocomercio.com.br\/mix\/wp-json\/wp\/v2\/media\/8453"}],"wp:attachment":[{"href":"https:\/\/diariodocomercio.com.br\/mix\/wp-json\/wp\/v2\/media?parent=8451"}],"wp:term":[{"taxonomy":"category","embeddable":true,"href":"https:\/\/diariodocomercio.com.br\/mix\/wp-json\/wp\/v2\/categories?post=8451"},{"taxonomy":"post_tag","embeddable":true,"href":"https:\/\/diariodocomercio.com.br\/mix\/wp-json\/wp\/v2\/tags?post=8451"}],"curies":[{"name":"wp","href":"https:\/\/api.w.org\/{rel}","templated":true}]}}