{"id":8466,"date":"2025-05-27T11:46:49","date_gmt":"2025-05-27T14:46:49","guid":{"rendered":"https:\/\/diariodocomercio.com.br\/mix\/?p=8466"},"modified":"2025-05-27T11:46:52","modified_gmt":"2025-05-27T14:46:52","slug":"medicos-alteram-valor-de-referencia-para-pressao-alta-no-brasil","status":"publish","type":"post","link":"https:\/\/diariodocomercio.com.br\/mix\/medicos-alteram-valor-de-referencia-para-pressao-alta-no-brasil\/","title":{"rendered":"M\u00e9dicos alteram valor de refer\u00eancia para press\u00e3o alta no Brasil"},"content":{"rendered":"\n<p>As diretrizes sobre press\u00e3o arterial sofreram mudan\u00e7as significativas tanto no Brasil quanto em \u00e2mbito internacional. M\u00e9dicos brasileiros, alinhados \u00e0s recomenda\u00e7\u00f5es da Associa\u00e7\u00e3o Americana do Cora\u00e7\u00e3o e do Col\u00e9gio Americano de Cardiologia, passaram a considerar press\u00e3o acima de 13 por 8 como hipertens\u00e3o \u2013 uma redu\u00e7\u00e3o em rela\u00e7\u00e3o ao limite anterior de 14 por 9.<\/p>\n\n\n\n<p>A mudan\u00e7a, incorporada \u00e0 7\u00aa Diretriz Brasileira de Hipertens\u00e3o Arterial, visa ampliar o diagn\u00f3stico precoce e melhorar a preven\u00e7\u00e3o de doen\u00e7as cardiovasculares, como infarto e acidente vascular cerebral (AVC) \u2014 principais causas de morte relacionadas \u00e0 press\u00e3o alta, segundo a Organiza\u00e7\u00e3o Mundial da Sa\u00fade (OMS).<\/p>\n\n\n\n<p>Com a nova diretriz, o conceito de &#8220;pr\u00e9-hipertens\u00e3o&#8221; foi abolido. Agora, quem apresenta press\u00e3o entre 13\/8 e 14\/9 j\u00e1 \u00e9 considerado hipertenso e pode ser indicado para iniciar tratamento medicamentoso e mudan\u00e7as no estilo de vida.<\/p>\n\n\n\n<blockquote class=\"wp-block-quote is-layout-flow wp-block-quote-is-layout-flow\">\n<p>\u201cA inten\u00e7\u00e3o \u00e9 que mais pessoas sejam orientadas de forma preventiva, com interven\u00e7\u00f5es ainda nos est\u00e1gios iniciais da doen\u00e7a\u201d, explicam os especialistas.<\/p>\n<\/blockquote>\n\n\n\n<p>A expectativa \u00e9 de que o n\u00famero de pessoas diagnosticadas com hipertens\u00e3o aumente em 14%, permitindo abordagens mais precoces para evitar agravamentos.<\/p>\n\n\n\n<h2 class=\"wp-block-heading\"><strong>Nova classifica\u00e7\u00e3o europeia tamb\u00e9m impacta pr\u00e1ticas no Brasil<\/strong><\/h2>\n\n\n\n<p>Durante o Congresso Europeu de Cardiologia, realizado em Londres, especialistas divulgaram uma nova categoriza\u00e7\u00e3o da press\u00e3o arterial, que pode influenciar diretamente os protocolos brasileiros:<\/p>\n\n\n\n<ul class=\"wp-block-list\">\n<li><strong>Press\u00e3o n\u00e3o elevada<\/strong>: abaixo de <strong>120\/70 mmHg<\/strong> (ou \u201c12 por 7\u201d)<\/li>\n\n\n\n<li><strong>Press\u00e3o elevada<\/strong>: entre <strong>120\/70 mmHg e 139\/89 mmHg<\/strong><\/li>\n\n\n\n<li><strong>Hipertens\u00e3o<\/strong>: igual ou acima de <strong>140\/90 mmHg<\/strong><\/li>\n<\/ul>\n\n\n\n<p>O novo modelo introduz a fase \u201cpress\u00e3o elevada\u201d para alertar sobre riscos crescentes mesmo abaixo do antigo limite da hipertens\u00e3o, defendendo uma abordagem mais intensiva em fases iniciais, especialmente entre pessoas com fatores de risco.<\/p>\n\n\n\n<h2 class=\"wp-block-heading\"><strong>Situa\u00e7\u00e3o no Brasil exige aten\u00e7\u00e3o<\/strong><\/h2>\n\n\n\n<p>O cen\u00e1rio nacional preocupa: 36 milh\u00f5es de brasileiros (32,5%) t\u00eam press\u00e3o alta, incluindo mais de 60% dos idosos. No entanto, apenas 23% controlam a doen\u00e7a adequadamente, segundo a Sociedade Brasileira de Hipertens\u00e3o (SBH). Outros 41% abandonam o tratamento ap\u00f3s melhora inicial.<\/p>\n\n\n\n<p>Uma recomenda\u00e7\u00e3o que ganha for\u00e7a \u00e9 o incentivo \u00e0 medi\u00e7\u00e3o regular da press\u00e3o em casa, com aparelhos devidamente calibrados. Isso porque a medi\u00e7\u00e3o no consult\u00f3rio pode ser influenciada por ansiedade, distorcendo os resultados.<\/p>\n\n\n\n<p>Outro incentivo \u00e9 que os equipamentos sejam revisados anualmente e que os pacientes mantenham o monitoramento como parte da rotina, especialmente os j\u00e1 diagnosticados ou em avalia\u00e7\u00e3o de risco.<\/p>\n","protected":false},"excerpt":{"rendered":"<p>As diretrizes sobre press\u00e3o arterial sofreram mudan\u00e7as significativas tanto no Brasil quanto em \u00e2mbito internacional. M\u00e9dicos brasileiros, alinhados \u00e0s recomenda\u00e7\u00f5es da Associa\u00e7\u00e3o Americana do Cora\u00e7\u00e3o e do Col\u00e9gio Americano de Cardiologia, passaram a considerar press\u00e3o acima de 13 por 8 como hipertens\u00e3o \u2013 uma redu\u00e7\u00e3o em rela\u00e7\u00e3o ao limite anterior de 14 por 9. A [&hellip;]<\/p>\n","protected":false},"author":9,"featured_media":8467,"comment_status":"closed","ping_status":"closed","sticky":false,"template":"","format":"standard","meta":{"jnews-multi-image_gallery":[],"jnews_single_post":{"format":"standard"},"jnews_primary_category":[],"jnews_social_meta":[],"jnews_override_counter":[],"jnews_post_split":[],"footnotes":""},"categories":[1],"tags":[],"class_list":["post-8466","post","type-post","status-publish","format-standard","has-post-thumbnail","hentry","category-geral"],"_referencia":"","_links":{"self":[{"href":"https:\/\/diariodocomercio.com.br\/mix\/wp-json\/wp\/v2\/posts\/8466","targetHints":{"allow":["GET"]}}],"collection":[{"href":"https:\/\/diariodocomercio.com.br\/mix\/wp-json\/wp\/v2\/posts"}],"about":[{"href":"https:\/\/diariodocomercio.com.br\/mix\/wp-json\/wp\/v2\/types\/post"}],"author":[{"embeddable":true,"href":"https:\/\/diariodocomercio.com.br\/mix\/wp-json\/wp\/v2\/users\/9"}],"replies":[{"embeddable":true,"href":"https:\/\/diariodocomercio.com.br\/mix\/wp-json\/wp\/v2\/comments?post=8466"}],"version-history":[{"count":1,"href":"https:\/\/diariodocomercio.com.br\/mix\/wp-json\/wp\/v2\/posts\/8466\/revisions"}],"predecessor-version":[{"id":8468,"href":"https:\/\/diariodocomercio.com.br\/mix\/wp-json\/wp\/v2\/posts\/8466\/revisions\/8468"}],"wp:featuredmedia":[{"embeddable":true,"href":"https:\/\/diariodocomercio.com.br\/mix\/wp-json\/wp\/v2\/media\/8467"}],"wp:attachment":[{"href":"https:\/\/diariodocomercio.com.br\/mix\/wp-json\/wp\/v2\/media?parent=8466"}],"wp:term":[{"taxonomy":"category","embeddable":true,"href":"https:\/\/diariodocomercio.com.br\/mix\/wp-json\/wp\/v2\/categories?post=8466"},{"taxonomy":"post_tag","embeddable":true,"href":"https:\/\/diariodocomercio.com.br\/mix\/wp-json\/wp\/v2\/tags?post=8466"}],"curies":[{"name":"wp","href":"https:\/\/api.w.org\/{rel}","templated":true}]}}