{"id":8482,"date":"2025-05-27T15:58:19","date_gmt":"2025-05-27T18:58:19","guid":{"rendered":"https:\/\/diariodocomercio.com.br\/mix\/?p=8482"},"modified":"2025-05-27T15:58:21","modified_gmt":"2025-05-27T18:58:21","slug":"cidade-do-brasil-esta-em-ranking-dos-maiores-paraisos-do-mundo","status":"publish","type":"post","link":"https:\/\/diariodocomercio.com.br\/mix\/cidade-do-brasil-esta-em-ranking-dos-maiores-paraisos-do-mundo\/","title":{"rendered":"Cidade do Brasil est\u00e1 em ranking dos maiores para\u00edsos do mundo"},"content":{"rendered":"\n<p>Recentemente, o Airbnb divulgou uma lista com os dez destinos que ser\u00e3o tend\u00eancia de viagem entre mar\u00e7o e junho. Entre os escolhidos, temos uma cidade brasileira: Ubatuba, S\u00e3o Paulo. A cidade, entre outras do litoral norte do estado, foi citada como tend\u00eancia em destinos de praias em feiras de turismo europeias.<\/p>\n\n\n\n<p>Outros destinos listados foram:<\/p>\n\n\n\n<ul class=\"wp-block-list\">\n<li>Punta Cana, Rep\u00fablica Dominicana;<\/li>\n\n\n\n<li>Corfu, Gr\u00e9cia;<\/li>\n\n\n\n<li>Amsterd\u00e3, Holanda;<\/li>\n\n\n\n<li>Basileia, Su\u00ed\u00e7a;<\/li>\n\n\n\n<li>Gulf Shores, Estados Unidos;<\/li>\n\n\n\n<li>Cidade de Taito, Jap\u00e3o;<\/li>\n\n\n\n<li>Col\u00f4nia, Alemanha;<\/li>\n\n\n\n<li>Mil\u00e3o, It\u00e1lia.<\/li>\n<\/ul>\n\n\n\n<h2 class=\"wp-block-heading\">Ubatuba ganha mais destaque no turismo<\/h2>\n\n\n\n<p>De acordo com o blog de viagens Moblix, desde o ano passado, a cidade paulista teve um &#8220;aumento significativo&#8221; de buscas por hospedagens e pacotes. O aumento do turismo at\u00e9 fez o munic\u00edpio aumentar a sua taxa de preserva\u00e7\u00e3o ambiental para turistas em 5,59%.<\/p>\n\n\n\n<p>Com uma popula\u00e7\u00e3o de cerca de 92 mil habitantes, a cidade de Ubatuba conta com mais de 70 praias, al\u00e9m de v\u00e1rias op\u00e7\u00f5es de trilha que atravessam a Mata Atl\u00e2ntica. <em>&#8220;As praias de Ubatuba s\u00e3o apaixonantes. Cercadas de intenso verde e com mar muitas vezes em lindos tons de verde e azul, a cidade surpreende com praias de caracter\u00edsticas muito distintas, mesmo entre por\u00e7\u00f5es de areia vizinhas&#8221;<\/em>, descreve o Melhores Destinos.<\/p>\n\n\n\n<p>Al\u00e9m de descansar e entrar em contato com a natureza, voc\u00ea tamb\u00e9m pode praticar mergulho, surfe, fazer passeios de lancha ou escuna e at\u00e9 aproveitar a vida noturna do local.<\/p>\n\n\n\n<h2 class=\"wp-block-heading\">Confira alguns dos principais pontos tur\u00edsticos de Ubatuba:<\/h2>\n\n\n\n<ul class=\"wp-block-list\">\n<li>Praia do F\u00e9lix;<\/li>\n\n\n\n<li>Praia do L\u00e1zaro;<\/li>\n\n\n\n<li>Praia Domingas Dias;<\/li>\n\n\n\n<li>Praia de Itamambuca;<\/li>\n\n\n\n<li>Praia do Prumirim;<\/li>\n\n\n\n<li>Praia Grande do Bonete;<\/li>\n\n\n\n<li>Praia do Puruba;<\/li>\n\n\n\n<li>Praia Brava do Camburi;<\/li>\n\n\n\n<li>Trilha das Sete Paias.<\/li>\n<\/ul>\n\n\n\n<style>@media (min-width: 992px) {\n    .recomendadorV2Area1 {\n        width: 280px;\n    }\n    .recomendadorV2Area2 {\n        padding: 0px 20px;\n        width: calc(100% - 280px);\n    }\n}\n\n@media (max-width: 992px) {\n    .recomendadorV2Button {\n        margin: 0 auto;\n    }\n    .recomendadorV2Area {\n        flex-direction: column;\n        text-align: center;\n    }\n    .recomendadorV2Area2 {\n        padding: 0px 20px;\n    }\n}\n\n.recomendadorV2Area {\n    background: #eeeeee3d;\n    border-radius: 10px;\n    padding: 15px;\n    display: flex;\n    margin: 15px auto;\n    border: 1px solid #00000014;\n    max-width: 800px;\n}\n\n.recomendadorV2Area1 img {\n    width: 280px;\n    height: auto;\n    border-radius: 8px;\n}\n\n.linkrecomendadorv2 {\n    text-decoration: none !important;\n}\n\n.recomendadorV2Area2 .recomendadorV2Type {\n    text-transform: uppercase;\n    font-weight: 500;\n    font-size: 11px;\n    letter-spacing: 2px;\n    color: #666;\n    margin: 12px 0;\n    display: block;\n}\n\n.recomendadorV2Title h2 {\n    padding-top: 0px !important;\n    margin: 0px !important;\n    border-left: none !important;\n    padding-left: 0px !important;\n    line-height: 1.3;\n    color: #000 !important;\n    font-size: 24px;\n    margin-bottom: 12px !important;\n}\n\n.recomendadorV2Desc {\n    color: #333;\n    margin: 12px 0px !important;\n    font-size: 15px;\n    line-height: 1.5;\n}\n\n.recomendadorV2Button {\n    width: auto;\n    max-width: 200px;\n    margin: 0;\n    display: inline-flex;\n    align-items: center;\n    background: #1D3557;\n    border-radius: 8px;\n    color: #fff;\n    height: 36px;\n    justify-content: center;\n    text-align: center;\n    font-size: 14px;\n    padding: 0 20px;\n    transition: background-color 0.2s ease;\n}\n\n.recomendadorV2Button:hover {\n    background: #2a4d7a;\n}\n\n.recomendadorV2Button:after {\n    margin-top: -2px;\n    content: \"\u2192\";\n    padding: 0px 0px 0px 8px;\n}\n\n.recomendadorV2Alert {\n    text-align: left;\n    font-size: 11px;\n    margin-top: 8px;\n    color: #666;\n}\n\n.recomendadorFixedArea {\n    width: 100%;\n    display: flex;\n    justify-content: center;\n    align-items: center;\n}\n\n@media (min-width: 992px) {\n    #recomendadorFixed {\n        width: 32% !important;\n        left: 5%;\n    }\n    .recomendadorCloseFixed{\n        right: inherit !important;\n        left: 378px !important;\n    }\n}\n\n#recomendadorFixed {\n    width: 90%;\n    box-shadow: 0 10px 20px 0px #00000057;\n    display: none;\n    height: 90px;\n    background: #F6F6F6;\n    position: fixed;\n    flex-direction: row;\n    bottom: 10px;\n    z-index: 9999;\n    border-radius: 16px;\n    padding: 7px 10px;\n}\n\n.recomendadorLeftArea {\n    width: 160px;\n}\n\n.recomendadorRightArea h2 {\n    padding-top: 0px;\n    margin: 2px 0px 4px 0px !important;\n    font-weight: 400;\n    text-align: center;\n    padding-left: 0px !important;\n    color: #000 !important;\n    border-left: none !important;\n    line-height: 20px;\n    font-size: 12px !important;\n}\n\n.recomendadorImgFixed {\n    overflow: hidden;\n    padding: 8px 6px;\n    height: 100%;\n}\n\n.recomendadorImgFixed img {\n    height: 100% !important;\n    border-radius: 16px;\n}\n\n.recomendadorRightArea {\n    padding-top: 6px;\n    display: flex;\n    width: calc(100% - 130px);\n    justify-content: space-between;\n    align-items: center;\n    flex-direction: column;\n}\n\n.recomendadorButtonFixed {\n    margin: 0 auto;\n    background: #1D3557;\n    width: 80%;\n    text-align: center;\n    font-size: 10px;\n    color: #FFF;\n    padding: 2px 10px;\n    border-radius: 3px;\n}\n\n.recomendadorButtonFixed:after {\n    margin-top: -3px;\n    content: \"\u2192\";\n    padding: 0px 0px 0px 10px;\n}\n\n.recomendadorAlertFixed {\n    font-weight: 400;\n    text-align: center;\n    color: #484848;\n    font-size: 8px;\n}\n\n.recomendadorCloseFixed {\n    z-index: 99999;\n    display: none;\n    right: 0px;\n    left: inherit;\n    bottom: 99px;\n    position: fixed;\n    justify-content: center;\n    background: #F6F6F6;\n    width: 25px;\n    align-items: center;\n    height: 25px;\n    font-weight: 800;\n    border-radius: 50%;\n    border: 1px solid #EBEBEB;\n}\n\n.recomendadorV2Desc{\n    color: #000000;\n    margin: 20px 0px;\n}\n\n@media (max-width: 576px) {\n    .recomendadorV2Area {\n      padding: 10px;\n      max-width: 100%;\n    }\n  \n    .recomendadorV2Area1 img {\n      width: 100%;\n      border-radius: 6px;\n    }\n  \n    .recomendadorV2Area2 .recomendadorV2Type {\n      font-size: 9px;\n      letter-spacing: 1px;\n      margin: 8px 0;\n    }\n  \n    .recomendadorV2Title h2 {\n      font-size: 18px !important;\n      margin-bottom: 8px !important;\n      line-height: 1.2;\n    }\n  \n    .recomendadorV2Desc {\n      font-size: 14px;\n      margin: 8px 0 !important;\n      line-height: 1.4;\n    }\n  \n    .recomendadorV2Button {\n      font-size: 14px;\n      height: 40px;\n      padding: 0 12px;\n      max-width: 100%;\n      width: 100%;\n    }\n  \n    .recomendadorV2Button:after {\n      padding-left: 6px;\n    }\n  }\n  <\/style>\n        <div class=\"lazyblock-recomendador-v2-2jDGz wp-block-lazyblock-recomendador-v2\">\n        <a class=\"linkrecomendadorv2\" href=\"https:\/\/diariodocomercio.com.br\/mix\/medicos-alteram-valor-de-referencia-para-pressao-alta-no-brasil\/\">\n            <div class=\"recomendadorV2Area\">\n            <div class=\"recomendadorV2Area1\">\n                <div class=\"recomendadorV2Img\">\n                <img class=\"lazyloaded\" decoding=\"async\" src=\"https:\/\/diariodocomercio.com.br\/mix\/wp-content\/uploads\/2025\/05\/ee55b9d0-8b1e-11ef-94d5-adf7b76037c8.jpg.jpg\" data-src=\"https:\/\/diariodocomercio.com.br\/mix\/wp-content\/uploads\/2025\/05\/ee55b9d0-8b1e-11ef-94d5-adf7b76037c8.jpg.jpg\" alt=\"\">\n                <\/div>\n            <\/div>\n            <div class=\"recomendadorV2Area2\">\n                <div class=\"recomendadorV2Type\">\n                    <span>SA\u00daDE<\/span>\n                <\/div>\n                <div class=\"recomendadorV2Title\">\n                <h2><span>M\u00e9dicos alteram valor de refer\u00eancia para press\u00e3o alta no Brasil<\/span><\/h2>\n                <\/div>\n                <div class=\"recomendadorV2Desc\">\n                <span>As diretrizes sobre press\u00e3o arterial sofreram mudan\u00e7as significativas tanto no Brasil quanto em \u00e2mbito internacional. M\u00e9dicos brasileiros, alinhados \u00e0s recomenda\u00e7\u00f5es \u2026<\/span>\n                <\/div>\n                <div class=\"recomendadorV2Button\">Leia mais<\/div>\n                <div class=\"recomendadorV2Alert\"><\/div>\n            <\/div>\n            <\/div>\n        <\/a>\n        <div>\n            <div style=\"z-index:99999;\" id=\"buttonClose\" onclick=\"closeRecomendadorFixed()\">\n            <div class=\"recomendadorCloseFixed\">X<\/div>\n            <\/div>\n            <a href=\"https:\/\/diariodocomercio.com.br\/mix\/medicos-alteram-valor-de-referencia-para-pressao-alta-no-brasil\/\">\n            <div class=\"recomendadorFixedArea\">\n                <div id=\"recomendadorFixed\">\n                <div class=\"recomendadorLeftArea\">\n                    <div class=\"recomendadorImgFixed\">\n                    <img class=\"lazyload\" decoding=\"async\" src=\"https:\/\/diariodocomercio.com.br\/mix\/wp-content\/uploads\/2025\/05\/ee55b9d0-8b1e-11ef-94d5-adf7b76037c8.jpg.jpg\" alt=\"\">\n                    <\/div>\n                <\/div>\n                <div class=\"recomendadorRightArea\">\n                    <div class=\"recomendadorTitleFixed\">\n                    <h2><span>M\u00e9dicos alteram valor de refer\u00eancia para press\u00e3o alta no Brasil<\/span><\/h2>\n                    <\/div>\n                    <div class=\"recomendadorButtonFixed\">Leia mais<\/div>\n                    <div class=\"recomendadorAlertFixed\"><\/div>\n                <\/div>\n                <\/div>\n            <\/div>\n            <\/a>\n        <\/div>\n        <\/div>\n","protected":false},"excerpt":{"rendered":"<p>Ubatuba, no litoral norte de S\u00e3o Paulo, apareceu em lista do Airbnb como um destinos do mundo que ser\u00e3o tend\u00eancia entre mar\u00e7o e junho.<\/p>\n","protected":false},"author":6,"featured_media":8483,"comment_status":"closed","ping_status":"closed","sticky":false,"template":"","format":"standard","meta":{"jnews-multi-image_gallery":[],"jnews_single_post":{"format":"standard"},"jnews_primary_category":[],"jnews_social_meta":[],"jnews_override_counter":[],"jnews_post_split":[],"footnotes":""},"categories":[1],"tags":[],"class_list":["post-8482","post","type-post","status-publish","format-standard","has-post-thumbnail","hentry","category-geral"],"_referencia":"","_links":{"self":[{"href":"https:\/\/diariodocomercio.com.br\/mix\/wp-json\/wp\/v2\/posts\/8482","targetHints":{"allow":["GET"]}}],"collection":[{"href":"https:\/\/diariodocomercio.com.br\/mix\/wp-json\/wp\/v2\/posts"}],"about":[{"href":"https:\/\/diariodocomercio.com.br\/mix\/wp-json\/wp\/v2\/types\/post"}],"author":[{"embeddable":true,"href":"https:\/\/diariodocomercio.com.br\/mix\/wp-json\/wp\/v2\/users\/6"}],"replies":[{"embeddable":true,"href":"https:\/\/diariodocomercio.com.br\/mix\/wp-json\/wp\/v2\/comments?post=8482"}],"version-history":[{"count":1,"href":"https:\/\/diariodocomercio.com.br\/mix\/wp-json\/wp\/v2\/posts\/8482\/revisions"}],"predecessor-version":[{"id":8488,"href":"https:\/\/diariodocomercio.com.br\/mix\/wp-json\/wp\/v2\/posts\/8482\/revisions\/8488"}],"wp:featuredmedia":[{"embeddable":true,"href":"https:\/\/diariodocomercio.com.br\/mix\/wp-json\/wp\/v2\/media\/8483"}],"wp:attachment":[{"href":"https:\/\/diariodocomercio.com.br\/mix\/wp-json\/wp\/v2\/media?parent=8482"}],"wp:term":[{"taxonomy":"category","embeddable":true,"href":"https:\/\/diariodocomercio.com.br\/mix\/wp-json\/wp\/v2\/categories?post=8482"},{"taxonomy":"post_tag","embeddable":true,"href":"https:\/\/diariodocomercio.com.br\/mix\/wp-json\/wp\/v2\/tags?post=8482"}],"curies":[{"name":"wp","href":"https:\/\/api.w.org\/{rel}","templated":true}]}}