{"id":8493,"date":"2025-05-27T17:10:02","date_gmt":"2025-05-27T20:10:02","guid":{"rendered":"https:\/\/diariodocomercio.com.br\/mix\/?p=8493"},"modified":"2025-05-27T17:10:04","modified_gmt":"2025-05-27T20:10:04","slug":"exercito-barra-quem-quer-ter-carro-blindado-no-brasil","status":"publish","type":"post","link":"https:\/\/diariodocomercio.com.br\/mix\/exercito-barra-quem-quer-ter-carro-blindado-no-brasil\/","title":{"rendered":"Ex\u00e9rcito barra quem quer ter carro blindado no Brasil"},"content":{"rendered":"\n<p>Apesar de ser um investimento de alto valor, os carros blindados ficaram mais populares nas metr\u00f3poles, como forma de prote\u00e7\u00e3o diante dos riscos que os propriet\u00e1rios e quem estiver dentro dos ve\u00edculos possam correr. Talvez nem todos saibam, mas o sistema de blindagem de um carro precisa de autoriza\u00e7\u00e3o do Ex\u00e9rcito Brasileiro, embora algumas etapas tenham sido flexibilizadas pela Lei n\u00ba 14.071\/2020 e outras portarias.&nbsp;<\/p>\n\n\n\n<p>Ainda assim, o Ex\u00e9rcito Brasileiro ainda \u00e9 o \u00f3rg\u00e3o respons\u00e1vel por regulamentar e fiscalizar a atividade de blindagem de ve\u00edculos, classificando-a como um Produto Controlado pelo Ex\u00e9rcito (PCE). Por isso, s\u00f3 \u00e9 legalizado fazer esse tipo de procedimento no ve\u00edculo em empresas credenciadas e autorizadas. Ap\u00f3s a blindagem, a empresa respons\u00e1vel precisa emitir um Certificado de Blindagem, que deve ser aprovado pelo Ex\u00e9rcito. Al\u00e9m disso, o ve\u00edculo precisa passar por vistoria e obter o Certificado de Seguran\u00e7a Veicular (CSV) junto ao Inmetro.<\/p>\n\n\n\n \n \t\n<style>@media (min-width: 992px) {\n    .recomendadorV2Area1 {\n        width: 280px;\n    }\n    .recomendadorV2Area2 {\n        padding: 0px 20px;\n        width: calc(100% - 280px);\n    }\n}\n\n@media (max-width: 992px) {\n    .recomendadorV2Button {\n        margin: 0 auto;\n    }\n    .recomendadorV2Area {\n        flex-direction: column;\n        text-align: center;\n    }\n    .recomendadorV2Area2 {\n        padding: 0px 20px;\n    }\n}\n\n.recomendadorV2Area {\n    background: #eeeeee3d;\n    border-radius: 10px;\n    padding: 15px;\n    display: flex;\n    margin: 15px auto;\n    border: 1px solid #00000014;\n    max-width: 800px;\n}\n\n.recomendadorV2Area1 img {\n    width: 280px;\n    height: auto;\n    border-radius: 8px;\n}\n\n.linkrecomendadorv2 {\n    text-decoration: none !important;\n}\n\n.recomendadorV2Area2 .recomendadorV2Type {\n    text-transform: uppercase;\n    font-weight: 500;\n    font-size: 11px;\n    letter-spacing: 2px;\n    color: #666;\n    margin: 12px 0;\n    display: block;\n}\n\n.recomendadorV2Title h2 {\n    padding-top: 0px !important;\n    margin: 0px !important;\n    border-left: none !important;\n    padding-left: 0px !important;\n    line-height: 1.3;\n    color: #000 !important;\n    font-size: 24px;\n    margin-bottom: 12px !important;\n}\n\n.recomendadorV2Desc {\n    color: #333;\n    margin: 12px 0px !important;\n    font-size: 15px;\n    line-height: 1.5;\n}\n\n.recomendadorV2Button {\n    width: auto;\n    max-width: 200px;\n    margin: 0;\n    display: inline-flex;\n    align-items: center;\n    background: #1D3557;\n    border-radius: 8px;\n    color: #fff;\n    height: 36px;\n    justify-content: center;\n    text-align: center;\n    font-size: 14px;\n    padding: 0 20px;\n    transition: background-color 0.2s ease;\n}\n\n.recomendadorV2Button:hover {\n    background: #2a4d7a;\n}\n\n.recomendadorV2Button:after {\n    margin-top: -2px;\n    content: \"\u2192\";\n    padding: 0px 0px 0px 8px;\n}\n\n.recomendadorV2Alert {\n    text-align: left;\n    font-size: 11px;\n    margin-top: 8px;\n    color: #666;\n}\n\n.recomendadorFixedArea {\n    width: 100%;\n    display: flex;\n    justify-content: center;\n    align-items: center;\n}\n\n@media (min-width: 992px) {\n    #recomendadorFixed {\n        width: 32% !important;\n        left: 5%;\n    }\n    .recomendadorCloseFixed{\n        right: inherit !important;\n        left: 378px !important;\n    }\n}\n\n#recomendadorFixed {\n    width: 90%;\n    box-shadow: 0 10px 20px 0px #00000057;\n    display: none;\n    height: 90px;\n    background: #F6F6F6;\n    position: fixed;\n    flex-direction: row;\n    bottom: 10px;\n    z-index: 9999;\n    border-radius: 16px;\n    padding: 7px 10px;\n}\n\n.recomendadorLeftArea {\n    width: 160px;\n}\n\n.recomendadorRightArea h2 {\n    padding-top: 0px;\n    margin: 2px 0px 4px 0px !important;\n    font-weight: 400;\n    text-align: center;\n    padding-left: 0px !important;\n    color: #000 !important;\n    border-left: none !important;\n    line-height: 20px;\n    font-size: 12px !important;\n}\n\n.recomendadorImgFixed {\n    overflow: hidden;\n    padding: 8px 6px;\n    height: 100%;\n}\n\n.recomendadorImgFixed img {\n    height: 100% !important;\n    border-radius: 16px;\n}\n\n.recomendadorRightArea {\n    padding-top: 6px;\n    display: flex;\n    width: calc(100% - 130px);\n    justify-content: space-between;\n    align-items: center;\n    flex-direction: column;\n}\n\n.recomendadorButtonFixed {\n    margin: 0 auto;\n    background: #1D3557;\n    width: 80%;\n    text-align: center;\n    font-size: 10px;\n    color: #FFF;\n    padding: 2px 10px;\n    border-radius: 3px;\n}\n\n.recomendadorButtonFixed:after {\n    margin-top: -3px;\n    content: \"\u2192\";\n    padding: 0px 0px 0px 10px;\n}\n\n.recomendadorAlertFixed {\n    font-weight: 400;\n    text-align: center;\n    color: #484848;\n    font-size: 8px;\n}\n\n.recomendadorCloseFixed {\n    z-index: 99999;\n    display: none;\n    right: 0px;\n    left: inherit;\n    bottom: 99px;\n    position: fixed;\n    justify-content: center;\n    background: #F6F6F6;\n    width: 25px;\n    align-items: center;\n    height: 25px;\n    font-weight: 800;\n    border-radius: 50%;\n    border: 1px solid #EBEBEB;\n}\n\n.recomendadorV2Desc{\n    color: #000000;\n    margin: 20px 0px;\n}\n\n@media (max-width: 576px) {\n    .recomendadorV2Area {\n      padding: 10px;\n      max-width: 100%;\n    }\n  \n    .recomendadorV2Area1 img {\n      width: 100%;\n      border-radius: 6px;\n    }\n  \n    .recomendadorV2Area2 .recomendadorV2Type {\n      font-size: 9px;\n      letter-spacing: 1px;\n      margin: 8px 0;\n    }\n  \n    .recomendadorV2Title h2 {\n      font-size: 18px !important;\n      margin-bottom: 8px !important;\n      line-height: 1.2;\n    }\n  \n    .recomendadorV2Desc {\n      font-size: 14px;\n      margin: 8px 0 !important;\n      line-height: 1.4;\n    }\n  \n    .recomendadorV2Button {\n      font-size: 14px;\n      height: 40px;\n      padding: 0 12px;\n      max-width: 100%;\n      width: 100%;\n    }\n  \n    .recomendadorV2Button:after {\n      padding-left: 6px;\n    }\n  }\n  <\/style>\n        <div class=\"lazyblock-recomendador-v2-2jDGz wp-block-lazyblock-recomendador-v2\">\n        <a class=\"linkrecomendadorv2\" href=\"https:\/\/diariodocomercio.com.br\/mix\/greve-dos-caminhoneiros-em-2025-saiba-se-paralisacao-vai-acontecer\/\">\n            <div class=\"recomendadorV2Area\">\n            <div class=\"recomendadorV2Area1\">\n                <div class=\"recomendadorV2Img\">\n                <img class=\"lazyloaded\" decoding=\"async\" src=\"https:\/\/mix.diariodocomercio.com.br\/wp-content\/uploads\/2025\/02\/super-bowl-1-750x375.jpg\" data-src=\"https:\/\/mix.diariodocomercio.com.br\/wp-content\/uploads\/2025\/02\/super-bowl-1-750x375.jpg\" alt=\"\">\n                <\/div>\n            <\/div>\n            <div class=\"recomendadorV2Area2\">\n                <div class=\"recomendadorV2Type\">\n                    <span>ALERTA<\/span>\n                <\/div>\n                <div class=\"recomendadorV2Title\">\n                <h2><span>Greve dos caminhoneiros 2025: saiba se vai ter paralisa\u00e7\u00e3o<\/span><\/h2>\n                <\/div>\n                <div class=\"recomendadorV2Desc\">\n                <span>J\u00e1 tem rumores de uma paralisa\u00e7\u00e3o da categoria. Saiba se pode acontecer <\/span>\n                <\/div>\n                <div class=\"recomendadorV2Button\">Confira!<\/div>\n                <div class=\"recomendadorV2Alert\"><\/div>\n            <\/div>\n            <\/div>\n        <\/a>\n        <div>\n            <div style=\"z-index:99999;\" id=\"buttonClose\" onclick=\"closeRecomendadorFixed()\">\n            <div class=\"recomendadorCloseFixed\">X<\/div>\n            <\/div>\n            <a href=\"https:\/\/diariodocomercio.com.br\/mix\/greve-dos-caminhoneiros-em-2025-saiba-se-paralisacao-vai-acontecer\/\">\n            <div class=\"recomendadorFixedArea\">\n                <div id=\"recomendadorFixed\">\n                <div class=\"recomendadorLeftArea\">\n                    <div class=\"recomendadorImgFixed\">\n                    <img class=\"lazyload\" decoding=\"async\" src=\"https:\/\/mix.diariodocomercio.com.br\/wp-content\/uploads\/2025\/02\/super-bowl-1-750x375.jpg\" alt=\"\">\n                    <\/div>\n                <\/div>\n                <div class=\"recomendadorRightArea\">\n                    <div class=\"recomendadorTitleFixed\">\n                    <h2><span>Greve dos caminhoneiros 2025: saiba se vai ter paralisa\u00e7\u00e3o<\/span><\/h2>\n                    <\/div>\n                    <div class=\"recomendadorButtonFixed\">Confira!<\/div>\n                    <div class=\"recomendadorAlertFixed\"><\/div>\n                <\/div>\n                <\/div>\n            <\/div>\n            <\/a>\n        <\/div>\n        <\/div>\n\n\n\n<h2 class=\"wp-block-heading\">Mais informa\u00e7\u00f5es sobre o processo de blindagem de um carro\u00a0<\/h2>\n\n\n\n<p>As burocracias n\u00e3o param por a\u00ed, pois o dono do ve\u00edculo precisa registar no Departamento de Tr\u00e2nsito (Detran) do seu estado, todas as informa\u00e7\u00f5es sobre a blindagem do carro, mediante ao Certificado de Registro e Licenciamento de Ve\u00edculo (CRLV). Outro detalhe sobre esses procedimentos, \u00e9 que existem n\u00edveis de blindagem e, quanto mais elevado, como no caso do N\u00edvel III, mais licen\u00e7as especiais o Ex\u00e9rcito Brasileiro precisa permitir.&nbsp;<\/p>\n\n\n\n<p>Inclusive, o N\u00edvel IV \u00e9 geralmente restrito e proibido para civis, sendo permitido apenas para empresas espec\u00edficas (como transportadoras de valores). Apesar do \u00f3rg\u00e3o militar ser ativo nesses processos, as taxas para ter essas licen\u00e7as n\u00e3o s\u00e3o exorbitantes e, segundo o Portal <a href=\"http:\/\/gov.br\" target=\"_blank\" rel=\"noopener\">Gov.br<\/a>, est\u00e1 em torno de R$ 25,00 para emitir a autoriza\u00e7\u00e3o para blindagem. No entanto, blindar um carro requer investimento e os pre\u00e7os est\u00e3o em m\u00e9dia entre R$ 50.000 a R$ 120.000, dependendo do n\u00edvel de blindagem.&nbsp;<\/p>\n","protected":false},"excerpt":{"rendered":"<p>Apesar de ser um investimento de alto valor, os carros blindados ficaram mais populares nas metr\u00f3poles, como forma de prote\u00e7\u00e3o diante dos riscos que os propriet\u00e1rios e quem estiver dentro dos ve\u00edculos possam correr. Talvez nem todos saibam, mas o sistema de blindagem de um carro precisa de autoriza\u00e7\u00e3o do Ex\u00e9rcito Brasileiro, embora algumas etapas [&hellip;]<\/p>\n","protected":false},"author":7,"featured_media":8494,"comment_status":"closed","ping_status":"closed","sticky":false,"template":"","format":"standard","meta":{"jnews-multi-image_gallery":[],"jnews_single_post":{"format":"standard"},"jnews_primary_category":[],"jnews_social_meta":[],"jnews_override_counter":[],"jnews_post_split":[],"footnotes":""},"categories":[1],"tags":[],"class_list":["post-8493","post","type-post","status-publish","format-standard","has-post-thumbnail","hentry","category-geral"],"_referencia":"","_links":{"self":[{"href":"https:\/\/diariodocomercio.com.br\/mix\/wp-json\/wp\/v2\/posts\/8493","targetHints":{"allow":["GET"]}}],"collection":[{"href":"https:\/\/diariodocomercio.com.br\/mix\/wp-json\/wp\/v2\/posts"}],"about":[{"href":"https:\/\/diariodocomercio.com.br\/mix\/wp-json\/wp\/v2\/types\/post"}],"author":[{"embeddable":true,"href":"https:\/\/diariodocomercio.com.br\/mix\/wp-json\/wp\/v2\/users\/7"}],"replies":[{"embeddable":true,"href":"https:\/\/diariodocomercio.com.br\/mix\/wp-json\/wp\/v2\/comments?post=8493"}],"version-history":[{"count":1,"href":"https:\/\/diariodocomercio.com.br\/mix\/wp-json\/wp\/v2\/posts\/8493\/revisions"}],"predecessor-version":[{"id":8496,"href":"https:\/\/diariodocomercio.com.br\/mix\/wp-json\/wp\/v2\/posts\/8493\/revisions\/8496"}],"wp:featuredmedia":[{"embeddable":true,"href":"https:\/\/diariodocomercio.com.br\/mix\/wp-json\/wp\/v2\/media\/8494"}],"wp:attachment":[{"href":"https:\/\/diariodocomercio.com.br\/mix\/wp-json\/wp\/v2\/media?parent=8493"}],"wp:term":[{"taxonomy":"category","embeddable":true,"href":"https:\/\/diariodocomercio.com.br\/mix\/wp-json\/wp\/v2\/categories?post=8493"},{"taxonomy":"post_tag","embeddable":true,"href":"https:\/\/diariodocomercio.com.br\/mix\/wp-json\/wp\/v2\/tags?post=8493"}],"curies":[{"name":"wp","href":"https:\/\/api.w.org\/{rel}","templated":true}]}}