{"id":8497,"date":"2025-05-27T17:34:49","date_gmt":"2025-05-27T20:34:49","guid":{"rendered":"https:\/\/diariodocomercio.com.br\/mix\/?p=8497"},"modified":"2025-05-27T17:34:52","modified_gmt":"2025-05-27T20:34:52","slug":"dinheiro-esquecido-banco-central-agora-devolve-automaticamente-para-sua-conta","status":"publish","type":"post","link":"https:\/\/diariodocomercio.com.br\/mix\/dinheiro-esquecido-banco-central-agora-devolve-automaticamente-para-sua-conta\/","title":{"rendered":"Dinheiro esquecido? Banco Central agora devolve automaticamente para sua conta"},"content":{"rendered":"\n<p>A partir desta ter\u00e7a-feira (27\/05), os brasileiros que tiverem dinheiro esquecido em contas, poder\u00e3o resgat\u00e1-los de forma autom\u00e1ticas, atrav\u00e9s do novo sistema do Banco Central. Para isso, \u00e9 necess\u00e1rio se cadastrar para ter direito ao recebimento autom\u00e1tico de eventuais valores esquecidos em bancos e institui\u00e7\u00f5es financeiras. Para otimizar os pagamentos, o SVR (Sistema Valores a Receber) passou por mudan\u00e7as e, o que antes precisava ser manual, agora as solicita\u00e7\u00f5es ser\u00e3o automatizadas.&nbsp;<\/p>\n\n\n\n<p>Esses valores s\u00e3o considerados \u201cdinheiros esquecidos\u201d por cidad\u00e3os ou empresas em institui\u00e7\u00f5es financeiras como bancos e cons\u00f3rcios, que ficaram guardados nos \u00faltimos anos. Para explicar essa nova funcionalidade, o BC emitiu uma nota para a popula\u00e7\u00e3o: <em>\u201cA novidade \u00e9 apenas na forma de solicitar o resgate. Antes, era necess\u00e1rio fazer um procedimento manual para cada pedido de resgate. Agora, quem quiser, pode automatizar as solicita\u00e7\u00f5es. Todas as demais funcionalidades do sistema continuam iguais\u201d.&nbsp;<\/em><\/p>\n\n\n\n \n \t\n<style>@media (min-width: 992px) {\n    .recomendadorV2Area1 {\n        width: 280px;\n    }\n    .recomendadorV2Area2 {\n        padding: 0px 20px;\n        width: calc(100% - 280px);\n    }\n}\n\n@media (max-width: 992px) {\n    .recomendadorV2Button {\n        margin: 0 auto;\n    }\n    .recomendadorV2Area {\n        flex-direction: column;\n        text-align: center;\n    }\n    .recomendadorV2Area2 {\n        padding: 0px 20px;\n    }\n}\n\n.recomendadorV2Area {\n    background: #eeeeee3d;\n    border-radius: 10px;\n    padding: 15px;\n    display: flex;\n    margin: 15px auto;\n    border: 1px solid #00000014;\n    max-width: 800px;\n}\n\n.recomendadorV2Area1 img {\n    width: 280px;\n    height: auto;\n    border-radius: 8px;\n}\n\n.linkrecomendadorv2 {\n    text-decoration: none !important;\n}\n\n.recomendadorV2Area2 .recomendadorV2Type {\n    text-transform: uppercase;\n    font-weight: 500;\n    font-size: 11px;\n    letter-spacing: 2px;\n    color: #666;\n    margin: 12px 0;\n    display: block;\n}\n\n.recomendadorV2Title h2 {\n    padding-top: 0px !important;\n    margin: 0px !important;\n    border-left: none !important;\n    padding-left: 0px !important;\n    line-height: 1.3;\n    color: #000 !important;\n    font-size: 24px;\n    margin-bottom: 12px !important;\n}\n\n.recomendadorV2Desc {\n    color: #333;\n    margin: 12px 0px !important;\n    font-size: 15px;\n    line-height: 1.5;\n}\n\n.recomendadorV2Button {\n    width: auto;\n    max-width: 200px;\n    margin: 0;\n    display: inline-flex;\n    align-items: center;\n    background: #1D3557;\n    border-radius: 8px;\n    color: #fff;\n    height: 36px;\n    justify-content: center;\n    text-align: center;\n    font-size: 14px;\n    padding: 0 20px;\n    transition: background-color 0.2s ease;\n}\n\n.recomendadorV2Button:hover {\n    background: #2a4d7a;\n}\n\n.recomendadorV2Button:after {\n    margin-top: -2px;\n    content: \"\u2192\";\n    padding: 0px 0px 0px 8px;\n}\n\n.recomendadorV2Alert {\n    text-align: left;\n    font-size: 11px;\n    margin-top: 8px;\n    color: #666;\n}\n\n.recomendadorFixedArea {\n    width: 100%;\n    display: flex;\n    justify-content: center;\n    align-items: center;\n}\n\n@media (min-width: 992px) {\n    #recomendadorFixed {\n        width: 32% !important;\n        left: 5%;\n    }\n    .recomendadorCloseFixed{\n        right: inherit !important;\n        left: 378px !important;\n    }\n}\n\n#recomendadorFixed {\n    width: 90%;\n    box-shadow: 0 10px 20px 0px #00000057;\n    display: none;\n    height: 90px;\n    background: #F6F6F6;\n    position: fixed;\n    flex-direction: row;\n    bottom: 10px;\n    z-index: 9999;\n    border-radius: 16px;\n    padding: 7px 10px;\n}\n\n.recomendadorLeftArea {\n    width: 160px;\n}\n\n.recomendadorRightArea h2 {\n    padding-top: 0px;\n    margin: 2px 0px 4px 0px !important;\n    font-weight: 400;\n    text-align: center;\n    padding-left: 0px !important;\n    color: #000 !important;\n    border-left: none !important;\n    line-height: 20px;\n    font-size: 12px !important;\n}\n\n.recomendadorImgFixed {\n    overflow: hidden;\n    padding: 8px 6px;\n    height: 100%;\n}\n\n.recomendadorImgFixed img {\n    height: 100% !important;\n    border-radius: 16px;\n}\n\n.recomendadorRightArea {\n    padding-top: 6px;\n    display: flex;\n    width: calc(100% - 130px);\n    justify-content: space-between;\n    align-items: center;\n    flex-direction: column;\n}\n\n.recomendadorButtonFixed {\n    margin: 0 auto;\n    background: #1D3557;\n    width: 80%;\n    text-align: center;\n    font-size: 10px;\n    color: #FFF;\n    padding: 2px 10px;\n    border-radius: 3px;\n}\n\n.recomendadorButtonFixed:after {\n    margin-top: -3px;\n    content: \"\u2192\";\n    padding: 0px 0px 0px 10px;\n}\n\n.recomendadorAlertFixed {\n    font-weight: 400;\n    text-align: center;\n    color: #484848;\n    font-size: 8px;\n}\n\n.recomendadorCloseFixed {\n    z-index: 99999;\n    display: none;\n    right: 0px;\n    left: inherit;\n    bottom: 99px;\n    position: fixed;\n    justify-content: center;\n    background: #F6F6F6;\n    width: 25px;\n    align-items: center;\n    height: 25px;\n    font-weight: 800;\n    border-radius: 50%;\n    border: 1px solid #EBEBEB;\n}\n\n.recomendadorV2Desc{\n    color: #000000;\n    margin: 20px 0px;\n}\n\n@media (max-width: 576px) {\n    .recomendadorV2Area {\n      padding: 10px;\n      max-width: 100%;\n    }\n  \n    .recomendadorV2Area1 img {\n      width: 100%;\n      border-radius: 6px;\n    }\n  \n    .recomendadorV2Area2 .recomendadorV2Type {\n      font-size: 9px;\n      letter-spacing: 1px;\n      margin: 8px 0;\n    }\n  \n    .recomendadorV2Title h2 {\n      font-size: 18px !important;\n      margin-bottom: 8px !important;\n      line-height: 1.2;\n    }\n  \n    .recomendadorV2Desc {\n      font-size: 14px;\n      margin: 8px 0 !important;\n      line-height: 1.4;\n    }\n  \n    .recomendadorV2Button {\n      font-size: 14px;\n      height: 40px;\n      padding: 0 12px;\n      max-width: 100%;\n      width: 100%;\n    }\n  \n    .recomendadorV2Button:after {\n      padding-left: 6px;\n    }\n  }\n  <\/style>\n        <div class=\"lazyblock-recomendador-v2-2jDGz wp-block-lazyblock-recomendador-v2\">\n        <a class=\"linkrecomendadorv2\" href=\"https:\/\/diariodocomercio.com.br\/mix\/quando-vai-ser-pago-o-13o-de-2025-para-aposentados-confira-o-calendario\/\">\n            <div class=\"recomendadorV2Area\">\n            <div class=\"recomendadorV2Area1\">\n                <div class=\"recomendadorV2Img\">\n                <img class=\"lazyloaded\" decoding=\"async\" src=\"https:\/\/www.gov.br\/inss\/pt-br\/noticias\/calendario-de-pagamentos-2025-ja-esta-disponivel\/arte_calendario_pagamento_2025.jpg\" data-src=\"https:\/\/www.gov.br\/inss\/pt-br\/noticias\/calendario-de-pagamentos-2025-ja-esta-disponivel\/arte_calendario_pagamento_2025.jpg\" alt=\"\">\n                <\/div>\n            <\/div>\n            <div class=\"recomendadorV2Area2\">\n                <div class=\"recomendadorV2Type\">\n                    <span>DINHEIRO<\/span>\n                <\/div>\n                <div class=\"recomendadorV2Title\">\n                <h2><span>13\u00b0 sal\u00e1rio de 2025 para aposentados j\u00e1 tem data para cair<\/span><\/h2>\n                <\/div>\n                <div class=\"recomendadorV2Desc\">\n                <span>Quando vai ser pago o 13\u00b0 de 2025 para aposentados? Confira o calend\u00e1rio oficial.<\/span>\n                <\/div>\n                <div class=\"recomendadorV2Button\">Ver calend\u00e1rio<\/div>\n                <div class=\"recomendadorV2Alert\"><\/div>\n            <\/div>\n            <\/div>\n        <\/a>\n        <div>\n            <div style=\"z-index:99999;\" id=\"buttonClose\" onclick=\"closeRecomendadorFixed()\">\n            <div class=\"recomendadorCloseFixed\">X<\/div>\n            <\/div>\n            <a href=\"https:\/\/diariodocomercio.com.br\/mix\/quando-vai-ser-pago-o-13o-de-2025-para-aposentados-confira-o-calendario\/\">\n            <div class=\"recomendadorFixedArea\">\n                <div id=\"recomendadorFixed\">\n                <div class=\"recomendadorLeftArea\">\n                    <div class=\"recomendadorImgFixed\">\n                    <img class=\"lazyload\" decoding=\"async\" src=\"https:\/\/www.gov.br\/inss\/pt-br\/noticias\/calendario-de-pagamentos-2025-ja-esta-disponivel\/arte_calendario_pagamento_2025.jpg\" alt=\"\">\n                    <\/div>\n                <\/div>\n                <div class=\"recomendadorRightArea\">\n                    <div class=\"recomendadorTitleFixed\">\n                    <h2><span>13\u00b0 sal\u00e1rio de 2025 para aposentados j\u00e1 tem data para cair<\/span><\/h2>\n                    <\/div>\n                    <div class=\"recomendadorButtonFixed\">Ver calend\u00e1rio<\/div>\n                    <div class=\"recomendadorAlertFixed\"><\/div>\n                <\/div>\n                <\/div>\n            <\/div>\n            <\/a>\n        <\/div>\n        <\/div>\n\n\n\n<h2 class=\"wp-block-heading\">O que s\u00e3o considerados \u201cdinheiros esquecidos\u201d?<\/h2>\n\n\n\n<p>Para entender melhor o que s\u00e3o esses valores que podem ser resgatados, o BC explica que foram recursos que ficaram parados em contas ou que foram cobrados indevidamente, como no caso de contas-correntes ou poupan\u00e7as encerradas com saldo dispon\u00edvel; cobran\u00e7as indevidas de tarifas ou obriga\u00e7\u00f5es de cr\u00e9dito; cotas de de capital e rateio de sobras l\u00edquidas de associados de cooperativas de cr\u00e9dito; cons\u00f3rcios extintos com saldo dispon\u00edvel; contas de pagamento pr\u00e9-paga ou p\u00f3s-paga (inclusive cart\u00f5es de cr\u00e9dito) encerradas com saldo dispon\u00edvel ou outros recursos dispon\u00edveis nas institui\u00e7\u00f5es para devolu\u00e7\u00e3o.<\/p>\n\n\n\n<h2 class=\"wp-block-heading\">Como habilitar o Sistema Valores a Receber?<\/h2>\n\n\n\n<p>A habilita\u00e7\u00e3o precisa ser feita pelo conta do <a href=\"http:\/\/gov.br\" target=\"_blank\" rel=\"noopener\">Gov.br<\/a> de n\u00edvel prata ou ouro e verifica\u00e7\u00e3o em duas etapas ativadas. <em>\u201cA solicita\u00e7\u00e3o autom\u00e1tica \u00e9 exclusiva para pessoas f\u00edsicas e est\u00e1 dispon\u00edvel apenas para quem possui chave pix do tipo CPF. Quem ainda n\u00e3o possui essa chave deve cadastr\u00e1-la junto \u00e0 sua institui\u00e7\u00e3o financeira\u201d<\/em>, explicou o BC.<\/p>\n","protected":false},"excerpt":{"rendered":"<p>A partir desta ter\u00e7a-feira (27\/05), os brasileiros que tiverem dinheiro esquecido em contas, poder\u00e3o resgat\u00e1-los de forma autom\u00e1ticas, atrav\u00e9s do novo sistema do Banco Central. Para isso, \u00e9 necess\u00e1rio se cadastrar para ter direito ao recebimento autom\u00e1tico de eventuais valores esquecidos em bancos e institui\u00e7\u00f5es financeiras. Para otimizar os pagamentos, o SVR (Sistema Valores a [&hellip;]<\/p>\n","protected":false},"author":7,"featured_media":7445,"comment_status":"closed","ping_status":"closed","sticky":false,"template":"","format":"standard","meta":{"jnews-multi-image_gallery":[],"jnews_single_post":{"format":"standard"},"jnews_primary_category":[],"jnews_social_meta":[],"jnews_override_counter":[],"jnews_post_split":[],"footnotes":""},"categories":[1],"tags":[],"class_list":["post-8497","post","type-post","status-publish","format-standard","has-post-thumbnail","hentry","category-geral"],"_referencia":"","_links":{"self":[{"href":"https:\/\/diariodocomercio.com.br\/mix\/wp-json\/wp\/v2\/posts\/8497","targetHints":{"allow":["GET"]}}],"collection":[{"href":"https:\/\/diariodocomercio.com.br\/mix\/wp-json\/wp\/v2\/posts"}],"about":[{"href":"https:\/\/diariodocomercio.com.br\/mix\/wp-json\/wp\/v2\/types\/post"}],"author":[{"embeddable":true,"href":"https:\/\/diariodocomercio.com.br\/mix\/wp-json\/wp\/v2\/users\/7"}],"replies":[{"embeddable":true,"href":"https:\/\/diariodocomercio.com.br\/mix\/wp-json\/wp\/v2\/comments?post=8497"}],"version-history":[{"count":1,"href":"https:\/\/diariodocomercio.com.br\/mix\/wp-json\/wp\/v2\/posts\/8497\/revisions"}],"predecessor-version":[{"id":8503,"href":"https:\/\/diariodocomercio.com.br\/mix\/wp-json\/wp\/v2\/posts\/8497\/revisions\/8503"}],"wp:featuredmedia":[{"embeddable":true,"href":"https:\/\/diariodocomercio.com.br\/mix\/wp-json\/wp\/v2\/media\/7445"}],"wp:attachment":[{"href":"https:\/\/diariodocomercio.com.br\/mix\/wp-json\/wp\/v2\/media?parent=8497"}],"wp:term":[{"taxonomy":"category","embeddable":true,"href":"https:\/\/diariodocomercio.com.br\/mix\/wp-json\/wp\/v2\/categories?post=8497"},{"taxonomy":"post_tag","embeddable":true,"href":"https:\/\/diariodocomercio.com.br\/mix\/wp-json\/wp\/v2\/tags?post=8497"}],"curies":[{"name":"wp","href":"https:\/\/api.w.org\/{rel}","templated":true}]}}