{"id":8500,"date":"2025-05-27T17:49:45","date_gmt":"2025-05-27T20:49:45","guid":{"rendered":"https:\/\/diariodocomercio.com.br\/mix\/?p=8500"},"modified":"2025-05-27T17:49:48","modified_gmt":"2025-05-27T20:49:48","slug":"turistas-afirmam-que-boneca-annabelle-desapareceu-de-museu","status":"publish","type":"post","link":"https:\/\/diariodocomercio.com.br\/mix\/turistas-afirmam-que-boneca-annabelle-desapareceu-de-museu\/","title":{"rendered":"Turistas afirmam que boneca Annabelle desapareceu de Museu"},"content":{"rendered":"\n<p>A famosa boneca Annabelle, que inspirou filmes de terror e \u00e9 associada a eventos paranormais desde a d\u00e9cada de 1970, voltou a causar alvoro\u00e7o nas redes sociais. Turistas que participaram de uma exposi\u00e7\u00e3o itinerante nos Estados Unidos afirmaram que o objeto teria desaparecido, alimentando teorias de que a pe\u00e7a teria escapado de sua redoma de seguran\u00e7a.<\/p>\n\n\n\n<p>Annabelle \u00e9 uma boneca do tipo <em>Raggedy Ann<\/em> que, segundo relatos, passou a apresentar comportamentos estranhos ap\u00f3s ser dada de presente a uma estudante de enfermagem em Hartford, Connecticut. Acusa\u00e7\u00f5es de que o brinquedo se movia sozinho, deixava bilhetes amea\u00e7adores e at\u00e9 atacava pessoas chamaram a aten\u00e7\u00e3o do casal de investigadores paranormais Ed e Lorraine Warren, que a classificaram como manipulada por uma entidade demon\u00edaca.<\/p>\n\n\n\n<p>Desde ent\u00e3o, a boneca passou a ser mantida no Museu Oculto dos Warrens, em Monroe, estado de Connecticut. No entanto, com o aumento da popularidade gerada pelos filmes da franquia <em>Invoca\u00e7\u00e3o do Mal<\/em>, Annabelle foi inclu\u00edda em uma exposi\u00e7\u00e3o itinerante promovida pela New England Society for Psychic Research (NESPR), chamada <em>Devils on the Run<\/em>.<\/p>\n\n\n<div class=\"wp-block-image\">\n<figure class=\"aligncenter size-full\"><img decoding=\"async\" width=\"634\" height=\"792\" src=\"https:\/\/diariodocomercio.com.br\/mix\/wp-content\/uploads\/2025\/05\/98733219-14751103-Due_to_her_popularity_the_real_Annabelle_doll_was_removed_from_t-a-2_1748280629009.avif\" alt=\"\" class=\"wp-image-8506\" srcset=\"https:\/\/diariodocomercio.com.br\/mix\/wp-content\/uploads\/2025\/05\/98733219-14751103-Due_to_her_popularity_the_real_Annabelle_doll_was_removed_from_t-a-2_1748280629009.avif 634w, https:\/\/diariodocomercio.com.br\/mix\/wp-content\/uploads\/2025\/05\/98733219-14751103-Due_to_her_popularity_the_real_Annabelle_doll_was_removed_from_t-a-2_1748280629009-240x300.avif 240w, https:\/\/diariodocomercio.com.br\/mix\/wp-content\/uploads\/2025\/05\/98733219-14751103-Due_to_her_popularity_the_real_Annabelle_doll_was_removed_from_t-a-2_1748280629009-150x187.avif 150w\" sizes=\"(max-width: 634px) 100vw, 634px\" \/><figcaption class=\"wp-element-caption\">Boneca Real Annabelle (Reprodu\u00e7\u00e3o\/Alamy Stock Photo)<\/figcaption><\/figure>\n<\/div>\n\n\n<p>A especula\u00e7\u00e3o sobre o desaparecimento come\u00e7ou ap\u00f3s uma das paradas da turn\u00ea em Nova Orleans, no in\u00edcio de maio. Alguns visitantes alegaram n\u00e3o ter visto a boneca durante a visita, o que gerou d\u00favidas sobre sua presen\u00e7a no evento. Coincidentemente, um inc\u00eandio atingiu o resort hist\u00f3rico Nottoway Plantation, nas proximidades, o que intensificou o clima de mist\u00e9rio.<\/p>\n\n\n\n<p>As redes sociais foram tomadas por boatos de que a boneca teria fugido ou sido roubada, e que isso poderia estar relacionado a eventos paranormais. A inquieta\u00e7\u00e3o aumentou entre f\u00e3s do terror e colecionadores de objetos sobrenaturais, alguns dos quais manifestaram preocupa\u00e7\u00e3o com o transporte da pe\u00e7a, por acreditarem que ela n\u00e3o deveria sair do museu.<\/p>\n\n\n\n<h2 class=\"wp-block-heading\"><strong>Investigadores desmentem e mostram Annabelle no museu<\/strong><\/h2>\n\n\n\n<p>Diante da repercuss\u00e3o, Dan Rivera, principal investigador da NESPR, publicou um v\u00eddeo nas redes sociais desmentindo os rumores. No TikTok, ele aparece dentro do Museu Oculto dos Warrens e mostra a boneca, devidamente guardada em sua caixa de madeira trancada.<\/p>\n\n\n\n<p>\u201cAnnabelle n\u00e3o est\u00e1 desaparecida. Ela n\u00e3o foi para Chicago. Ela est\u00e1 aqui no museu, onde sempre esteve\u201d, afirmou Rivera. A NESPR tamb\u00e9m refor\u00e7ou a informa\u00e7\u00e3o em sua p\u00e1gina oficial no Facebook: <\/p>\n\n\n\n<blockquote class=\"wp-block-quote is-layout-flow wp-block-quote-is-layout-flow\">\n<p>\u201c\u00c9 apenas um boato&#8230; Annabelle N\u00c3O foi roubada. A boneca est\u00e1 em seguran\u00e7a no Museu Oculto dos Warrens.\u201d<\/p>\n<\/blockquote>\n\n\n\n<figure class=\"wp-block-embed is-type-video is-provider-youtube wp-block-embed-youtube wp-embed-aspect-16-9 wp-has-aspect-ratio\"><div class=\"wp-block-embed__wrapper\">\n<div class=\"jeg_video_container jeg_video_content\"><iframe loading=\"lazy\" title=\"ANNABELLE - Trailer Oficial 1 (leg) [HD]\" width=\"500\" height=\"281\" src=\"https:\/\/www.youtube.com\/embed\/kHl6aU30pIo?feature=oembed\" frameborder=\"0\" allow=\"accelerometer; autoplay; clipboard-write; encrypted-media; gyroscope; picture-in-picture; web-share\" referrerpolicy=\"strict-origin-when-cross-origin\" allowfullscreen><\/iframe><\/div>\n<\/div><figcaption class=\"wp-element-caption\">Trailer Annabelle (Reprodu\u00e7\u00e3o\/Youtube\/Warner Bros Pictures)<\/figcaption><\/figure>\n\n\n\n<blockquote class=\"wp-block-quote is-layout-flow wp-block-quote-is-layout-flow\">\n<p>\u201cEla n\u00e3o viajou de primeira classe, n\u00e3o saiu para visitar o namorado. Est\u00e1 exatamente onde deveria estar\u201d, ironizou na ocasi\u00e3o.<\/p>\n<\/blockquote>\n\n\n\n<p>Esse n\u00e3o foi o primeiro susto envolvendo a poss\u00edvel \u201cfuga\u201d da boneca. Em 2020, Tony Spera, genro dos Warrens e atual respons\u00e1vel pelo acervo, tamb\u00e9m precisou vir a p\u00fablico negar uma suposta sa\u00edda da pe\u00e7a. <\/p>\n","protected":false},"excerpt":{"rendered":"<p>A famosa boneca Annabelle, que inspirou filmes de terror e \u00e9 associada a eventos paranormais desde a d\u00e9cada de 1970, voltou a causar alvoro\u00e7o nas redes sociais. Turistas que participaram de uma exposi\u00e7\u00e3o itinerante nos Estados Unidos afirmaram que o objeto teria desaparecido, alimentando teorias de que a pe\u00e7a teria escapado de sua redoma de [&hellip;]<\/p>\n","protected":false},"author":9,"featured_media":8507,"comment_status":"closed","ping_status":"closed","sticky":false,"template":"","format":"standard","meta":{"jnews-multi-image_gallery":[],"jnews_single_post":{"format":"standard"},"jnews_primary_category":[],"jnews_social_meta":[],"jnews_override_counter":[],"jnews_post_split":[],"footnotes":""},"categories":[1],"tags":[],"class_list":["post-8500","post","type-post","status-publish","format-standard","has-post-thumbnail","hentry","category-geral"],"_referencia":"","_links":{"self":[{"href":"https:\/\/diariodocomercio.com.br\/mix\/wp-json\/wp\/v2\/posts\/8500","targetHints":{"allow":["GET"]}}],"collection":[{"href":"https:\/\/diariodocomercio.com.br\/mix\/wp-json\/wp\/v2\/posts"}],"about":[{"href":"https:\/\/diariodocomercio.com.br\/mix\/wp-json\/wp\/v2\/types\/post"}],"author":[{"embeddable":true,"href":"https:\/\/diariodocomercio.com.br\/mix\/wp-json\/wp\/v2\/users\/9"}],"replies":[{"embeddable":true,"href":"https:\/\/diariodocomercio.com.br\/mix\/wp-json\/wp\/v2\/comments?post=8500"}],"version-history":[{"count":1,"href":"https:\/\/diariodocomercio.com.br\/mix\/wp-json\/wp\/v2\/posts\/8500\/revisions"}],"predecessor-version":[{"id":8509,"href":"https:\/\/diariodocomercio.com.br\/mix\/wp-json\/wp\/v2\/posts\/8500\/revisions\/8509"}],"wp:featuredmedia":[{"embeddable":true,"href":"https:\/\/diariodocomercio.com.br\/mix\/wp-json\/wp\/v2\/media\/8507"}],"wp:attachment":[{"href":"https:\/\/diariodocomercio.com.br\/mix\/wp-json\/wp\/v2\/media?parent=8500"}],"wp:term":[{"taxonomy":"category","embeddable":true,"href":"https:\/\/diariodocomercio.com.br\/mix\/wp-json\/wp\/v2\/categories?post=8500"},{"taxonomy":"post_tag","embeddable":true,"href":"https:\/\/diariodocomercio.com.br\/mix\/wp-json\/wp\/v2\/tags?post=8500"}],"curies":[{"name":"wp","href":"https:\/\/api.w.org\/{rel}","templated":true}]}}