{"id":8504,"date":"2025-05-27T18:07:45","date_gmt":"2025-05-27T21:07:45","guid":{"rendered":"https:\/\/diariodocomercio.com.br\/mix\/?p=8504"},"modified":"2025-05-27T18:07:48","modified_gmt":"2025-05-27T21:07:48","slug":"com-direito-a-filme-de-neymar-netflix-vai-lancar-10-producoes-nacionais-gigantescas","status":"publish","type":"post","link":"https:\/\/diariodocomercio.com.br\/mix\/com-direito-a-filme-de-neymar-netflix-vai-lancar-10-producoes-nacionais-gigantescas\/","title":{"rendered":"Com direito a filme de Neymar, Netflix vai lan\u00e7ar 10 produ\u00e7\u00f5es nacionais gigantescas"},"content":{"rendered":"\n<p>Para ampliar ainda mais as op\u00e7\u00f5es de produ\u00e7\u00f5es brasileiras no cat\u00e1logo, a Netflix anunciou que vai investir em mais 10 novas hist\u00f3rias, entre s\u00e9ries, filmes, reality shows e document\u00e1rios at\u00e9 o final de 2025. Alguns projetos est\u00e3o no est\u00e1gio inicial e contar\u00e1 com parcerias entre criadores, diretores e produtores nacionais. Diante do sucesso internacional do cinema brasileiro, essa \u00e9 mais uma oportunidade para explorar novos universos para expandir a representatividade das narrativas brasileiras no audiovisual.<\/p>\n\n\n\n<p>Entre os destaques, est\u00e3o o document\u00e1rio sobre o Santos e como foi os bastidores do retorno de Neymar Jr. ao clube que o revelou. Produzido pela Improbable Media e Ginga Pictures, a produ\u00e7\u00e3o mostrar\u00e1 como foram os \u00faltimos anos do Peixe, desde a morte de Pel\u00e9 ao rebaixamento para a S\u00e9rie B. Mas, o triunfo do retorno do camisa 10 para a Vila Belmiro foi um dos pontos altos do clube, apesar das les\u00f5es.&nbsp;<\/p>\n\n\n\n<style>@media (min-width: 992px) {\n    .recomendadorV2Area1 {\n        width: 280px;\n    }\n    .recomendadorV2Area2 {\n        padding: 0px 20px;\n        width: calc(100% - 280px);\n    }\n}\n\n@media (max-width: 992px) {\n    .recomendadorV2Button {\n        margin: 0 auto;\n    }\n    .recomendadorV2Area {\n        flex-direction: column;\n        text-align: center;\n    }\n    .recomendadorV2Area2 {\n        padding: 0px 20px;\n    }\n}\n\n.recomendadorV2Area {\n    background: #eeeeee3d;\n    border-radius: 10px;\n    padding: 15px;\n    display: flex;\n    margin: 15px auto;\n    border: 1px solid #00000014;\n    max-width: 800px;\n}\n\n.recomendadorV2Area1 img {\n    width: 280px;\n    height: auto;\n    border-radius: 8px;\n}\n\n.linkrecomendadorv2 {\n    text-decoration: none !important;\n}\n\n.recomendadorV2Area2 .recomendadorV2Type {\n    text-transform: uppercase;\n    font-weight: 500;\n    font-size: 11px;\n    letter-spacing: 2px;\n    color: #666;\n    margin: 12px 0;\n    display: block;\n}\n\n.recomendadorV2Title h2 {\n    padding-top: 0px !important;\n    margin: 0px !important;\n    border-left: none !important;\n    padding-left: 0px !important;\n    line-height: 1.3;\n    color: #000 !important;\n    font-size: 24px;\n    margin-bottom: 12px !important;\n}\n\n.recomendadorV2Desc {\n    color: #333;\n    margin: 12px 0px !important;\n    font-size: 15px;\n    line-height: 1.5;\n}\n\n.recomendadorV2Button {\n    width: auto;\n    max-width: 200px;\n    margin: 0;\n    display: inline-flex;\n    align-items: center;\n    background: #1D3557;\n    border-radius: 8px;\n    color: #fff;\n    height: 36px;\n    justify-content: center;\n    text-align: center;\n    font-size: 14px;\n    padding: 0 20px;\n    transition: background-color 0.2s ease;\n}\n\n.recomendadorV2Button:hover {\n    background: #2a4d7a;\n}\n\n.recomendadorV2Button:after {\n    margin-top: -2px;\n    content: \"\u2192\";\n    padding: 0px 0px 0px 8px;\n}\n\n.recomendadorV2Alert {\n    text-align: left;\n    font-size: 11px;\n    margin-top: 8px;\n    color: #666;\n}\n\n.recomendadorFixedArea {\n    width: 100%;\n    display: flex;\n    justify-content: center;\n    align-items: center;\n}\n\n@media (min-width: 992px) {\n    #recomendadorFixed {\n        width: 32% !important;\n        left: 5%;\n    }\n    .recomendadorCloseFixed{\n        right: inherit !important;\n        left: 378px !important;\n    }\n}\n\n#recomendadorFixed {\n    width: 90%;\n    box-shadow: 0 10px 20px 0px #00000057;\n    display: none;\n    height: 90px;\n    background: #F6F6F6;\n    position: fixed;\n    flex-direction: row;\n    bottom: 10px;\n    z-index: 9999;\n    border-radius: 16px;\n    padding: 7px 10px;\n}\n\n.recomendadorLeftArea {\n    width: 160px;\n}\n\n.recomendadorRightArea h2 {\n    padding-top: 0px;\n    margin: 2px 0px 4px 0px !important;\n    font-weight: 400;\n    text-align: center;\n    padding-left: 0px !important;\n    color: #000 !important;\n    border-left: none !important;\n    line-height: 20px;\n    font-size: 12px !important;\n}\n\n.recomendadorImgFixed {\n    overflow: hidden;\n    padding: 8px 6px;\n    height: 100%;\n}\n\n.recomendadorImgFixed img {\n    height: 100% !important;\n    border-radius: 16px;\n}\n\n.recomendadorRightArea {\n    padding-top: 6px;\n    display: flex;\n    width: calc(100% - 130px);\n    justify-content: space-between;\n    align-items: center;\n    flex-direction: column;\n}\n\n.recomendadorButtonFixed {\n    margin: 0 auto;\n    background: #1D3557;\n    width: 80%;\n    text-align: center;\n    font-size: 10px;\n    color: #FFF;\n    padding: 2px 10px;\n    border-radius: 3px;\n}\n\n.recomendadorButtonFixed:after {\n    margin-top: -3px;\n    content: \"\u2192\";\n    padding: 0px 0px 0px 10px;\n}\n\n.recomendadorAlertFixed {\n    font-weight: 400;\n    text-align: center;\n    color: #484848;\n    font-size: 8px;\n}\n\n.recomendadorCloseFixed {\n    z-index: 99999;\n    display: none;\n    right: 0px;\n    left: inherit;\n    bottom: 99px;\n    position: fixed;\n    justify-content: center;\n    background: #F6F6F6;\n    width: 25px;\n    align-items: center;\n    height: 25px;\n    font-weight: 800;\n    border-radius: 50%;\n    border: 1px solid #EBEBEB;\n}\n\n.recomendadorV2Desc{\n    color: #000000;\n    margin: 20px 0px;\n}\n\n@media (max-width: 576px) {\n    .recomendadorV2Area {\n      padding: 10px;\n      max-width: 100%;\n    }\n  \n    .recomendadorV2Area1 img {\n      width: 100%;\n      border-radius: 6px;\n    }\n  \n    .recomendadorV2Area2 .recomendadorV2Type {\n      font-size: 9px;\n      letter-spacing: 1px;\n      margin: 8px 0;\n    }\n  \n    .recomendadorV2Title h2 {\n      font-size: 18px !important;\n      margin-bottom: 8px !important;\n      line-height: 1.2;\n    }\n  \n    .recomendadorV2Desc {\n      font-size: 14px;\n      margin: 8px 0 !important;\n      line-height: 1.4;\n    }\n  \n    .recomendadorV2Button {\n      font-size: 14px;\n      height: 40px;\n      padding: 0 12px;\n      max-width: 100%;\n      width: 100%;\n    }\n  \n    .recomendadorV2Button:after {\n      padding-left: 6px;\n    }\n  }\n  <\/style>\n        <div class=\"lazyblock-recomendador-v2-2jDGz wp-block-lazyblock-recomendador-v2\">\n        <a class=\"linkrecomendadorv2\" href=\"https:\/\/diariodocomercio.com.br\/mix\/cidade-brasileira-atrai-turistas-e-supera-nova-york\/\">\n            <div class=\"recomendadorV2Area\">\n            <div class=\"recomendadorV2Area1\">\n                <div class=\"recomendadorV2Img\">\n                <img class=\"lazyloaded\" decoding=\"async\" src=\"https:\/\/mix.diariodocomercio.com.br\/wp-content\/uploads\/2025\/02\/Nova-York-1140x570.jpg\" data-src=\"https:\/\/mix.diariodocomercio.com.br\/wp-content\/uploads\/2025\/02\/Nova-York-1140x570.jpg\" alt=\"\">\n                <\/div>\n            <\/div>\n            <div class=\"recomendadorV2Area2\">\n                <div class=\"recomendadorV2Type\">\n                    <span>COMUNICADO<\/span>\n                <\/div>\n                <div class=\"recomendadorV2Title\">\n                <h2><span>Cidade brasileira atrai turistas e supera Nova York<\/span><\/h2>\n                <\/div>\n                <div class=\"recomendadorV2Desc\">\n                <span>Entrou para o ranking de destinos preferidos para viajar do mundo!<\/span>\n                <\/div>\n                <div class=\"recomendadorV2Button\">Confira<\/div>\n                <div class=\"recomendadorV2Alert\"><\/div>\n            <\/div>\n            <\/div>\n        <\/a>\n        <div>\n            <div style=\"z-index:99999;\" id=\"buttonClose\" onclick=\"closeRecomendadorFixed()\">\n            <div class=\"recomendadorCloseFixed\">X<\/div>\n            <\/div>\n            <a href=\"https:\/\/diariodocomercio.com.br\/mix\/cidade-brasileira-atrai-turistas-e-supera-nova-york\/\">\n            <div class=\"recomendadorFixedArea\">\n                <div id=\"recomendadorFixed\">\n                <div class=\"recomendadorLeftArea\">\n                    <div class=\"recomendadorImgFixed\">\n                    <img class=\"lazyload\" decoding=\"async\" src=\"https:\/\/mix.diariodocomercio.com.br\/wp-content\/uploads\/2025\/02\/Nova-York-1140x570.jpg\" alt=\"\">\n                    <\/div>\n                <\/div>\n                <div class=\"recomendadorRightArea\">\n                    <div class=\"recomendadorTitleFixed\">\n                    <h2><span>Cidade brasileira atrai turistas e supera Nova York<\/span><\/h2>\n                    <\/div>\n                    <div class=\"recomendadorButtonFixed\">Confira<\/div>\n                    <div class=\"recomendadorAlertFixed\"><\/div>\n                <\/div>\n                <\/div>\n            <\/div>\n            <\/a>\n        <\/div>\n        <\/div>\n\n\n\n<h2 class=\"wp-block-heading\">Mais informa\u00e7\u00f5es sobre as 10 produ\u00e7\u00f5es nacionais na Netflix\u00a0<\/h2>\n\n\n\n<p>Quem confirmou este an\u00fancio foi Elisabetta Zenatti, respons\u00e1vel pelo VP de Conte\u00fado da Netflix no Brasil, que explicou como ser\u00e3o esses pr\u00f3ximos passos:<em> &#8220;Estamos produzindo hist\u00f3rias que s\u00f3 poderiam nascer aqui no pa\u00eds, por talentos brasileiros com um olhar ambicioso e sedento por novas maneiras de contar hist\u00f3rias&#8221;<\/em>, afirma.&nbsp;<\/p>\n\n\n\n<p><em>&#8220;Cada produ\u00e7\u00e3o carrega um diferencial \u2014 seja no tema, na abordagem ou no g\u00eanero \u2014 e faz parte do nosso compromisso cont\u00ednuo com o mercado audiovisual brasileiro, principalmente em inova\u00e7\u00e3o e desenvolvimento. Essas dez novas hist\u00f3rias s\u00e3o um panorama diverso da produ\u00e7\u00e3o nacional, com projetos que refletem a nossa pot\u00eancia criativa e a pluralidade da cultura brasileira\u201d,<\/em> acrescentou Zanatti.&nbsp;<\/p>\n\n\n\n<p>Al\u00e9m do document\u00e1rio com Neymar, tamb\u00e9m ser\u00e1 produzido um filme sobre a hist\u00f3ria de Ronaldinho Ga\u00facho e sua import\u00e2ncia para o futebol e \u201cBrasil 70 &#8211; A Saga do Tri\u201d, miniss\u00e9rie da O2 Filmes que mostra como foi a trajet\u00f3ria dos jogadores brasileiros de futebol no campeonato mundial de 1970.&nbsp;<\/p>\n\n\n\n<p>Sobre outros g\u00eaneros, haver\u00e1 \u201cEmerg\u00eancia Radioativa&#8221;, miniss\u00e9rie inspirada no maior acidente radiol\u00f3gico da hist\u00f3ria fora de uma usina nuclear, ocorrido em Goi\u00e2nia, em 1987, com o C\u00e9sio-137, a s\u00e9rie \u201cF\u00faria\u201d, um novo doc-reality \u201cMeu Namorado Coreano\u201d, que ser\u00e1 inspirado no programa sul-coreano e \u201cFazenda Colonial\u201d, um filme de terror.&nbsp;<\/p>\n","protected":false},"excerpt":{"rendered":"<p>Para ampliar ainda mais as op\u00e7\u00f5es de produ\u00e7\u00f5es brasileiras no cat\u00e1logo, a Netflix anunciou que vai investir em mais 10 novas hist\u00f3rias, entre s\u00e9ries, filmes, reality shows e document\u00e1rios at\u00e9 o final de 2025. Alguns projetos est\u00e3o no est\u00e1gio inicial e contar\u00e1 com parcerias entre criadores, diretores e produtores nacionais. Diante do sucesso internacional do [&hellip;]<\/p>\n","protected":false},"author":7,"featured_media":8505,"comment_status":"closed","ping_status":"closed","sticky":false,"template":"","format":"standard","meta":{"jnews-multi-image_gallery":[],"jnews_single_post":{"format":"standard"},"jnews_primary_category":[],"jnews_social_meta":[],"jnews_override_counter":[],"jnews_post_split":[],"footnotes":""},"categories":[1],"tags":[],"class_list":["post-8504","post","type-post","status-publish","format-standard","has-post-thumbnail","hentry","category-geral"],"_referencia":"","_links":{"self":[{"href":"https:\/\/diariodocomercio.com.br\/mix\/wp-json\/wp\/v2\/posts\/8504","targetHints":{"allow":["GET"]}}],"collection":[{"href":"https:\/\/diariodocomercio.com.br\/mix\/wp-json\/wp\/v2\/posts"}],"about":[{"href":"https:\/\/diariodocomercio.com.br\/mix\/wp-json\/wp\/v2\/types\/post"}],"author":[{"embeddable":true,"href":"https:\/\/diariodocomercio.com.br\/mix\/wp-json\/wp\/v2\/users\/7"}],"replies":[{"embeddable":true,"href":"https:\/\/diariodocomercio.com.br\/mix\/wp-json\/wp\/v2\/comments?post=8504"}],"version-history":[{"count":1,"href":"https:\/\/diariodocomercio.com.br\/mix\/wp-json\/wp\/v2\/posts\/8504\/revisions"}],"predecessor-version":[{"id":8513,"href":"https:\/\/diariodocomercio.com.br\/mix\/wp-json\/wp\/v2\/posts\/8504\/revisions\/8513"}],"wp:featuredmedia":[{"embeddable":true,"href":"https:\/\/diariodocomercio.com.br\/mix\/wp-json\/wp\/v2\/media\/8505"}],"wp:attachment":[{"href":"https:\/\/diariodocomercio.com.br\/mix\/wp-json\/wp\/v2\/media?parent=8504"}],"wp:term":[{"taxonomy":"category","embeddable":true,"href":"https:\/\/diariodocomercio.com.br\/mix\/wp-json\/wp\/v2\/categories?post=8504"},{"taxonomy":"post_tag","embeddable":true,"href":"https:\/\/diariodocomercio.com.br\/mix\/wp-json\/wp\/v2\/tags?post=8504"}],"curies":[{"name":"wp","href":"https:\/\/api.w.org\/{rel}","templated":true}]}}