{"id":8519,"date":"2025-05-27T19:16:37","date_gmt":"2025-05-27T22:16:37","guid":{"rendered":"https:\/\/diariodocomercio.com.br\/mix\/?p=8519"},"modified":"2025-05-27T19:16:39","modified_gmt":"2025-05-27T22:16:39","slug":"bandeira-vermelha-na-conta-de-energia-pega-brasileiros-de-surpresa-em-junho","status":"publish","type":"post","link":"https:\/\/diariodocomercio.com.br\/mix\/bandeira-vermelha-na-conta-de-energia-pega-brasileiros-de-surpresa-em-junho\/","title":{"rendered":"Bandeira vermelha na conta de energia pega brasileiros de surpresa em junho"},"content":{"rendered":"\n<p>Apesar de algumas regi\u00f5es do pa\u00eds terem sido atingidas por chuvas acima do esperado nos \u00faltimos meses, o diretor-geral da ANEEL (Ag\u00eancia Nacional de Energia El\u00e9trica), Sandoval Feitosa, n\u00e3o descartou a possibilidade do acionamento da bandeira vermelha nas tarifas de energia el\u00e9trica no segundo semestre deste ano. Suas declara\u00e7\u00f5es ocorreram durante o evento XP F\u00f3rum Pol\u00edtico Setorial Energia, no qual o dirigente explicou que a combina\u00e7\u00e3o de v\u00e1rios fatores poderiam resultar no aumento da conta de luz.&nbsp;<\/p>\n\n\n\n<p>De acordo com Sandoval Feitosa, os fatores que influenciam os pre\u00e7os s\u00e3o os aumentos dos custos de gera\u00e7\u00e3o, assim como o fim do per\u00edodo chuvoso e a expans\u00e3o da medida provis\u00f3ria que ampliou a faixa de isen\u00e7\u00e3o de consumo para a baixa renda, atrav\u00e9s do Tarifa Social de Energia El\u00e9trica (TSEE).&nbsp;<\/p>\n\n\n\n<h2 class=\"wp-block-heading\">Saiba quando ser\u00e1 implementado a bandeira vermelha na conta de luz<\/h2>\n\n\n\n<p>Para esclarecer sobre como est\u00e3o os n\u00edveis de reservat\u00f3rios brasileiros, o diretor-geral da ANEEL afirmou que no momento est\u00e3o abaixo de 71%, um pouco abaixo dos 75% registrados no mesmo per\u00edodo do ano passado: <em>\u201c\u00c9 poss\u00edvel que as bandeiras tarif\u00e1rias se posicionem entre o patamar amarelo e o vermelho at\u00e9 o fim do ano, caso se confirmem as condi\u00e7\u00f5es desfavor\u00e1veis\u201d,<\/em> afirmou Feitosa.&nbsp;<\/p>\n\n\n\n<p>Com o acionamento da bandeira vermelha, poder\u00e3o ter dois patamares: um indicando que as condi\u00e7\u00f5es de gera\u00e7\u00e3o de energia pioraram e a conta vir\u00e1 com um acr\u00e9scimo, enquanto o segundo \u00e9 para representar que o cen\u00e1rio est\u00e1 mais cr\u00edtico, com custos de gera\u00e7\u00e3o ainda mais elevados. Apesar dos alertas, ainda n\u00e3o foi confirmado quando ser\u00e1 implementado essa categoria na conta de luz.&nbsp;<\/p>\n","protected":false},"excerpt":{"rendered":"<p>Apesar de algumas regi\u00f5es do pa\u00eds terem sido atingidas por chuvas acima do esperado nos \u00faltimos meses, o diretor-geral da ANEEL (Ag\u00eancia Nacional de Energia El\u00e9trica), Sandoval Feitosa, n\u00e3o descartou a possibilidade do acionamento da bandeira vermelha nas tarifas de energia el\u00e9trica no segundo semestre deste ano. Suas declara\u00e7\u00f5es ocorreram durante o evento XP F\u00f3rum [&hellip;]<\/p>\n","protected":false},"author":7,"featured_media":2217,"comment_status":"closed","ping_status":"closed","sticky":false,"template":"","format":"standard","meta":{"jnews-multi-image_gallery":[],"jnews_single_post":{"format":"standard"},"jnews_primary_category":[],"jnews_social_meta":[],"jnews_override_counter":[],"jnews_post_split":[],"footnotes":""},"categories":[1],"tags":[],"class_list":["post-8519","post","type-post","status-publish","format-standard","has-post-thumbnail","hentry","category-geral"],"_referencia":"","_links":{"self":[{"href":"https:\/\/diariodocomercio.com.br\/mix\/wp-json\/wp\/v2\/posts\/8519","targetHints":{"allow":["GET"]}}],"collection":[{"href":"https:\/\/diariodocomercio.com.br\/mix\/wp-json\/wp\/v2\/posts"}],"about":[{"href":"https:\/\/diariodocomercio.com.br\/mix\/wp-json\/wp\/v2\/types\/post"}],"author":[{"embeddable":true,"href":"https:\/\/diariodocomercio.com.br\/mix\/wp-json\/wp\/v2\/users\/7"}],"replies":[{"embeddable":true,"href":"https:\/\/diariodocomercio.com.br\/mix\/wp-json\/wp\/v2\/comments?post=8519"}],"version-history":[{"count":1,"href":"https:\/\/diariodocomercio.com.br\/mix\/wp-json\/wp\/v2\/posts\/8519\/revisions"}],"predecessor-version":[{"id":8525,"href":"https:\/\/diariodocomercio.com.br\/mix\/wp-json\/wp\/v2\/posts\/8519\/revisions\/8525"}],"wp:featuredmedia":[{"embeddable":true,"href":"https:\/\/diariodocomercio.com.br\/mix\/wp-json\/wp\/v2\/media\/2217"}],"wp:attachment":[{"href":"https:\/\/diariodocomercio.com.br\/mix\/wp-json\/wp\/v2\/media?parent=8519"}],"wp:term":[{"taxonomy":"category","embeddable":true,"href":"https:\/\/diariodocomercio.com.br\/mix\/wp-json\/wp\/v2\/categories?post=8519"},{"taxonomy":"post_tag","embeddable":true,"href":"https:\/\/diariodocomercio.com.br\/mix\/wp-json\/wp\/v2\/tags?post=8519"}],"curies":[{"name":"wp","href":"https:\/\/api.w.org\/{rel}","templated":true}]}}