{"id":8521,"date":"2025-05-31T17:36:00","date_gmt":"2025-05-31T20:36:00","guid":{"rendered":"https:\/\/diariodocomercio.com.br\/mix\/?p=8521"},"modified":"2025-05-27T19:14:50","modified_gmt":"2025-05-27T22:14:50","slug":"mulher-que-se-envolveu-com-neymar-esta-em-situacao-deprimente-na-cadeia","status":"publish","type":"post","link":"https:\/\/diariodocomercio.com.br\/mix\/mulher-que-se-envolveu-com-neymar-esta-em-situacao-deprimente-na-cadeia\/","title":{"rendered":"Mulher que se envolveu com Neymar est\u00e1 em situa\u00e7\u00e3o deprimente na cadeia"},"content":{"rendered":"\n<p>Nayara Macedo, conhecida publicamente como Any Awada, ficou conhecida na m\u00eddia depois de alegar ter tido rela\u00e7\u00f5es sexuais com Neymar em uma festa em s\u00edtio do jogador no interior de S\u00e3o Paulo. Na semana passada, a influenciadora foi presa em Itaquaquecetuba, S\u00e3o Paulo.<\/p>\n\n\n\n<p>Any conseguiu gravar um v\u00eddeo de dentro da pris\u00e3o para mostrar sua situa\u00e7\u00e3o. Ela afirma que sua cela est\u00e1 com superlota\u00e7\u00e3o e que tem mulheres dormindo no ch\u00e3o. A influenciadora e outras detentas falam sobre a precariedade da torneia, chuveiro e privada e sobre a presen\u00e7a de animais como ratos e baratas nas celas.<\/p>\n\n\n\n<p>A equipe jur\u00eddica da influenciadora informou \u00e0 Quem que Any pegou uma infec\u00e7\u00e3o em seu tempo na pris\u00e3o e precisou ser levada ao hospital. <em>&#8220;Ela est\u00e1 com infec\u00e7\u00e3o urin\u00e1ria, gr\u00e1vida e est\u00e1 h\u00e1 quase uma semana na delegacia de Itaquaquecetuba. Sequer transferiram ela&#8221;<\/em>, afirmou a equipe.<\/p>\n\n\n\n<p>A equipe, que n\u00e3o explicou como o v\u00eddeo foi feito de dentro da pris\u00e3o, tamb\u00e9m enviou \u00e0 Quem uma carta que Any escreveu na cadeia. <em>&#8220;Eu s\u00f3 comprei perfumes de uma pessoa e REVENDI, honestamente, eu s\u00f3 tinha um sonho e jogaram eu GR\u00c1VIDA, minha m\u00e3e e minha amiga numa cela&#8221;<\/em>, afirma o trecho.<\/p>\n\n\n\n<h2 class=\"wp-block-heading\">Por que Any Awada foi presa?<\/h2>\n\n\n\n<p>A influenciadora foi acusada de participar de um esquema de falsifica\u00e7\u00e3o e venda de cosm\u00e9ticos e perfumes adulterados. <em>&#8220;A per\u00edcia confirmou a presen\u00e7a de subst\u00e2ncias como metanol e etanol em concentra\u00e7\u00f5es fora dos padr\u00f5es estabelecidos pela Anvisa, al\u00e9m da aus\u00eancia de registro junto \u00e0 ag\u00eancia reguladora&#8221;<\/em>, declarou a Secretaria de Seguran\u00e7a P\u00fablica de S\u00e3o Paulo (SSP-SP) na \u00e9poca.<\/p>\n\n\n\n<style>@media (min-width: 992px) {\n    .recomendadorV2Area1 {\n        width: 280px;\n    }\n    .recomendadorV2Area2 {\n        padding: 0px 20px;\n        width: calc(100% - 280px);\n    }\n}\n\n@media (max-width: 992px) {\n    .recomendadorV2Button {\n        margin: 0 auto;\n    }\n    .recomendadorV2Area {\n        flex-direction: column;\n        text-align: center;\n    }\n    .recomendadorV2Area2 {\n        padding: 0px 20px;\n    }\n}\n\n.recomendadorV2Area {\n    background: #eeeeee3d;\n    border-radius: 10px;\n    padding: 15px;\n    display: flex;\n    margin: 15px auto;\n    border: 1px solid #00000014;\n    max-width: 800px;\n}\n\n.recomendadorV2Area1 img {\n    width: 280px;\n    height: auto;\n    border-radius: 8px;\n}\n\n.linkrecomendadorv2 {\n    text-decoration: none !important;\n}\n\n.recomendadorV2Area2 .recomendadorV2Type {\n    text-transform: uppercase;\n    font-weight: 500;\n    font-size: 11px;\n    letter-spacing: 2px;\n    color: #666;\n    margin: 12px 0;\n    display: block;\n}\n\n.recomendadorV2Title h2 {\n    padding-top: 0px !important;\n    margin: 0px !important;\n    border-left: none !important;\n    padding-left: 0px !important;\n    line-height: 1.3;\n    color: #000 !important;\n    font-size: 24px;\n    margin-bottom: 12px !important;\n}\n\n.recomendadorV2Desc {\n    color: #333;\n    margin: 12px 0px !important;\n    font-size: 15px;\n    line-height: 1.5;\n}\n\n.recomendadorV2Button {\n    width: auto;\n    max-width: 200px;\n    margin: 0;\n    display: inline-flex;\n    align-items: center;\n    background: #1D3557;\n    border-radius: 8px;\n    color: #fff;\n    height: 36px;\n    justify-content: center;\n    text-align: center;\n    font-size: 14px;\n    padding: 0 20px;\n    transition: background-color 0.2s ease;\n}\n\n.recomendadorV2Button:hover {\n    background: #2a4d7a;\n}\n\n.recomendadorV2Button:after {\n    margin-top: -2px;\n    content: \"\u2192\";\n    padding: 0px 0px 0px 8px;\n}\n\n.recomendadorV2Alert {\n    text-align: left;\n    font-size: 11px;\n    margin-top: 8px;\n    color: #666;\n}\n\n.recomendadorFixedArea {\n    width: 100%;\n    display: flex;\n    justify-content: center;\n    align-items: center;\n}\n\n@media (min-width: 992px) {\n    #recomendadorFixed {\n        width: 32% !important;\n        left: 5%;\n    }\n    .recomendadorCloseFixed{\n        right: inherit !important;\n        left: 378px !important;\n    }\n}\n\n#recomendadorFixed {\n    width: 90%;\n    box-shadow: 0 10px 20px 0px #00000057;\n    display: none;\n    height: 90px;\n    background: #F6F6F6;\n    position: fixed;\n    flex-direction: row;\n    bottom: 10px;\n    z-index: 9999;\n    border-radius: 16px;\n    padding: 7px 10px;\n}\n\n.recomendadorLeftArea {\n    width: 160px;\n}\n\n.recomendadorRightArea h2 {\n    padding-top: 0px;\n    margin: 2px 0px 4px 0px !important;\n    font-weight: 400;\n    text-align: center;\n    padding-left: 0px !important;\n    color: #000 !important;\n    border-left: none !important;\n    line-height: 20px;\n    font-size: 12px !important;\n}\n\n.recomendadorImgFixed {\n    overflow: hidden;\n    padding: 8px 6px;\n    height: 100%;\n}\n\n.recomendadorImgFixed img {\n    height: 100% !important;\n    border-radius: 16px;\n}\n\n.recomendadorRightArea {\n    padding-top: 6px;\n    display: flex;\n    width: calc(100% - 130px);\n    justify-content: space-between;\n    align-items: center;\n    flex-direction: column;\n}\n\n.recomendadorButtonFixed {\n    margin: 0 auto;\n    background: #1D3557;\n    width: 80%;\n    text-align: center;\n    font-size: 10px;\n    color: #FFF;\n    padding: 2px 10px;\n    border-radius: 3px;\n}\n\n.recomendadorButtonFixed:after {\n    margin-top: -3px;\n    content: \"\u2192\";\n    padding: 0px 0px 0px 10px;\n}\n\n.recomendadorAlertFixed {\n    font-weight: 400;\n    text-align: center;\n    color: #484848;\n    font-size: 8px;\n}\n\n.recomendadorCloseFixed {\n    z-index: 99999;\n    display: none;\n    right: 0px;\n    left: inherit;\n    bottom: 99px;\n    position: fixed;\n    justify-content: center;\n    background: #F6F6F6;\n    width: 25px;\n    align-items: center;\n    height: 25px;\n    font-weight: 800;\n    border-radius: 50%;\n    border: 1px solid #EBEBEB;\n}\n\n.recomendadorV2Desc{\n    color: #000000;\n    margin: 20px 0px;\n}\n\n@media (max-width: 576px) {\n    .recomendadorV2Area {\n      padding: 10px;\n      max-width: 100%;\n    }\n  \n    .recomendadorV2Area1 img {\n      width: 100%;\n      border-radius: 6px;\n    }\n  \n    .recomendadorV2Area2 .recomendadorV2Type {\n      font-size: 9px;\n      letter-spacing: 1px;\n      margin: 8px 0;\n    }\n  \n    .recomendadorV2Title h2 {\n      font-size: 18px !important;\n      margin-bottom: 8px !important;\n      line-height: 1.2;\n    }\n  \n    .recomendadorV2Desc {\n      font-size: 14px;\n      margin: 8px 0 !important;\n      line-height: 1.4;\n    }\n  \n    .recomendadorV2Button {\n      font-size: 14px;\n      height: 40px;\n      padding: 0 12px;\n      max-width: 100%;\n      width: 100%;\n    }\n  \n    .recomendadorV2Button:after {\n      padding-left: 6px;\n    }\n  }\n  <\/style>\n        <div class=\"lazyblock-recomendador-v2-2jDGz wp-block-lazyblock-recomendador-v2\">\n        <a class=\"linkrecomendadorv2\" href=\"https:\/\/diariodocomercio.com.br\/mix\/com-direito-a-filme-de-neymar-netflix-vai-lancar-10-producoes-nacionais-gigantescas\/\">\n            <div class=\"recomendadorV2Area\">\n            <div class=\"recomendadorV2Area1\">\n                <div class=\"recomendadorV2Img\">\n                <img class=\"lazyloaded\" decoding=\"async\" src=\"https:\/\/diariodocomercio.com.br\/mix\/wp-content\/uploads\/2025\/05\/5bd632d88417b6a1712b5ed1146e00b98d9fdf3a5b59940906926c946e5974f1.jpg\" data-src=\"https:\/\/diariodocomercio.com.br\/mix\/wp-content\/uploads\/2025\/05\/5bd632d88417b6a1712b5ed1146e00b98d9fdf3a5b59940906926c946e5974f1.jpg\" alt=\"\">\n                <\/div>\n            <\/div>\n            <div class=\"recomendadorV2Area2\">\n                <div class=\"recomendadorV2Type\">\n                    <span>STREAMING<\/span>\n                <\/div>\n                <div class=\"recomendadorV2Title\">\n                <h2><span>Com direito a filme de Neymar, Netflix vai lan\u00e7ar 10 produ\u00e7\u00f5es nacionais gigantescas<\/span><\/h2>\n                <\/div>\n                <div class=\"recomendadorV2Desc\">\n                <span>Para ampliar ainda mais as op\u00e7\u00f5es de produ\u00e7\u00f5es brasileiras no cat\u00e1logo, a Netflix anunciou que vai investir em mais 10 \u2026<\/span>\n                <\/div>\n                <div class=\"recomendadorV2Button\">Leia mais<\/div>\n                <div class=\"recomendadorV2Alert\"><\/div>\n            <\/div>\n            <\/div>\n        <\/a>\n        <div>\n            <div style=\"z-index:99999;\" id=\"buttonClose\" onclick=\"closeRecomendadorFixed()\">\n            <div class=\"recomendadorCloseFixed\">X<\/div>\n            <\/div>\n            <a href=\"https:\/\/diariodocomercio.com.br\/mix\/com-direito-a-filme-de-neymar-netflix-vai-lancar-10-producoes-nacionais-gigantescas\/\">\n            <div class=\"recomendadorFixedArea\">\n                <div id=\"recomendadorFixed\">\n                <div class=\"recomendadorLeftArea\">\n                    <div class=\"recomendadorImgFixed\">\n                    <img class=\"lazyload\" decoding=\"async\" src=\"https:\/\/diariodocomercio.com.br\/mix\/wp-content\/uploads\/2025\/05\/5bd632d88417b6a1712b5ed1146e00b98d9fdf3a5b59940906926c946e5974f1.jpg\" alt=\"\">\n                    <\/div>\n                <\/div>\n                <div class=\"recomendadorRightArea\">\n                    <div class=\"recomendadorTitleFixed\">\n                    <h2><span>Com direito a filme de Neymar, Netflix vai lan\u00e7ar 10 produ\u00e7\u00f5es nacionais gigantescas<\/span><\/h2>\n                    <\/div>\n                    <div class=\"recomendadorButtonFixed\">Leia mais<\/div>\n                    <div class=\"recomendadorAlertFixed\"><\/div>\n                <\/div>\n                <\/div>\n            <\/div>\n            <\/a>\n        <\/div>\n        <\/div>\n","protected":false},"excerpt":{"rendered":"<p>Influenciadora Any Awada, que ficou conhecida alegando ter tido rela\u00e7\u00f5es com Neymar, foi presa em S\u00e3o Paulo na semana passada.<\/p>\n","protected":false},"author":6,"featured_media":8522,"comment_status":"closed","ping_status":"closed","sticky":false,"template":"","format":"standard","meta":{"jnews-multi-image_gallery":[],"jnews_single_post":{"format":"standard"},"jnews_primary_category":[],"jnews_social_meta":[],"jnews_override_counter":[],"jnews_post_split":[],"footnotes":""},"categories":[1],"tags":[],"class_list":["post-8521","post","type-post","status-publish","format-standard","has-post-thumbnail","hentry","category-geral"],"_referencia":"","_links":{"self":[{"href":"https:\/\/diariodocomercio.com.br\/mix\/wp-json\/wp\/v2\/posts\/8521","targetHints":{"allow":["GET"]}}],"collection":[{"href":"https:\/\/diariodocomercio.com.br\/mix\/wp-json\/wp\/v2\/posts"}],"about":[{"href":"https:\/\/diariodocomercio.com.br\/mix\/wp-json\/wp\/v2\/types\/post"}],"author":[{"embeddable":true,"href":"https:\/\/diariodocomercio.com.br\/mix\/wp-json\/wp\/v2\/users\/6"}],"replies":[{"embeddable":true,"href":"https:\/\/diariodocomercio.com.br\/mix\/wp-json\/wp\/v2\/comments?post=8521"}],"version-history":[{"count":1,"href":"https:\/\/diariodocomercio.com.br\/mix\/wp-json\/wp\/v2\/posts\/8521\/revisions"}],"predecessor-version":[{"id":8523,"href":"https:\/\/diariodocomercio.com.br\/mix\/wp-json\/wp\/v2\/posts\/8521\/revisions\/8523"}],"wp:featuredmedia":[{"embeddable":true,"href":"https:\/\/diariodocomercio.com.br\/mix\/wp-json\/wp\/v2\/media\/8522"}],"wp:attachment":[{"href":"https:\/\/diariodocomercio.com.br\/mix\/wp-json\/wp\/v2\/media?parent=8521"}],"wp:term":[{"taxonomy":"category","embeddable":true,"href":"https:\/\/diariodocomercio.com.br\/mix\/wp-json\/wp\/v2\/categories?post=8521"},{"taxonomy":"post_tag","embeddable":true,"href":"https:\/\/diariodocomercio.com.br\/mix\/wp-json\/wp\/v2\/tags?post=8521"}],"curies":[{"name":"wp","href":"https:\/\/api.w.org\/{rel}","templated":true}]}}