{"id":8524,"date":"2025-05-27T19:44:20","date_gmt":"2025-05-27T22:44:20","guid":{"rendered":"https:\/\/diariodocomercio.com.br\/mix\/?p=8524"},"modified":"2025-05-27T19:44:23","modified_gmt":"2025-05-27T22:44:23","slug":"choi-jung-woo-morre-ator-de-doramas-aos-68-anos","status":"publish","type":"post","link":"https:\/\/diariodocomercio.com.br\/mix\/choi-jung-woo-morre-ator-de-doramas-aos-68-anos\/","title":{"rendered":"Choi Jung Woo: morre ator de doramas aos 68 anos"},"content":{"rendered":"\n<p>Nesta ter\u00e7a-feira (27), faleceu o ator coreano Choi Jung Woo, conhecido por pap\u00e9is secund\u00e1rios em doramas como &#8220;Isso Se Chama Amor&#8221; (2023) e &#8220;O Conto da Senhora Ok&#8221; (2024). Ele tinha 68 anos de idade. A not\u00edcia foi confirmada pela Bless Entertainment, ag\u00eancia que o representava. A causa da morte n\u00e3o foi divulgada, mas, segundo a imprensa coreana, o ator sofria de uma doen\u00e7a cr\u00f4nica.<\/p>\n\n\n\n<p>Segundo a Rolling Stone, o vel\u00f3rio acontece no sal\u00e3o funer\u00e1rio do Hospital Woori, em Gimpo, e o funeral acontece nesta quinta (29). O ator ser\u00e1 sepultado no Cemit\u00e9rio Suwon Yeonhwa.<\/p>\n\n\n\n<h2 class=\"wp-block-heading\">Choi Jung Woo<\/h2>\n\n\n\n<p>O ator nasceu em 1967 e come\u00e7ou no teatro ainda crian\u00e7a, na pe\u00e7a &#8220;A Vida de um Ator&#8221;. Ao longo dos anos, ele participou de dezenas de produ\u00e7\u00f5es coreanas para cinema e televis\u00e3o, e tamb\u00e9m foi dublador da TBC (Tongyang Broadcasting Company), a partir dos anos 80.<\/p>\n\n\n\n<h2 class=\"wp-block-heading\">Confira tr\u00eas produ\u00e7\u00f5es de Choi Jung Woo<\/h2>\n\n\n\n<p><strong>1. &#8220;Doutor Estranho&#8221; <\/strong><\/p>\n\n\n\n<p><em>&#8220;Depois de fugir da Coreia do Norte, Park Hun se torna um dos melhores cirurgi\u00f5es da Coreia do Sul e promete reencontrar a mulher que deixou para tr\u00e1s&#8221;<\/em> (sinopse da Netflix).<\/p>\n\n\n\n<p><strong>2. &#8220;O Conto da Senhora Ok&#8221; <\/strong><\/p>\n\n\n\n<p><em>&#8220;Uma jovem usa uma identidade falsa para fugir da escravid\u00e3o. Mas a situa\u00e7\u00e3o se complica com a chegada de um contador de hist\u00f3rias que se apaixona por ela&#8221;<\/em> (sinopse da Netflix).<\/p>\n\n\n\n<p><strong>3. &#8220;Isso se Chama Amor&#8221;<\/strong><\/p>\n\n\n\n<p><em>&#8220;Quando a fam\u00edlia de Woojoo fica sem-teto da noite para o dia, ela decide se vingar de todas as injusti\u00e7as pelas quais passou. Por\u00e9m, Woojoo descobre que Dongjin, que supostamente seria seu inimigo, na verdade \u00e9 um cara gentil e extremamente solit\u00e1rio. Ser\u00e1 que ela conseguir\u00e1 levar seu plano de vingan\u00e7a at\u00e9 o fim?&#8221;<\/em> (sinopse do Disney+).<\/p>\n\n\n\n<style>@media (min-width: 992px) {\n    .recomendadorV2Area1 {\n        width: 280px;\n    }\n    .recomendadorV2Area2 {\n        padding: 0px 20px;\n        width: calc(100% - 280px);\n    }\n}\n\n@media (max-width: 992px) {\n    .recomendadorV2Button {\n        margin: 0 auto;\n    }\n    .recomendadorV2Area {\n        flex-direction: column;\n        text-align: center;\n    }\n    .recomendadorV2Area2 {\n        padding: 0px 20px;\n    }\n}\n\n.recomendadorV2Area {\n    background: #eeeeee3d;\n    border-radius: 10px;\n    padding: 15px;\n    display: flex;\n    margin: 15px auto;\n    border: 1px solid #00000014;\n    max-width: 800px;\n}\n\n.recomendadorV2Area1 img {\n    width: 280px;\n    height: auto;\n    border-radius: 8px;\n}\n\n.linkrecomendadorv2 {\n    text-decoration: none !important;\n}\n\n.recomendadorV2Area2 .recomendadorV2Type {\n    text-transform: uppercase;\n    font-weight: 500;\n    font-size: 11px;\n    letter-spacing: 2px;\n    color: #666;\n    margin: 12px 0;\n    display: block;\n}\n\n.recomendadorV2Title h2 {\n    padding-top: 0px !important;\n    margin: 0px !important;\n    border-left: none !important;\n    padding-left: 0px !important;\n    line-height: 1.3;\n    color: #000 !important;\n    font-size: 24px;\n    margin-bottom: 12px !important;\n}\n\n.recomendadorV2Desc {\n    color: #333;\n    margin: 12px 0px !important;\n    font-size: 15px;\n    line-height: 1.5;\n}\n\n.recomendadorV2Button {\n    width: auto;\n    max-width: 200px;\n    margin: 0;\n    display: inline-flex;\n    align-items: center;\n    background: #1D3557;\n    border-radius: 8px;\n    color: #fff;\n    height: 36px;\n    justify-content: center;\n    text-align: center;\n    font-size: 14px;\n    padding: 0 20px;\n    transition: background-color 0.2s ease;\n}\n\n.recomendadorV2Button:hover {\n    background: #2a4d7a;\n}\n\n.recomendadorV2Button:after {\n    margin-top: -2px;\n    content: \"\u2192\";\n    padding: 0px 0px 0px 8px;\n}\n\n.recomendadorV2Alert {\n    text-align: left;\n    font-size: 11px;\n    margin-top: 8px;\n    color: #666;\n}\n\n.recomendadorFixedArea {\n    width: 100%;\n    display: flex;\n    justify-content: center;\n    align-items: center;\n}\n\n@media (min-width: 992px) {\n    #recomendadorFixed {\n        width: 32% !important;\n        left: 5%;\n    }\n    .recomendadorCloseFixed{\n        right: inherit !important;\n        left: 378px !important;\n    }\n}\n\n#recomendadorFixed {\n    width: 90%;\n    box-shadow: 0 10px 20px 0px #00000057;\n    display: none;\n    height: 90px;\n    background: #F6F6F6;\n    position: fixed;\n    flex-direction: row;\n    bottom: 10px;\n    z-index: 9999;\n    border-radius: 16px;\n    padding: 7px 10px;\n}\n\n.recomendadorLeftArea {\n    width: 160px;\n}\n\n.recomendadorRightArea h2 {\n    padding-top: 0px;\n    margin: 2px 0px 4px 0px !important;\n    font-weight: 400;\n    text-align: center;\n    padding-left: 0px !important;\n    color: #000 !important;\n    border-left: none !important;\n    line-height: 20px;\n    font-size: 12px !important;\n}\n\n.recomendadorImgFixed {\n    overflow: hidden;\n    padding: 8px 6px;\n    height: 100%;\n}\n\n.recomendadorImgFixed img {\n    height: 100% !important;\n    border-radius: 16px;\n}\n\n.recomendadorRightArea {\n    padding-top: 6px;\n    display: flex;\n    width: calc(100% - 130px);\n    justify-content: space-between;\n    align-items: center;\n    flex-direction: column;\n}\n\n.recomendadorButtonFixed {\n    margin: 0 auto;\n    background: #1D3557;\n    width: 80%;\n    text-align: center;\n    font-size: 10px;\n    color: #FFF;\n    padding: 2px 10px;\n    border-radius: 3px;\n}\n\n.recomendadorButtonFixed:after {\n    margin-top: -3px;\n    content: \"\u2192\";\n    padding: 0px 0px 0px 10px;\n}\n\n.recomendadorAlertFixed {\n    font-weight: 400;\n    text-align: center;\n    color: #484848;\n    font-size: 8px;\n}\n\n.recomendadorCloseFixed {\n    z-index: 99999;\n    display: none;\n    right: 0px;\n    left: inherit;\n    bottom: 99px;\n    position: fixed;\n    justify-content: center;\n    background: #F6F6F6;\n    width: 25px;\n    align-items: center;\n    height: 25px;\n    font-weight: 800;\n    border-radius: 50%;\n    border: 1px solid #EBEBEB;\n}\n\n.recomendadorV2Desc{\n    color: #000000;\n    margin: 20px 0px;\n}\n\n@media (max-width: 576px) {\n    .recomendadorV2Area {\n      padding: 10px;\n      max-width: 100%;\n    }\n  \n    .recomendadorV2Area1 img {\n      width: 100%;\n      border-radius: 6px;\n    }\n  \n    .recomendadorV2Area2 .recomendadorV2Type {\n      font-size: 9px;\n      letter-spacing: 1px;\n      margin: 8px 0;\n    }\n  \n    .recomendadorV2Title h2 {\n      font-size: 18px !important;\n      margin-bottom: 8px !important;\n      line-height: 1.2;\n    }\n  \n    .recomendadorV2Desc {\n      font-size: 14px;\n      margin: 8px 0 !important;\n      line-height: 1.4;\n    }\n  \n    .recomendadorV2Button {\n      font-size: 14px;\n      height: 40px;\n      padding: 0 12px;\n      max-width: 100%;\n      width: 100%;\n    }\n  \n    .recomendadorV2Button:after {\n      padding-left: 6px;\n    }\n  }\n  <\/style>\n        <div class=\"lazyblock-recomendador-v2-2jDGz wp-block-lazyblock-recomendador-v2\">\n        <a class=\"linkrecomendadorv2\" href=\"https:\/\/diariodocomercio.com.br\/mix\/com-direito-a-filme-de-neymar-netflix-vai-lancar-10-producoes-nacionais-gigantescas\/\">\n            <div class=\"recomendadorV2Area\">\n            <div class=\"recomendadorV2Area1\">\n                <div class=\"recomendadorV2Img\">\n                <img class=\"lazyloaded\" decoding=\"async\" src=\"https:\/\/diariodocomercio.com.br\/mix\/wp-content\/uploads\/2025\/05\/5bd632d88417b6a1712b5ed1146e00b98d9fdf3a5b59940906926c946e5974f1.jpg\" data-src=\"https:\/\/diariodocomercio.com.br\/mix\/wp-content\/uploads\/2025\/05\/5bd632d88417b6a1712b5ed1146e00b98d9fdf3a5b59940906926c946e5974f1.jpg\" alt=\"\">\n                <\/div>\n            <\/div>\n            <div class=\"recomendadorV2Area2\">\n                <div class=\"recomendadorV2Type\">\n                    <span>STREAMING<\/span>\n                <\/div>\n                <div class=\"recomendadorV2Title\">\n                <h2><span>Com direito a filme de Neymar, Netflix vai lan\u00e7ar 10 produ\u00e7\u00f5es nacionais gigantescas<\/span><\/h2>\n                <\/div>\n                <div class=\"recomendadorV2Desc\">\n                <span>Para ampliar ainda mais as op\u00e7\u00f5es de produ\u00e7\u00f5es brasileiras no cat\u00e1logo, a Netflix anunciou que vai investir em mais 10 \u2026<\/span>\n                <\/div>\n                <div class=\"recomendadorV2Button\">Leia mais<\/div>\n                <div class=\"recomendadorV2Alert\"><\/div>\n            <\/div>\n            <\/div>\n        <\/a>\n        <div>\n            <div style=\"z-index:99999;\" id=\"buttonClose\" onclick=\"closeRecomendadorFixed()\">\n            <div class=\"recomendadorCloseFixed\">X<\/div>\n            <\/div>\n            <a href=\"https:\/\/diariodocomercio.com.br\/mix\/com-direito-a-filme-de-neymar-netflix-vai-lancar-10-producoes-nacionais-gigantescas\/\">\n            <div class=\"recomendadorFixedArea\">\n                <div id=\"recomendadorFixed\">\n                <div class=\"recomendadorLeftArea\">\n                    <div class=\"recomendadorImgFixed\">\n                    <img class=\"lazyload\" decoding=\"async\" src=\"https:\/\/diariodocomercio.com.br\/mix\/wp-content\/uploads\/2025\/05\/5bd632d88417b6a1712b5ed1146e00b98d9fdf3a5b59940906926c946e5974f1.jpg\" alt=\"\">\n                    <\/div>\n                <\/div>\n                <div class=\"recomendadorRightArea\">\n                    <div class=\"recomendadorTitleFixed\">\n                    <h2><span>Com direito a filme de Neymar, Netflix vai lan\u00e7ar 10 produ\u00e7\u00f5es nacionais gigantescas<\/span><\/h2>\n                    <\/div>\n                    <div class=\"recomendadorButtonFixed\">Leia mais<\/div>\n                    <div class=\"recomendadorAlertFixed\"><\/div>\n                <\/div>\n                <\/div>\n            <\/div>\n            <\/a>\n        <\/div>\n        <\/div>\n","protected":false},"excerpt":{"rendered":"<p>De doramas como &#8220;Isso Se Chama Amor&#8221; e &#8220;O Conto da Senhora Ok&#8221;, o ator coreano Choi Jung Woo faleceu nesta ter\u00e7a-feira (27).<\/p>\n","protected":false},"author":6,"featured_media":8530,"comment_status":"closed","ping_status":"closed","sticky":false,"template":"","format":"standard","meta":{"jnews-multi-image_gallery":[],"jnews_single_post":{"format":"standard"},"jnews_primary_category":[],"jnews_social_meta":[],"jnews_override_counter":[],"jnews_post_split":[],"footnotes":""},"categories":[1],"tags":[],"class_list":["post-8524","post","type-post","status-publish","format-standard","has-post-thumbnail","hentry","category-geral"],"_referencia":"","_links":{"self":[{"href":"https:\/\/diariodocomercio.com.br\/mix\/wp-json\/wp\/v2\/posts\/8524","targetHints":{"allow":["GET"]}}],"collection":[{"href":"https:\/\/diariodocomercio.com.br\/mix\/wp-json\/wp\/v2\/posts"}],"about":[{"href":"https:\/\/diariodocomercio.com.br\/mix\/wp-json\/wp\/v2\/types\/post"}],"author":[{"embeddable":true,"href":"https:\/\/diariodocomercio.com.br\/mix\/wp-json\/wp\/v2\/users\/6"}],"replies":[{"embeddable":true,"href":"https:\/\/diariodocomercio.com.br\/mix\/wp-json\/wp\/v2\/comments?post=8524"}],"version-history":[{"count":1,"href":"https:\/\/diariodocomercio.com.br\/mix\/wp-json\/wp\/v2\/posts\/8524\/revisions"}],"predecessor-version":[{"id":8532,"href":"https:\/\/diariodocomercio.com.br\/mix\/wp-json\/wp\/v2\/posts\/8524\/revisions\/8532"}],"wp:featuredmedia":[{"embeddable":true,"href":"https:\/\/diariodocomercio.com.br\/mix\/wp-json\/wp\/v2\/media\/8530"}],"wp:attachment":[{"href":"https:\/\/diariodocomercio.com.br\/mix\/wp-json\/wp\/v2\/media?parent=8524"}],"wp:term":[{"taxonomy":"category","embeddable":true,"href":"https:\/\/diariodocomercio.com.br\/mix\/wp-json\/wp\/v2\/categories?post=8524"},{"taxonomy":"post_tag","embeddable":true,"href":"https:\/\/diariodocomercio.com.br\/mix\/wp-json\/wp\/v2\/tags?post=8524"}],"curies":[{"name":"wp","href":"https:\/\/api.w.org\/{rel}","templated":true}]}}