{"id":8561,"date":"2025-05-28T08:41:48","date_gmt":"2025-05-28T11:41:48","guid":{"rendered":"https:\/\/diariodocomercio.com.br\/mix\/?p=8561"},"modified":"2025-05-28T08:41:51","modified_gmt":"2025-05-28T11:41:51","slug":"ouro-do-centro-da-terra-pode-estar-a-caminho-da-superficie-e-quem-sabe-mais-perto-de-voce","status":"publish","type":"post","link":"https:\/\/diariodocomercio.com.br\/mix\/ouro-do-centro-da-terra-pode-estar-a-caminho-da-superficie-e-quem-sabe-mais-perto-de-voce\/","title":{"rendered":"Ouro do centro da Terra pode estar a caminho da superf\u00edcie \u2014 e quem sabe mais perto de voc\u00ea"},"content":{"rendered":"\n<p>A quil\u00f4metros e quil\u00f4metros abaixo dos nossos p\u00e9s, a Terra est\u00e1 cheia de diversos minerais, como n\u00edquel, ferro e at\u00e9 mesmo ouro. E o mais curioso: um estudo recente publicado na revista <em>Nature<\/em> afirma que esse ouro est\u00e1 &#8220;vazando&#8221; do n\u00facleo para o manto e, posteriormente, para a crosta terrestre.<\/p>\n\n\n\n<h2 class=\"wp-block-heading\">Camadas da Terra<\/h2>\n\n\n\n<p>Antes de falarmos mais sobre o estudo, vamos relembrar quais s\u00e3o as camadas da Terra. De forma simples, a Terra \u00e9 dividida em crosta, manto e n\u00facleo (subdividido em externo e interno). A crosta \u00e9 a camada mais superficial, com estrutura rochosa e relativamente fina. O manto \u00e9 mais quente, com uma estrutura mais male\u00e1vel. O n\u00facleo externo \u00e9 formado por n\u00edquel e fero l\u00edquido, enquanto o interno j\u00e1 volta a ser s\u00f3lido.<\/p>\n\n\n\n<figure class=\"wp-block-image size-large\"><img decoding=\"async\" width=\"1200\" height=\"900\" src=\"https:\/\/diariodocomercio.com.br\/mix\/wp-content\/uploads\/2025\/05\/camadas-da-terra-1200x900.webp\" alt=\"camadas da terra\" class=\"wp-image-8562\" srcset=\"https:\/\/diariodocomercio.com.br\/mix\/wp-content\/uploads\/2025\/05\/camadas-da-terra-1200x900.webp 1200w, https:\/\/diariodocomercio.com.br\/mix\/wp-content\/uploads\/2025\/05\/camadas-da-terra-300x225.webp 300w, https:\/\/diariodocomercio.com.br\/mix\/wp-content\/uploads\/2025\/05\/camadas-da-terra-768x576.webp 768w, https:\/\/diariodocomercio.com.br\/mix\/wp-content\/uploads\/2025\/05\/camadas-da-terra-150x113.webp 150w, https:\/\/diariodocomercio.com.br\/mix\/wp-content\/uploads\/2025\/05\/camadas-da-terra-750x563.webp 750w, https:\/\/diariodocomercio.com.br\/mix\/wp-content\/uploads\/2025\/05\/camadas-da-terra-1140x855.webp 1140w, https:\/\/diariodocomercio.com.br\/mix\/wp-content\/uploads\/2025\/05\/camadas-da-terra.webp 1400w\" sizes=\"(max-width: 1200px) 100vw, 1200px\" \/><figcaption class=\"wp-element-caption\">Imagem: Toda Mat\u00e9ria<\/figcaption><\/figure>\n\n\n\n<h2 class=\"wp-block-heading\">Ouro est\u00e1 se movendo entre camadas da Terra<\/h2>\n\n\n\n<p>Pesquisadores da Universidade de G\u00f6ttingen, na Alemanha, descobriram que elementos preciosos, como o ouro, est\u00e3o &#8220;vazando&#8221; do n\u00facleo at\u00e9 a crosta terrestre. Antes, acreditava-se que o ouro do n\u00facleo estava mais isolado das outras camadas terrestres, mas essa descoberta mostra que n\u00e3o \u00e9 bem assim.<\/p>\n\n\n\n<p><em>&#8220;A descoberta foi feita a partir da an\u00e1lise de is\u00f3topos presentes em rochas vulc\u00e2nicas originadas nas profundezas do planeta, especialmente em amostras coletadas no Hava\u00ed&#8221;<\/em>, repercute a Revista F\u00f3rum.<\/p>\n\n\n\n<p><em>\u201cConseguimos provar que grandes volumes de rochas superaquecidas, origin\u00e1rias da fronteira entre o n\u00facleo e o manto, est\u00e3o subindo \u00e0 superf\u00edcie e formando ilhas oce\u00e2nicas como o Hava\u00ed\u201d<\/em>, afirmou o geoqu\u00edmico Matthias Willbold. N\u00e3o \u00e9 apenas ouro que est\u00e1 &#8220;vazando&#8221; do n\u00facleo, mas tamb\u00e9m elementos como platina, r\u00f3dio e pal\u00e1dio. \u00c9 uma migra\u00e7\u00e3o lenta, mas a descoberta muda a forma como cientistas entendem a din\u00e2mica interna do planeta.<\/p>\n\n\n\n<style>@media (min-width: 992px) {\n    .recomendadorV2Area1 {\n        width: 280px;\n    }\n    .recomendadorV2Area2 {\n        padding: 0px 20px;\n        width: calc(100% - 280px);\n    }\n}\n\n@media (max-width: 992px) {\n    .recomendadorV2Button {\n        margin: 0 auto;\n    }\n    .recomendadorV2Area {\n        flex-direction: column;\n        text-align: center;\n    }\n    .recomendadorV2Area2 {\n        padding: 0px 20px;\n    }\n}\n\n.recomendadorV2Area {\n    background: #eeeeee3d;\n    border-radius: 10px;\n    padding: 15px;\n    display: flex;\n    margin: 15px auto;\n    border: 1px solid #00000014;\n    max-width: 800px;\n}\n\n.recomendadorV2Area1 img {\n    width: 280px;\n    height: auto;\n    border-radius: 8px;\n}\n\n.linkrecomendadorv2 {\n    text-decoration: none !important;\n}\n\n.recomendadorV2Area2 .recomendadorV2Type {\n    text-transform: uppercase;\n    font-weight: 500;\n    font-size: 11px;\n    letter-spacing: 2px;\n    color: #666;\n    margin: 12px 0;\n    display: block;\n}\n\n.recomendadorV2Title h2 {\n    padding-top: 0px !important;\n    margin: 0px !important;\n    border-left: none !important;\n    padding-left: 0px !important;\n    line-height: 1.3;\n    color: #000 !important;\n    font-size: 24px;\n    margin-bottom: 12px !important;\n}\n\n.recomendadorV2Desc {\n    color: #333;\n    margin: 12px 0px !important;\n    font-size: 15px;\n    line-height: 1.5;\n}\n\n.recomendadorV2Button {\n    width: auto;\n    max-width: 200px;\n    margin: 0;\n    display: inline-flex;\n    align-items: center;\n    background: #1D3557;\n    border-radius: 8px;\n    color: #fff;\n    height: 36px;\n    justify-content: center;\n    text-align: center;\n    font-size: 14px;\n    padding: 0 20px;\n    transition: background-color 0.2s ease;\n}\n\n.recomendadorV2Button:hover {\n    background: #2a4d7a;\n}\n\n.recomendadorV2Button:after {\n    margin-top: -2px;\n    content: \"\u2192\";\n    padding: 0px 0px 0px 8px;\n}\n\n.recomendadorV2Alert {\n    text-align: left;\n    font-size: 11px;\n    margin-top: 8px;\n    color: #666;\n}\n\n.recomendadorFixedArea {\n    width: 100%;\n    display: flex;\n    justify-content: center;\n    align-items: center;\n}\n\n@media (min-width: 992px) {\n    #recomendadorFixed {\n        width: 32% !important;\n        left: 5%;\n    }\n    .recomendadorCloseFixed{\n        right: inherit !important;\n        left: 378px !important;\n    }\n}\n\n#recomendadorFixed {\n    width: 90%;\n    box-shadow: 0 10px 20px 0px #00000057;\n    display: none;\n    height: 90px;\n    background: #F6F6F6;\n    position: fixed;\n    flex-direction: row;\n    bottom: 10px;\n    z-index: 9999;\n    border-radius: 16px;\n    padding: 7px 10px;\n}\n\n.recomendadorLeftArea {\n    width: 160px;\n}\n\n.recomendadorRightArea h2 {\n    padding-top: 0px;\n    margin: 2px 0px 4px 0px !important;\n    font-weight: 400;\n    text-align: center;\n    padding-left: 0px !important;\n    color: #000 !important;\n    border-left: none !important;\n    line-height: 20px;\n    font-size: 12px !important;\n}\n\n.recomendadorImgFixed {\n    overflow: hidden;\n    padding: 8px 6px;\n    height: 100%;\n}\n\n.recomendadorImgFixed img {\n    height: 100% !important;\n    border-radius: 16px;\n}\n\n.recomendadorRightArea {\n    padding-top: 6px;\n    display: flex;\n    width: calc(100% - 130px);\n    justify-content: space-between;\n    align-items: center;\n    flex-direction: column;\n}\n\n.recomendadorButtonFixed {\n    margin: 0 auto;\n    background: #1D3557;\n    width: 80%;\n    text-align: center;\n    font-size: 10px;\n    color: #FFF;\n    padding: 2px 10px;\n    border-radius: 3px;\n}\n\n.recomendadorButtonFixed:after {\n    margin-top: -3px;\n    content: \"\u2192\";\n    padding: 0px 0px 0px 10px;\n}\n\n.recomendadorAlertFixed {\n    font-weight: 400;\n    text-align: center;\n    color: #484848;\n    font-size: 8px;\n}\n\n.recomendadorCloseFixed {\n    z-index: 99999;\n    display: none;\n    right: 0px;\n    left: inherit;\n    bottom: 99px;\n    position: fixed;\n    justify-content: center;\n    background: #F6F6F6;\n    width: 25px;\n    align-items: center;\n    height: 25px;\n    font-weight: 800;\n    border-radius: 50%;\n    border: 1px solid #EBEBEB;\n}\n\n.recomendadorV2Desc{\n    color: #000000;\n    margin: 20px 0px;\n}\n\n@media (max-width: 576px) {\n    .recomendadorV2Area {\n      padding: 10px;\n      max-width: 100%;\n    }\n  \n    .recomendadorV2Area1 img {\n      width: 100%;\n      border-radius: 6px;\n    }\n  \n    .recomendadorV2Area2 .recomendadorV2Type {\n      font-size: 9px;\n      letter-spacing: 1px;\n      margin: 8px 0;\n    }\n  \n    .recomendadorV2Title h2 {\n      font-size: 18px !important;\n      margin-bottom: 8px !important;\n      line-height: 1.2;\n    }\n  \n    .recomendadorV2Desc {\n      font-size: 14px;\n      margin: 8px 0 !important;\n      line-height: 1.4;\n    }\n  \n    .recomendadorV2Button {\n      font-size: 14px;\n      height: 40px;\n      padding: 0 12px;\n      max-width: 100%;\n      width: 100%;\n    }\n  \n    .recomendadorV2Button:after {\n      padding-left: 6px;\n    }\n  }\n  <\/style>\n        <div class=\"lazyblock-recomendador-v2-2jDGz wp-block-lazyblock-recomendador-v2\">\n        <a class=\"linkrecomendadorv2\" href=\"https:\/\/diariodocomercio.com.br\/mix\/frente-fria-sem-precedentes-atinge-o-brasil-com-risco-de-neve\/\">\n            <div class=\"recomendadorV2Area\">\n            <div class=\"recomendadorV2Area1\">\n                <div class=\"recomendadorV2Img\">\n                <img class=\"lazyloaded\" decoding=\"async\" src=\"https:\/\/diariodocomercio.com.br\/mix\/wp-content\/uploads\/2025\/05\/frio.jpg\" data-src=\"https:\/\/diariodocomercio.com.br\/mix\/wp-content\/uploads\/2025\/05\/frio.jpg\" alt=\"\">\n                <\/div>\n            <\/div>\n            <div class=\"recomendadorV2Area2\">\n                <div class=\"recomendadorV2Type\">\n                    <span>CLIMA<\/span>\n                <\/div>\n                <div class=\"recomendadorV2Title\">\n                <h2><span>Frente fria sem precedentes atinge o Brasil com risco de neve<\/span><\/h2>\n                <\/div>\n                <div class=\"recomendadorV2Desc\">\n                <span>A chegada de uma frente fria esta semana pode fazer temperaturas ca\u00edrem abaixo de zero em alguns pontos da regi\u00e3o \u2026<\/span>\n                <\/div>\n                <div class=\"recomendadorV2Button\">Leia mais<\/div>\n                <div class=\"recomendadorV2Alert\"><\/div>\n            <\/div>\n            <\/div>\n        <\/a>\n        <div>\n            <div style=\"z-index:99999;\" id=\"buttonClose\" onclick=\"closeRecomendadorFixed()\">\n            <div class=\"recomendadorCloseFixed\">X<\/div>\n            <\/div>\n            <a href=\"https:\/\/diariodocomercio.com.br\/mix\/frente-fria-sem-precedentes-atinge-o-brasil-com-risco-de-neve\/\">\n            <div class=\"recomendadorFixedArea\">\n                <div id=\"recomendadorFixed\">\n                <div class=\"recomendadorLeftArea\">\n                    <div class=\"recomendadorImgFixed\">\n                    <img class=\"lazyload\" decoding=\"async\" src=\"https:\/\/diariodocomercio.com.br\/mix\/wp-content\/uploads\/2025\/05\/frio.jpg\" alt=\"\">\n                    <\/div>\n                <\/div>\n                <div class=\"recomendadorRightArea\">\n                    <div class=\"recomendadorTitleFixed\">\n                    <h2><span>Frente fria sem precedentes atinge o Brasil com risco de neve<\/span><\/h2>\n                    <\/div>\n                    <div class=\"recomendadorButtonFixed\">Leia mais<\/div>\n                    <div class=\"recomendadorAlertFixed\"><\/div>\n                <\/div>\n                <\/div>\n            <\/div>\n            <\/a>\n        <\/div>\n        <\/div>\n","protected":false},"excerpt":{"rendered":"<p>Pesquisadores alem\u00e3es publicaram estudo revelando que o ouro presente no n\u00facleo da Terra est\u00e1 &#8220;vazando&#8221; e se movendo para a crosta.<\/p>\n","protected":false},"author":6,"featured_media":3052,"comment_status":"closed","ping_status":"closed","sticky":false,"template":"","format":"standard","meta":{"jnews-multi-image_gallery":[],"jnews_single_post":{"format":"standard"},"jnews_primary_category":[],"jnews_social_meta":[],"jnews_override_counter":[],"jnews_post_split":[],"footnotes":""},"categories":[1],"tags":[],"class_list":["post-8561","post","type-post","status-publish","format-standard","has-post-thumbnail","hentry","category-geral"],"_referencia":"","_links":{"self":[{"href":"https:\/\/diariodocomercio.com.br\/mix\/wp-json\/wp\/v2\/posts\/8561","targetHints":{"allow":["GET"]}}],"collection":[{"href":"https:\/\/diariodocomercio.com.br\/mix\/wp-json\/wp\/v2\/posts"}],"about":[{"href":"https:\/\/diariodocomercio.com.br\/mix\/wp-json\/wp\/v2\/types\/post"}],"author":[{"embeddable":true,"href":"https:\/\/diariodocomercio.com.br\/mix\/wp-json\/wp\/v2\/users\/6"}],"replies":[{"embeddable":true,"href":"https:\/\/diariodocomercio.com.br\/mix\/wp-json\/wp\/v2\/comments?post=8561"}],"version-history":[{"count":1,"href":"https:\/\/diariodocomercio.com.br\/mix\/wp-json\/wp\/v2\/posts\/8561\/revisions"}],"predecessor-version":[{"id":8563,"href":"https:\/\/diariodocomercio.com.br\/mix\/wp-json\/wp\/v2\/posts\/8561\/revisions\/8563"}],"wp:featuredmedia":[{"embeddable":true,"href":"https:\/\/diariodocomercio.com.br\/mix\/wp-json\/wp\/v2\/media\/3052"}],"wp:attachment":[{"href":"https:\/\/diariodocomercio.com.br\/mix\/wp-json\/wp\/v2\/media?parent=8561"}],"wp:term":[{"taxonomy":"category","embeddable":true,"href":"https:\/\/diariodocomercio.com.br\/mix\/wp-json\/wp\/v2\/categories?post=8561"},{"taxonomy":"post_tag","embeddable":true,"href":"https:\/\/diariodocomercio.com.br\/mix\/wp-json\/wp\/v2\/tags?post=8561"}],"curies":[{"name":"wp","href":"https:\/\/api.w.org\/{rel}","templated":true}]}}