{"id":8634,"date":"2025-06-01T08:30:00","date_gmt":"2025-06-01T11:30:00","guid":{"rendered":"https:\/\/diariodocomercio.com.br\/mix\/?p=8634"},"modified":"2025-05-28T18:47:18","modified_gmt":"2025-05-28T21:47:18","slug":"brasil-encontra-mina-de-ouro-submersa-a-1-200-km-da-costa-gaucha","status":"publish","type":"post","link":"https:\/\/diariodocomercio.com.br\/mix\/brasil-encontra-mina-de-ouro-submersa-a-1-200-km-da-costa-gaucha\/","title":{"rendered":"Brasil encontra mina de ouro submersa a 1.200 km da costa ga\u00facha"},"content":{"rendered":"\n<p>Uma imensa ilha submersa, com propor\u00e7\u00f5es compar\u00e1veis \u00e0s da Isl\u00e2ndia, foi identificada no fundo do Oceano Atl\u00e2ntico, a 1.200 quil\u00f4metros da costa do Rio Grande do Sul. Conhecida como Eleva\u00e7\u00e3o do Rio Grande (ERG), a forma\u00e7\u00e3o, que hoje repousa a 650 metros abaixo da superf\u00edcie, j\u00e1 esteve acima do n\u00edvel do mar h\u00e1 cerca de 40 a 50 milh\u00f5es de anos, segundo estudo liderado por pesquisadores da Universidade de S\u00e3o Paulo (USP).<\/p>\n\n\n\n<p>A descoberta, resultado de uma d\u00e9cada de pesquisas geol\u00f3gicas e oceanogr\u00e1ficas, revela que a ERG era uma ilha tropical vulc\u00e2nica, coberta por florestas e cercada por recifes. Essa antiga paisagem insular, que se formou durante o Eoceno, teria sido erodida naturalmente com o tempo e recoberta por sucessivos fluxos de lava, criando as camadas geol\u00f3gicas observadas atualmente. A confirma\u00e7\u00e3o veio ap\u00f3s an\u00e1lises de amostras de argila vermelha fossilizada, recolhidas em expedi\u00e7\u00f5es a bordo dos navios Alpha Crucis, da USP, e Discovery, do Reino Unido.<\/p>\n\n\n\n<p>Com picos que ultrapassam os 4 mil metros de altura e c\u00e2nions profundos que chegam a 4.800 metros, a estrutura cobre uma \u00e1rea de 500 mil km\u00b2 \u2014 maior que a Espanha. Sua semelhan\u00e7a geol\u00f3gica com solos tropicais do interior paulista refor\u00e7a a hip\u00f3tese de que partes da ERG estiveram expostas \u00e0 atmosfera terrestre. Embora n\u00e3o estivesse conectada diretamente ao continente, a ilha compartilhou clima e caracter\u00edsticas com o territ\u00f3rio brasileiro da \u00e9poca.<\/p>\n\n\n\n<figure class=\"wp-block-embed is-type-video is-provider-youtube wp-block-embed-youtube wp-embed-aspect-16-9 wp-has-aspect-ratio\"><div class=\"wp-block-embed__wrapper\">\n<div class=\"jeg_video_container jeg_video_content\"><iframe loading=\"lazy\" title=\"Fenda Cruzeiro do Sul, um c\u00e2nion que corta a Eleva\u00e7\u00e3o do Rio Grande\" width=\"500\" height=\"281\" src=\"https:\/\/www.youtube.com\/embed\/gDSkrPw-lAk?feature=oembed\" frameborder=\"0\" allow=\"accelerometer; autoplay; clipboard-write; encrypted-media; gyroscope; picture-in-picture; web-share\" referrerpolicy=\"strict-origin-when-cross-origin\" allowfullscreen><\/iframe><\/div>\n<\/div><figcaption class=\"wp-element-caption\">V\u00eddeo Fenda Cruzeiro do Sul (Reprodu\u00e7\u00e3o\/Youtube\/USP)<\/figcaption><\/figure>\n\n\n\n<p>Al\u00e9m da relev\u00e2ncia cient\u00edfica, a Eleva\u00e7\u00e3o do Rio Grande desperta grande interesse estrat\u00e9gico e econ\u00f4mico. Estudos indicam que a regi\u00e3o \u00e9 rica em minerais de alto valor, como ferro-mangan\u00eas, cobalto, n\u00edquel, platina e sel\u00eanio \u2014 insumos fundamentais para ind\u00fastrias de alta tecnologia, como baterias, eletr\u00f4nicos e energia renov\u00e1vel.<\/p>\n\n\n\n<p>Hoje, a ERG est\u00e1 sob jurisdi\u00e7\u00e3o internacional, mas o Brasil j\u00e1 formalizou \u00e0 Organiza\u00e7\u00e3o das Na\u00e7\u00f5es Unidas (ONU) um pedido de anexa\u00e7\u00e3o da \u00e1rea como parte de sua plataforma continental. Se aprovado, o pa\u00eds poder\u00e1 ampliar sua Zona Econ\u00f4mica Exclusiva e consolidar a regi\u00e3o como parte da chamada \u201cAmaz\u00f4nia Azul\u201d \u2014 uma extens\u00e3o estrat\u00e9gica de territ\u00f3rio mar\u00edtimo com potencial econ\u00f4mico e ambiental incalcul\u00e1vel.<\/p>\n\n\n\n<p>A pesquisa, intensificada entre 2023 e 2024, n\u00e3o apenas reescreve parte da hist\u00f3ria geol\u00f3gica da Am\u00e9rica do Sul, como tamb\u00e9m projeta o Brasil como protagonista em um novo cen\u00e1rio global: o da minera\u00e7\u00e3o oce\u00e2nica de alto valor agregado. Com a Eleva\u00e7\u00e3o do Rio Grande, o pa\u00eds pode estar diante de um \u201ctesouro submerso\u201d com impacto duradouro na ci\u00eancia, soberania e economia nacional.<\/p>\n","protected":false},"excerpt":{"rendered":"<p>Uma imensa ilha submersa, com propor\u00e7\u00f5es compar\u00e1veis \u00e0s da Isl\u00e2ndia, foi identificada no fundo do Oceano Atl\u00e2ntico, a 1.200 quil\u00f4metros da costa do Rio Grande do Sul. Conhecida como Eleva\u00e7\u00e3o do Rio Grande (ERG), a forma\u00e7\u00e3o, que hoje repousa a 650 metros abaixo da superf\u00edcie, j\u00e1 esteve acima do n\u00edvel do mar h\u00e1 cerca de [&hellip;]<\/p>\n","protected":false},"author":9,"featured_media":8637,"comment_status":"closed","ping_status":"closed","sticky":false,"template":"","format":"standard","meta":{"jnews-multi-image_gallery":[],"jnews_single_post":{"format":"standard"},"jnews_primary_category":[],"jnews_social_meta":[],"jnews_override_counter":[],"jnews_post_split":[],"footnotes":""},"categories":[1],"tags":[],"class_list":["post-8634","post","type-post","status-publish","format-standard","has-post-thumbnail","hentry","category-geral"],"_referencia":"","_links":{"self":[{"href":"https:\/\/diariodocomercio.com.br\/mix\/wp-json\/wp\/v2\/posts\/8634","targetHints":{"allow":["GET"]}}],"collection":[{"href":"https:\/\/diariodocomercio.com.br\/mix\/wp-json\/wp\/v2\/posts"}],"about":[{"href":"https:\/\/diariodocomercio.com.br\/mix\/wp-json\/wp\/v2\/types\/post"}],"author":[{"embeddable":true,"href":"https:\/\/diariodocomercio.com.br\/mix\/wp-json\/wp\/v2\/users\/9"}],"replies":[{"embeddable":true,"href":"https:\/\/diariodocomercio.com.br\/mix\/wp-json\/wp\/v2\/comments?post=8634"}],"version-history":[{"count":1,"href":"https:\/\/diariodocomercio.com.br\/mix\/wp-json\/wp\/v2\/posts\/8634\/revisions"}],"predecessor-version":[{"id":8638,"href":"https:\/\/diariodocomercio.com.br\/mix\/wp-json\/wp\/v2\/posts\/8634\/revisions\/8638"}],"wp:featuredmedia":[{"embeddable":true,"href":"https:\/\/diariodocomercio.com.br\/mix\/wp-json\/wp\/v2\/media\/8637"}],"wp:attachment":[{"href":"https:\/\/diariodocomercio.com.br\/mix\/wp-json\/wp\/v2\/media?parent=8634"}],"wp:term":[{"taxonomy":"category","embeddable":true,"href":"https:\/\/diariodocomercio.com.br\/mix\/wp-json\/wp\/v2\/categories?post=8634"},{"taxonomy":"post_tag","embeddable":true,"href":"https:\/\/diariodocomercio.com.br\/mix\/wp-json\/wp\/v2\/tags?post=8634"}],"curies":[{"name":"wp","href":"https:\/\/api.w.org\/{rel}","templated":true}]}}