{"id":8711,"date":"2025-05-29T16:54:40","date_gmt":"2025-05-29T19:54:40","guid":{"rendered":"https:\/\/diariodocomercio.com.br\/mix\/?p=8711"},"modified":"2025-05-29T16:54:42","modified_gmt":"2025-05-29T19:54:42","slug":"veja-quais-cidades-devem-nevar-no-brasil-em-2025","status":"publish","type":"post","link":"https:\/\/diariodocomercio.com.br\/mix\/veja-quais-cidades-devem-nevar-no-brasil-em-2025\/","title":{"rendered":"Veja quais cidades devem nevar no Brasil em 2025"},"content":{"rendered":"\n<p>O Instituto Nacional de Meteorologia (Inmet) emitiu um alerta amarelo de \u201cperigo potencial para neve\u201d na madrugada desta quinta-feira (29) para regi\u00f5es serranas dos estados do Rio Grande do Sul e Santa Catarina. A ocorr\u00eancia, rara no Brasil, deve se concentrar nas \u00e1reas de maior altitude, especialmente onde os term\u00f4metros registraram temperaturas negativas.<\/p>\n\n\n\n<p>Segundo o \u00f3rg\u00e3o, 50 munic\u00edpios est\u00e3o sob risco de neve \u2014 29 no Rio Grande do Sul e 21 em Santa Catarina. As \u00e1reas mais propensas incluem a Grande Florian\u00f3polis, o sul catarinense, o nordeste ga\u00facho, a Regi\u00e3o Metropolitana de Porto Alegre e as serras dos dois estados. O alerta prev\u00ea at\u00e9 5 cent\u00edmetros de ac\u00famulo, com baixo risco de acidentes, mas aten\u00e7\u00e3o redobrada.<\/p>\n\n\n\n<p>O fen\u00f4meno j\u00e1 provocou impactos na mobilidade. A Serra do Rio do Rastro, um dos pontos tur\u00edsticos mais visitados de Santa Catarina, foi interditada temporariamente devido ao ac\u00famulo de neve e gelo na pista. A rodovia SC-390 foi liberada ap\u00f3s o fim da precipita\u00e7\u00e3o, mas autoridades recomendam prud\u00eancia aos motoristas, devido \u00e0 baixa ader\u00eancia dos pneus ao asfalto congelado.<\/p>\n\n\n\n<p>Nas altitudes mais elevadas, como o Morro de Urupema (SC), a temperatura chegou a -1,29\u00b0C nas primeiras horas da manh\u00e3, segundo dados da Epagri (Empresa de Pesquisa Agropecu\u00e1ria e Extens\u00e3o Rural de Santa Catarina). Outros munic\u00edpios da regi\u00e3o serrana, como Urubici e S\u00e3o Joaquim, tamb\u00e9m registraram m\u00ednimas abaixo de 1\u00b0C.<\/p>\n\n\n<div class=\"wp-block-image\">\n<figure class=\"aligncenter size-full\"><img decoding=\"async\" width=\"600\" height=\"450\" src=\"https:\/\/diariodocomercio.com.br\/mix\/wp-content\/uploads\/2025\/05\/2016_10_21-Voce-sabe-por-que-ocorre-neve-no-Brasil-GEOGRAFIA-2.jpg\" alt=\"Neve Brasil\" class=\"wp-image-8674\" srcset=\"https:\/\/diariodocomercio.com.br\/mix\/wp-content\/uploads\/2025\/05\/2016_10_21-Voce-sabe-por-que-ocorre-neve-no-Brasil-GEOGRAFIA-2.jpg 600w, https:\/\/diariodocomercio.com.br\/mix\/wp-content\/uploads\/2025\/05\/2016_10_21-Voce-sabe-por-que-ocorre-neve-no-Brasil-GEOGRAFIA-2-300x225.jpg 300w, https:\/\/diariodocomercio.com.br\/mix\/wp-content\/uploads\/2025\/05\/2016_10_21-Voce-sabe-por-que-ocorre-neve-no-Brasil-GEOGRAFIA-2-150x113.jpg 150w\" sizes=\"(max-width: 600px) 100vw, 600px\" \/><figcaption class=\"wp-element-caption\">(Reprodu\u00e7\u00e3o\/AMURES)<\/figcaption><\/figure>\n<\/div>\n\n\n<h2 class=\"wp-block-heading\"><strong>Previs\u00e3o segue para as pr\u00f3ximas horas<\/strong><\/h2>\n\n\n\n<p>Especialistas da Climaterra, consultoria clim\u00e1tica sediada em Santa Catarina, apontam que as condi\u00e7\u00f5es para neve continuam presentes, com possibilidade de novos epis\u00f3dios entre os Campos de Cima da Serra (RS) e o Planalto Sul Catarinense, regi\u00f5es que superam os 1.000 metros de altitude. Nessas \u00e1reas, pode haver neve isolada e at\u00e9 significativa.<\/p>\n\n\n\n<p>J\u00e1 em locais com altitudes menores, como a Serra Ga\u00facha, a previs\u00e3o indica menor chance de neve, mas h\u00e1 possibilidade de chuva congelada ou mista, fen\u00f4meno conhecido por mesclar flocos de neve com gotas de chuva.<\/p>\n\n\n\n<p>O engenheiro-agr\u00f4nomo Ronaldo Coutinho, da Climaterra, alerta produtores da regi\u00e3o, especialmente fruticultores em cidades como Bom Jesus (RS) e S\u00e3o Jos\u00e9 dos Ausentes (RS), para adotarem medidas preventivas durante a madrugada. <\/p>\n\n\n\n<p>Conforme o Inmet, est\u00e3o entre as cidades com maior probabilidade de registrar neve neste epis\u00f3dio de 2025:<\/p>\n\n\n\n<ul class=\"wp-block-list\">\n<li><strong>Urupema (SC)<\/strong><\/li>\n\n\n\n<li><strong>Urubici (SC)<\/strong><\/li>\n\n\n\n<li><strong>S\u00e3o Joaquim (SC)<\/strong><\/li>\n\n\n\n<li><strong>Bom Jardim da Serra (SC)<\/strong><\/li>\n\n\n\n<li><strong>S\u00e3o Jos\u00e9 dos Ausentes (RS)<\/strong><\/li>\n\n\n\n<li><strong>Cambar\u00e1 do Sul (RS)<\/strong><\/li>\n\n\n\n<li><strong>Vacaria (RS)<\/strong><\/li>\n\n\n\n<li><strong>Caxias do Sul (RS)<\/strong><\/li>\n\n\n\n<li><strong>Gramado (RS)<\/strong><\/li>\n\n\n\n<li><strong>Canela (RS)<\/strong><\/li>\n<\/ul>\n\n\n\n<p>A lista completa est\u00e1 dispon\u00edvel no site do Instituto Nacional de Meteorologia, que tamb\u00e9m atualiza as condi\u00e7\u00f5es clim\u00e1ticas em tempo real.<\/p>\n","protected":false},"excerpt":{"rendered":"<p>O Instituto Nacional de Meteorologia (Inmet) emitiu um alerta amarelo de \u201cperigo potencial para neve\u201d na madrugada desta quinta-feira (29) para regi\u00f5es serranas dos estados do Rio Grande do Sul e Santa Catarina. A ocorr\u00eancia, rara no Brasil, deve se concentrar nas \u00e1reas de maior altitude, especialmente onde os term\u00f4metros registraram temperaturas negativas. Segundo o [&hellip;]<\/p>\n","protected":false},"author":9,"featured_media":8715,"comment_status":"closed","ping_status":"closed","sticky":false,"template":"","format":"standard","meta":{"jnews-multi-image_gallery":[],"jnews_single_post":{"format":"standard"},"jnews_primary_category":[],"jnews_social_meta":[],"jnews_override_counter":[],"jnews_post_split":[],"footnotes":""},"categories":[1],"tags":[],"class_list":["post-8711","post","type-post","status-publish","format-standard","has-post-thumbnail","hentry","category-geral"],"_referencia":"","_links":{"self":[{"href":"https:\/\/diariodocomercio.com.br\/mix\/wp-json\/wp\/v2\/posts\/8711","targetHints":{"allow":["GET"]}}],"collection":[{"href":"https:\/\/diariodocomercio.com.br\/mix\/wp-json\/wp\/v2\/posts"}],"about":[{"href":"https:\/\/diariodocomercio.com.br\/mix\/wp-json\/wp\/v2\/types\/post"}],"author":[{"embeddable":true,"href":"https:\/\/diariodocomercio.com.br\/mix\/wp-json\/wp\/v2\/users\/9"}],"replies":[{"embeddable":true,"href":"https:\/\/diariodocomercio.com.br\/mix\/wp-json\/wp\/v2\/comments?post=8711"}],"version-history":[{"count":1,"href":"https:\/\/diariodocomercio.com.br\/mix\/wp-json\/wp\/v2\/posts\/8711\/revisions"}],"predecessor-version":[{"id":8716,"href":"https:\/\/diariodocomercio.com.br\/mix\/wp-json\/wp\/v2\/posts\/8711\/revisions\/8716"}],"wp:featuredmedia":[{"embeddable":true,"href":"https:\/\/diariodocomercio.com.br\/mix\/wp-json\/wp\/v2\/media\/8715"}],"wp:attachment":[{"href":"https:\/\/diariodocomercio.com.br\/mix\/wp-json\/wp\/v2\/media?parent=8711"}],"wp:term":[{"taxonomy":"category","embeddable":true,"href":"https:\/\/diariodocomercio.com.br\/mix\/wp-json\/wp\/v2\/categories?post=8711"},{"taxonomy":"post_tag","embeddable":true,"href":"https:\/\/diariodocomercio.com.br\/mix\/wp-json\/wp\/v2\/tags?post=8711"}],"curies":[{"name":"wp","href":"https:\/\/api.w.org\/{rel}","templated":true}]}}