{"id":8717,"date":"2025-05-29T17:22:47","date_gmt":"2025-05-29T20:22:47","guid":{"rendered":"https:\/\/diariodocomercio.com.br\/mix\/?p=8717"},"modified":"2025-05-29T17:22:49","modified_gmt":"2025-05-29T20:22:49","slug":"lucro-do-fgts-sera-creditado-automaticamente-nas-contas-dos-trabalhadores","status":"publish","type":"post","link":"https:\/\/diariodocomercio.com.br\/mix\/lucro-do-fgts-sera-creditado-automaticamente-nas-contas-dos-trabalhadores\/","title":{"rendered":"Lucro do FGTS ser\u00e1 creditado automaticamente nas contas dos trabalhadores"},"content":{"rendered":"\n<p>Trabalhadores com saldo no Fundo de Garantia por Tempo de Servi\u00e7o (FGTS) at\u00e9 31 de dezembro de 2024 ter\u00e3o direito \u00e0 distribui\u00e7\u00e3o de lucros do fundo em 2025. O valor ser\u00e1 creditado automaticamente nas contas vinculadas at\u00e9 31 de agosto, conforme prev\u00ea a legisla\u00e7\u00e3o. A medida beneficia tanto contas ativas (do emprego atual) quanto inativas (de empregos anteriores).<\/p>\n\n\n\n<p>O lucro do FGTS corresponde ao resultado positivo obtido com aplica\u00e7\u00f5es feitas em \u00e1reas como habita\u00e7\u00e3o, infraestrutura e saneamento. A cada ano, o Conselho Curador do FGTS define o percentual a ser repassado aos trabalhadores, preservando parte do resultado para manter a sustentabilidade financeira do fundo.<\/p>\n\n\n\n<p>Os valores ser\u00e3o lan\u00e7ados diretamente nas contas vinculadas e podem ser conferidos por meio dos seguintes canais:<\/p>\n\n\n\n<ul class=\"wp-block-list\">\n<li><strong>Aplicativo FGTS (Android e iOS)<\/strong>: acesse a conta com CPF e senha; a descri\u00e7\u00e3o \u201cDistribui\u00e7\u00e3o de resultado \u2013 exerc\u00edcio 2024\u201d identificar\u00e1 o cr\u00e9dito.<\/li>\n\n\n\n<li><strong>Site da Caixa Econ\u00f4mica Federal<\/strong>: <a class=\"\" href=\"http:\/\/www.caixa.gov.br\" target=\"_blank\" rel=\"noopener\">www.caixa.gov.br<\/a>, na \u00e1rea de \u201cFGTS\u201d.<\/li>\n\n\n\n<li><strong>Internet Banking e ag\u00eancias da Caixa<\/strong>: para correntistas e atendimento presencial.<\/li>\n<\/ul>\n\n\n\n<p>Apesar de incorporado ao saldo, o valor do lucro n\u00e3o poder\u00e1 ser sacado imediatamente. Ele segue as mesmas regras tradicionais de saque do FGTS, v\u00e1lidas em casos como demiss\u00e3o sem justa causa, aposentadoria, doen\u00e7as graves, compra da casa pr\u00f3pria ou ades\u00e3o ao saque-anivers\u00e1rio.<\/p>\n\n\n\n<h2 class=\"wp-block-heading\"><strong>Distribui\u00e7\u00e3o proporcional ao saldo<\/strong><\/h2>\n\n\n\n<p>O valor do lucro recebido varia conforme o saldo existente em cada conta no fim do ano-base. Por exemplo, um trabalhador que possu\u00eda R$ 5 mil em sua conta e recebeu uma distribui\u00e7\u00e3o de 3% ter\u00e1 um acr\u00e9scimo de R$ 150 incorporado ao seu saldo.<\/p>\n\n\n\n<p>Nos \u00faltimos anos, os repasses variaram de acordo com o desempenho do fundo e as decis\u00f5es do Conselho Curador:<\/p>\n\n\n\n<ul class=\"wp-block-list\">\n<li><strong>2024<\/strong>: R$ 15,2 bilh\u00f5es<\/li>\n\n\n\n<li><strong>2023<\/strong>: R$ 23,4 bilh\u00f5es<\/li>\n\n\n\n<li><strong>2022<\/strong>: R$ 13,2 bilh\u00f5es (99% do lucro)<\/li>\n\n\n\n<li><strong>2021<\/strong>: R$ 8,1 bilh\u00f5es (96% do lucro)<\/li>\n\n\n\n<li><strong>2020<\/strong>: R$ 7,5 bilh\u00f5es (66,2% do lucro de 2019)<\/li>\n<\/ul>\n\n\n\n<p>Al\u00e9m da distribui\u00e7\u00e3o de lucros, o governo tamb\u00e9m liberou R$ 12 bilh\u00f5es do FGTS no in\u00edcio de 2025 para 12,1 milh\u00f5es de trabalhadores. A a\u00e7\u00e3o foi dividida em duas etapas:<\/p>\n\n\n\n<ul class=\"wp-block-list\">\n<li><strong>Primeira parcela (mar\u00e7o)<\/strong>: R$ 6 bilh\u00f5es para quem tinha saldo de at\u00e9 <strong>R$ 3 mil<\/strong>.<\/li>\n\n\n\n<li><strong>Segunda parcela (junho)<\/strong>: outros R$ 6 bilh\u00f5es, destinados ao <strong>saldo remanescente<\/strong> para quem tinha valores superiores.<\/li>\n<\/ul>\n\n\n\n<p>Al\u00e9m da distribui\u00e7\u00e3o de lucros, o FGTS j\u00e1 rende 3% ao ano, acrescido da Taxa Referencial (TR), estabelecida por lei. O repasse anual do lucro torna o fundo uma op\u00e7\u00e3o de poupan\u00e7a mais atrativa, incentivando os trabalhadores a manterem o saldo aplicado por mais tempo.<br><\/p>\n","protected":false},"excerpt":{"rendered":"<p>Trabalhadores com saldo no Fundo de Garantia por Tempo de Servi\u00e7o (FGTS) at\u00e9 31 de dezembro de 2024 ter\u00e3o direito \u00e0 distribui\u00e7\u00e3o de lucros do fundo em 2025. O valor ser\u00e1 creditado automaticamente nas contas vinculadas at\u00e9 31 de agosto, conforme prev\u00ea a legisla\u00e7\u00e3o. A medida beneficia tanto contas ativas (do emprego atual) quanto inativas [&hellip;]<\/p>\n","protected":false},"author":9,"featured_media":5702,"comment_status":"closed","ping_status":"closed","sticky":false,"template":"","format":"standard","meta":{"jnews-multi-image_gallery":[],"jnews_single_post":{"format":"standard"},"jnews_primary_category":[],"jnews_social_meta":[],"jnews_override_counter":[],"jnews_post_split":[],"footnotes":""},"categories":[1],"tags":[],"class_list":["post-8717","post","type-post","status-publish","format-standard","has-post-thumbnail","hentry","category-geral"],"_referencia":"","_links":{"self":[{"href":"https:\/\/diariodocomercio.com.br\/mix\/wp-json\/wp\/v2\/posts\/8717","targetHints":{"allow":["GET"]}}],"collection":[{"href":"https:\/\/diariodocomercio.com.br\/mix\/wp-json\/wp\/v2\/posts"}],"about":[{"href":"https:\/\/diariodocomercio.com.br\/mix\/wp-json\/wp\/v2\/types\/post"}],"author":[{"embeddable":true,"href":"https:\/\/diariodocomercio.com.br\/mix\/wp-json\/wp\/v2\/users\/9"}],"replies":[{"embeddable":true,"href":"https:\/\/diariodocomercio.com.br\/mix\/wp-json\/wp\/v2\/comments?post=8717"}],"version-history":[{"count":1,"href":"https:\/\/diariodocomercio.com.br\/mix\/wp-json\/wp\/v2\/posts\/8717\/revisions"}],"predecessor-version":[{"id":8724,"href":"https:\/\/diariodocomercio.com.br\/mix\/wp-json\/wp\/v2\/posts\/8717\/revisions\/8724"}],"wp:featuredmedia":[{"embeddable":true,"href":"https:\/\/diariodocomercio.com.br\/mix\/wp-json\/wp\/v2\/media\/5702"}],"wp:attachment":[{"href":"https:\/\/diariodocomercio.com.br\/mix\/wp-json\/wp\/v2\/media?parent=8717"}],"wp:term":[{"taxonomy":"category","embeddable":true,"href":"https:\/\/diariodocomercio.com.br\/mix\/wp-json\/wp\/v2\/categories?post=8717"},{"taxonomy":"post_tag","embeddable":true,"href":"https:\/\/diariodocomercio.com.br\/mix\/wp-json\/wp\/v2\/tags?post=8717"}],"curies":[{"name":"wp","href":"https:\/\/api.w.org\/{rel}","templated":true}]}}