{"id":8726,"date":"2025-05-29T17:34:59","date_gmt":"2025-05-29T20:34:59","guid":{"rendered":"https:\/\/diariodocomercio.com.br\/mix\/?p=8726"},"modified":"2025-05-29T17:35:01","modified_gmt":"2025-05-29T20:35:01","slug":"decisao-surpreendente-de-elon-musk-choca-a-humanidade","status":"publish","type":"post","link":"https:\/\/diariodocomercio.com.br\/mix\/decisao-surpreendente-de-elon-musk-choca-a-humanidade\/","title":{"rendered":"Decis\u00e3o surpreendente de Elon Musk choca a humanidade"},"content":{"rendered":"\n<p>Em uma movimenta\u00e7\u00e3o inesperada, Elon Musk anunciou sa\u00edda do governo Donald Trump, encerrando oficialmente sua breve e conturbada passagem como chefe do Departamento de Efici\u00eancia Governamental (DOGE) \u2014 um \u00f3rg\u00e3o criado para cortar gastos p\u00fablicos nos Estados Unidos. A sa\u00edda ocorre pouco antes de Musk atingir o limite legal de 130 dias por ano como &#8220;funcion\u00e1rio p\u00fablico especial&#8221;, mas \u00e9 marcada por discord\u00e2ncias pol\u00edticas com o pr\u00f3prio presidente.<\/p>\n\n\n\n<p>A decis\u00e3o foi confirmada pelo pr\u00f3prio bilion\u00e1rio em seu perfil na rede X. <em>\u201cComo meu per\u00edodo programado como Funcion\u00e1rio P\u00fablico Especial chega ao fim, agrade\u00e7o ao presidente Trump pela oportunidade de reduzir gastos excessivos\u201d<\/em>, escreveu Musk. <\/p>\n\n\n\n<blockquote class=\"wp-block-quote is-layout-flow wp-block-quote-is-layout-flow\">\n<p>\u201cA miss\u00e3o do DOGE s\u00f3 se fortalecer\u00e1 com o tempo, tornando-se um estilo de gest\u00e3o em todo o governo\u201d, completou.<\/p>\n<\/blockquote>\n\n\n\n<blockquote class=\"twitter-tweet\"><p lang=\"en\" dir=\"ltr\">As my scheduled time as a Special Government Employee comes to an end, I would like to thank President <a href=\"https:\/\/twitter.com\/realDonaldTrump?ref_src=twsrc%5Etfw\" target=\"_blank\" rel=\"noopener\">@realDonaldTrump<\/a> for the opportunity to reduce wasteful spending. <br><br>The <a href=\"https:\/\/twitter.com\/DOGE?ref_src=twsrc%5Etfw\" target=\"_blank\" rel=\"noopener\">@DOGE<\/a> mission will only strengthen over time as it becomes a way of life throughout the government.<\/p>&mdash; Elon Musk (@elonmusk) <a href=\"https:\/\/twitter.com\/elonmusk\/status\/1927877957852266518?ref_src=twsrc%5Etfw\" target=\"_blank\" rel=\"noopener\">May 29, 2025<\/a><\/blockquote> <script async src=\"https:\/\/platform.twitter.com\/widgets.js\" charset=\"utf-8\"><\/script>\n\n\n\n<p>Embora a sa\u00edda estivesse programada, a ruptura ganhou for\u00e7a ap\u00f3s Musk criticar duramente o projeto de or\u00e7amento aprovado pela C\u00e2mara dos Representantes em 22 de maio \u2014 apelidado de \u201cOne Big Beautiful Bill\u201d pela administra\u00e7\u00e3o Trump. O documento, com mais de mil p\u00e1ginas, prev\u00ea trilh\u00f5es em cortes de impostos, aumento nos gastos com defesa, financiamento para deporta\u00e7\u00f5es em massa e maior seguran\u00e7a na fronteira com o M\u00e9xico.<\/p>\n\n\n\n<p>Musk afirmou, em entrevista ao canal CBS, que o projeto <em>\u201caumenta o d\u00e9ficit e sabota os esfor\u00e7os de redu\u00e7\u00e3o de gastos\u201d<\/em>. Segundo ele,<em> \u201cum projeto pode ser grande ou bonito, mas duvido que possa ser ambos\u201d<\/em>. A declara\u00e7\u00e3o exp\u00f4s publicamente o primeiro grande atrito entre Musk e Trump.<\/p>\n\n\n\n<h2 class=\"wp-block-heading\"><strong>Pol\u00eamicas e confrontos internos marcaram passagem pelo DOGE<\/strong><\/h2>\n\n\n\n<p>Durante os quatro meses \u00e0 frente do DOGE, Musk colecionou pol\u00eamicas e desentendimentos com membros do alto escal\u00e3o da Casa Branca. Uma das iniciativas mais controversas foi sua proposta de extin\u00e7\u00e3o da USAID, ag\u00eancia americana voltada \u00e0 ajuda internacional \u2014 medida que gerou forte resist\u00eancia dentro e fora do governo.<\/p>\n\n\n\n<p>O bilion\u00e1rio tamb\u00e9m entrou em conflito com o conselheiro comercial da Casa Branca, Peter Navarro, a quem chamou de \u201cidiota\u201d por defender o aumento global das tarifas comerciais. Musk j\u00e1 havia declarado prefer\u00eancia por uma pol\u00edtica de \u201ctarifas previs\u00edveis, com\u00e9rcio livre e impostos mais baixos\u201d.<\/p>\n\n\n\n<p>Desde abril, Musk havia sinalizado que sua dedica\u00e7\u00e3o ao governo diminuiria. Em uma publica\u00e7\u00e3o, afirmou que seu tempo no DOGE cairia significativamente em maio, e que \u201ccontinuaria ajudando no que fosse \u00fatil\u201d. Agora, com a sa\u00edda oficial, o empres\u00e1rio deve retomar integralmente suas fun\u00e7\u00f5es nas empresas Tesla, SpaceX e Neuralink.<\/p>\n","protected":false},"excerpt":{"rendered":"<p>Em uma movimenta\u00e7\u00e3o inesperada, Elon Musk anunciou sa\u00edda do governo Donald Trump, encerrando oficialmente sua breve e conturbada passagem como chefe do Departamento de Efici\u00eancia Governamental (DOGE) \u2014 um \u00f3rg\u00e3o criado para cortar gastos p\u00fablicos nos Estados Unidos. A sa\u00edda ocorre pouco antes de Musk atingir o limite legal de 130 dias por ano como [&hellip;]<\/p>\n","protected":false},"author":9,"featured_media":8728,"comment_status":"closed","ping_status":"closed","sticky":false,"template":"","format":"standard","meta":{"jnews-multi-image_gallery":[],"jnews_single_post":{"format":"standard"},"jnews_primary_category":[],"jnews_social_meta":[],"jnews_override_counter":[],"jnews_post_split":[],"footnotes":""},"categories":[1],"tags":[],"class_list":["post-8726","post","type-post","status-publish","format-standard","has-post-thumbnail","hentry","category-geral"],"_referencia":"","_links":{"self":[{"href":"https:\/\/diariodocomercio.com.br\/mix\/wp-json\/wp\/v2\/posts\/8726","targetHints":{"allow":["GET"]}}],"collection":[{"href":"https:\/\/diariodocomercio.com.br\/mix\/wp-json\/wp\/v2\/posts"}],"about":[{"href":"https:\/\/diariodocomercio.com.br\/mix\/wp-json\/wp\/v2\/types\/post"}],"author":[{"embeddable":true,"href":"https:\/\/diariodocomercio.com.br\/mix\/wp-json\/wp\/v2\/users\/9"}],"replies":[{"embeddable":true,"href":"https:\/\/diariodocomercio.com.br\/mix\/wp-json\/wp\/v2\/comments?post=8726"}],"version-history":[{"count":1,"href":"https:\/\/diariodocomercio.com.br\/mix\/wp-json\/wp\/v2\/posts\/8726\/revisions"}],"predecessor-version":[{"id":8729,"href":"https:\/\/diariodocomercio.com.br\/mix\/wp-json\/wp\/v2\/posts\/8726\/revisions\/8729"}],"wp:featuredmedia":[{"embeddable":true,"href":"https:\/\/diariodocomercio.com.br\/mix\/wp-json\/wp\/v2\/media\/8728"}],"wp:attachment":[{"href":"https:\/\/diariodocomercio.com.br\/mix\/wp-json\/wp\/v2\/media?parent=8726"}],"wp:term":[{"taxonomy":"category","embeddable":true,"href":"https:\/\/diariodocomercio.com.br\/mix\/wp-json\/wp\/v2\/categories?post=8726"},{"taxonomy":"post_tag","embeddable":true,"href":"https:\/\/diariodocomercio.com.br\/mix\/wp-json\/wp\/v2\/tags?post=8726"}],"curies":[{"name":"wp","href":"https:\/\/api.w.org\/{rel}","templated":true}]}}