{"id":8730,"date":"2025-06-01T16:21:00","date_gmt":"2025-06-01T19:21:00","guid":{"rendered":"https:\/\/diariodocomercio.com.br\/mix\/?p=8730"},"modified":"2025-05-29T17:49:16","modified_gmt":"2025-05-29T20:49:16","slug":"veja-quais-sao-as-5-melhores-capitais-para-morar-no-brasil","status":"publish","type":"post","link":"https:\/\/diariodocomercio.com.br\/mix\/veja-quais-sao-as-5-melhores-capitais-para-morar-no-brasil\/","title":{"rendered":"Veja quais s\u00e3o as 5 melhores capitais para morar no Brasil"},"content":{"rendered":"\n<p>Curitiba, no Paran\u00e1, foi eleita a melhor capital brasileira para se viver, segundo o \u00cdndice de Progresso Social (IPS) Brasil 2025, divulgado nesta quarta-feira (28) pela organiza\u00e7\u00e3o Social Progress Imperative (SPI). A capital paranaense obteve nota 69,89, liderando o ranking que mede o desempenho social e ambiental dos munic\u00edpios brasileiros.<\/p>\n\n\n\n<p>O levantamento aponta as cinco capitais com melhor qualidade de vida no Brasil, com base em 57 indicadores sociais e ambientais, organizados em tr\u00eas grandes dimens\u00f5es: Necessidades Humanas B\u00e1sicas, Fundamentos do Bem-estar e Oportunidades.<\/p>\n\n\n\n<p><strong>As 5 melhores capitais para morar no Brasil, segundo o IPS 2025:<\/strong><\/p>\n\n\n\n<ol class=\"wp-block-list\">\n<li><strong>Curitiba (PR)<\/strong> \u2013 69,89<\/li>\n\n\n\n<li><strong>Campo Grande (MS)<\/strong> \u2013 69,63<\/li>\n\n\n\n<li><strong>Bras\u00edlia (DF)<\/strong> \u2013 69,04<\/li>\n\n\n\n<li><strong>S\u00e3o Paulo (SP)<\/strong> \u2013 68,88<\/li>\n\n\n\n<li><strong>Belo Horizonte (MG)<\/strong> \u2013 68,22<\/li>\n<\/ol>\n\n\n\n<p>Essas cidades se destacam por bons \u00edndices em \u00e1reas como moradia, acesso \u00e0 sa\u00fade b\u00e1sica, infraestrutura urbana, qualidade ambiental e pol\u00edticas de inclus\u00e3o.<\/p>\n\n\n\n<figure class=\"wp-block-image size-large\"><img decoding=\"async\" width=\"1200\" height=\"505\" src=\"https:\/\/diariodocomercio.com.br\/mix\/wp-content\/uploads\/2025\/05\/cidade-mais-inteligente-do-mundo-1200x505.jpg\" alt=\"Curitiba\" class=\"wp-image-7658\" srcset=\"https:\/\/diariodocomercio.com.br\/mix\/wp-content\/uploads\/2025\/05\/cidade-mais-inteligente-do-mundo-1200x505.jpg 1200w, https:\/\/diariodocomercio.com.br\/mix\/wp-content\/uploads\/2025\/05\/cidade-mais-inteligente-do-mundo-300x126.jpg 300w, https:\/\/diariodocomercio.com.br\/mix\/wp-content\/uploads\/2025\/05\/cidade-mais-inteligente-do-mundo-768x323.jpg 768w, https:\/\/diariodocomercio.com.br\/mix\/wp-content\/uploads\/2025\/05\/cidade-mais-inteligente-do-mundo-1536x646.jpg 1536w, https:\/\/diariodocomercio.com.br\/mix\/wp-content\/uploads\/2025\/05\/cidade-mais-inteligente-do-mundo-150x63.jpg 150w, https:\/\/diariodocomercio.com.br\/mix\/wp-content\/uploads\/2025\/05\/cidade-mais-inteligente-do-mundo-750x315.jpg 750w, https:\/\/diariodocomercio.com.br\/mix\/wp-content\/uploads\/2025\/05\/cidade-mais-inteligente-do-mundo-1140x479.jpg 1140w, https:\/\/diariodocomercio.com.br\/mix\/wp-content\/uploads\/2025\/05\/cidade-mais-inteligente-do-mundo.jpg 2000w\" sizes=\"(max-width: 1200px) 100vw, 1200px\" \/><figcaption class=\"wp-element-caption\">Vista a\u00e9rea da BR 277 &#8211; Curitiba (Reprodu\u00e7\u00e3o\/Daniel Castellano \/SMCS)<\/figcaption><\/figure>\n\n\n\n<p>Segundo os organizadores do IPS, o objetivo do \u00edndice \u00e9 complementar as m\u00e9tricas puramente econ\u00f4micas, como o PIB, oferecendo uma vis\u00e3o mais completa sobre o desenvolvimento e o bem-estar das popula\u00e7\u00f5es.<\/p>\n\n\n\n<p>Apesar dos avan\u00e7os em algumas cidades, o estudo mostra que a qualidade de vida no Brasil segue altamente desigual. Capitais das regi\u00f5es Norte e Nordeste ainda enfrentam s\u00e9rios desafios. As cinco piores colocadas no ranking foram:<\/p>\n\n\n\n<ol start=\"23\" class=\"wp-block-list\">\n<li><strong>Rio Branco (AC)<\/strong> \u2013 62,29<\/li>\n\n\n\n<li><strong>Salvador (BA)<\/strong> \u2013 62,05<\/li>\n\n\n\n<li><strong>Macei\u00f3 (AL)<\/strong> \u2013 61,48<\/li>\n\n\n\n<li><strong>Macap\u00e1 (AP)<\/strong> \u2013 58,72<\/li>\n\n\n\n<li><strong>Porto Velho (RO)<\/strong> \u2013 57,25<\/li>\n<\/ol>\n\n\n\n<p>Entre os fatores que contribu\u00edram para essas baixas pontua\u00e7\u00f5es est\u00e3o infraestrutura prec\u00e1ria, viol\u00eancia, desigualdade social, falta de acesso \u00e0 educa\u00e7\u00e3o de qualidade e problemas ambientais \u2014 como os elevados \u00edndices de desmatamento na Amaz\u00f4nia Legal.<\/p>\n\n\n\n<h2 class=\"wp-block-heading\"><strong>Como funciona o \u00cdndice de Progresso Social<\/strong><\/h2>\n\n\n\n<p>Criado pelo <em>Social Progress Imperative<\/em> e adaptado ao Brasil com lideran\u00e7a do Imazon (Instituto do Homem e Meio Ambiente da Amaz\u00f4nia), o IPS \u00e9 atualizado anualmente. O relat\u00f3rio 2025 \u00e9 o segundo a cobrir todos os 5.570 munic\u00edpios do pa\u00eds, consolidando-se como a maior iniciativa mundial de avalia\u00e7\u00e3o de progresso social em escala subnacional.<\/p>\n\n\n\n<p>Entre os 12 componentes analisados, Moradia foi o melhor avaliado nacionalmente, com m\u00e9dia de 87,74 pontos, enquanto Direitos Individuais, Inclus\u00e3o Social e Acesso \u00e0 Educa\u00e7\u00e3o Superior apresentaram os piores resultados, com m\u00e9dias abaixo de 50 pontos.<\/p>\n\n\n\n<p>A m\u00e9dia nacional geral ficou em 61,96, revelando que o Brasil ainda tem muito a avan\u00e7ar em termos de desenvolvimento social equilibrado e sustent\u00e1vel.<\/p>\n\n\n\n<p>Al\u00e9m de orientar a formula\u00e7\u00e3o de pol\u00edticas p\u00fablicas mais eficazes, o IPS tamb\u00e9m serve como refer\u00eancia para investimentos sociais privados. Por sua abrang\u00eancia e metodologia, o \u00edndice permite identificar com precis\u00e3o onde est\u00e3o os maiores gargalos sociais e ambientais do pa\u00eds \u2014 e onde as boas pr\u00e1ticas est\u00e3o funcionando.<\/p>\n","protected":false},"excerpt":{"rendered":"<p>Curitiba, no Paran\u00e1, foi eleita a melhor capital brasileira para se viver, segundo o \u00cdndice de Progresso Social (IPS) Brasil 2025, divulgado nesta quarta-feira (28) pela organiza\u00e7\u00e3o Social Progress Imperative (SPI). A capital paranaense obteve nota 69,89, liderando o ranking que mede o desempenho social e ambiental dos munic\u00edpios brasileiros. O levantamento aponta as cinco [&hellip;]<\/p>\n","protected":false},"author":9,"featured_media":7657,"comment_status":"closed","ping_status":"closed","sticky":false,"template":"","format":"standard","meta":{"jnews-multi-image_gallery":[],"jnews_single_post":{"format":"standard"},"jnews_primary_category":[],"jnews_social_meta":[],"jnews_override_counter":[],"jnews_post_split":[],"footnotes":""},"categories":[1],"tags":[],"class_list":["post-8730","post","type-post","status-publish","format-standard","has-post-thumbnail","hentry","category-geral"],"_referencia":"","_links":{"self":[{"href":"https:\/\/diariodocomercio.com.br\/mix\/wp-json\/wp\/v2\/posts\/8730","targetHints":{"allow":["GET"]}}],"collection":[{"href":"https:\/\/diariodocomercio.com.br\/mix\/wp-json\/wp\/v2\/posts"}],"about":[{"href":"https:\/\/diariodocomercio.com.br\/mix\/wp-json\/wp\/v2\/types\/post"}],"author":[{"embeddable":true,"href":"https:\/\/diariodocomercio.com.br\/mix\/wp-json\/wp\/v2\/users\/9"}],"replies":[{"embeddable":true,"href":"https:\/\/diariodocomercio.com.br\/mix\/wp-json\/wp\/v2\/comments?post=8730"}],"version-history":[{"count":1,"href":"https:\/\/diariodocomercio.com.br\/mix\/wp-json\/wp\/v2\/posts\/8730\/revisions"}],"predecessor-version":[{"id":8734,"href":"https:\/\/diariodocomercio.com.br\/mix\/wp-json\/wp\/v2\/posts\/8730\/revisions\/8734"}],"wp:featuredmedia":[{"embeddable":true,"href":"https:\/\/diariodocomercio.com.br\/mix\/wp-json\/wp\/v2\/media\/7657"}],"wp:attachment":[{"href":"https:\/\/diariodocomercio.com.br\/mix\/wp-json\/wp\/v2\/media?parent=8730"}],"wp:term":[{"taxonomy":"category","embeddable":true,"href":"https:\/\/diariodocomercio.com.br\/mix\/wp-json\/wp\/v2\/categories?post=8730"},{"taxonomy":"post_tag","embeddable":true,"href":"https:\/\/diariodocomercio.com.br\/mix\/wp-json\/wp\/v2\/tags?post=8730"}],"curies":[{"name":"wp","href":"https:\/\/api.w.org\/{rel}","templated":true}]}}