{"id":8751,"date":"2025-06-01T17:31:00","date_gmt":"2025-06-01T20:31:00","guid":{"rendered":"https:\/\/diariodocomercio.com.br\/mix\/?p=8751"},"modified":"2025-05-29T20:07:11","modified_gmt":"2025-05-29T23:07:11","slug":"brasileiros-podem-resgatar-ate-r-2-800-esquecidos-no-pis-pasep","status":"publish","type":"post","link":"https:\/\/diariodocomercio.com.br\/mix\/brasileiros-podem-resgatar-ate-r-2-800-esquecidos-no-pis-pasep\/","title":{"rendered":"Brasileiros podem resgatar at\u00e9 R$ 2.800 esquecidos no PIS\/Pasep"},"content":{"rendered":"\n<p>Entre os anos 1971 e 1988, foi criado o PIS\/Pasep, como forma de incrementar a renda de trabalhadores da iniciativa privada e de servidores p\u00fablicos. Esse servi\u00e7o foi suspenso em 2020 e, quem tinha saldo nesses anos em quest\u00e3o, tiveram suas cotas incorporadas no Fundo de Garantia de Tempo de Servi\u00e7o (FGTS). Considerado um \u201cdinheiro esquecido\u201d, os saldos foram locados para uma conta \u00fanica do Tesouro Nacional.<\/p>\n\n\n\n<p>Ap\u00f3s an\u00e1lises, foi entendido que esses valores precisavam ser ressarcidos e a Caixa Econ\u00f4mica Federal criou um calend\u00e1rio de estorno para organizar os pagamentos, conforme os cidad\u00e3os com saldo tivessem como solicitar o saque. Esse movimento come\u00e7ou em mar\u00e7o deste ano, quando o governo liberou as solicita\u00e7\u00f5es at\u00e9 28 de fevereiro. Quem protocolou seus pedidos, recebeu os valores dispon\u00edveis at\u00e9 o dia 25 de abril.<\/p>\n\n\n\n<p>As solicita\u00e7\u00f5es ficar\u00e3o abertas at\u00e9 dia 30 de abril,e quem aproveitou, teve a chance de sacar o saldo nesta \u00faltima segunda-feira (26\/05). Vale ressaltar que as datas continuam vigentes e o pr\u00f3ximo pagamento est\u00e1 agendado para ocorrer no dia 25 de junho. Ser\u00e1 poss\u00edvel pedir o ressarcimento at\u00e9 setembro de 2028.<\/p>\n\n\n\n<h2 class=\"wp-block-heading\">Mais informa\u00e7\u00f5es sobre os valores esquecidos pelo PIS\/Pase<\/h2>\n\n\n\n<p>Para solicitar o resgate, \u00e9 poss\u00edvel fazer o procedimento de forma online pelo aplicativo do FGTS, que est\u00e1 dispon\u00edvel para celulares com sistemas Android e iOS. No entanto, tamb\u00e9m \u00e9 poss\u00edvel fazer o processo de forma presencial. De forma online, \u00e9 necess\u00e1rio fazer o login e senha, ir no \u201cMais\u201d e clicar em \u201cressarcimento PIS\/Pasep\u201d.&nbsp;<\/p>\n\n\n\n<p>Vale lembrar que o sistema pedir\u00e1 o envio de documenta\u00e7\u00e3o espec\u00edfica e ser\u00e1 necess\u00e1rio anexar um documento de identidade se o pedido estiver sendo feito pelo benefici\u00e1rio.<\/p>\n","protected":false},"excerpt":{"rendered":"<p>Entre os anos 1971 e 1988, foi criado o PIS\/Pasep, como forma de incrementar a renda de trabalhadores da iniciativa privada e de servidores p\u00fablicos. Esse servi\u00e7o foi suspenso em 2020 e, quem tinha saldo nesses anos em quest\u00e3o, tiveram suas cotas incorporadas no Fundo de Garantia de Tempo de Servi\u00e7o (FGTS). Considerado um \u201cdinheiro [&hellip;]<\/p>\n","protected":false},"author":7,"featured_media":3056,"comment_status":"closed","ping_status":"closed","sticky":false,"template":"","format":"standard","meta":{"jnews-multi-image_gallery":[],"jnews_single_post":{"format":"standard"},"jnews_primary_category":[],"jnews_social_meta":[],"jnews_override_counter":[],"jnews_post_split":[],"footnotes":""},"categories":[1],"tags":[],"class_list":["post-8751","post","type-post","status-publish","format-standard","has-post-thumbnail","hentry","category-geral"],"_referencia":"","_links":{"self":[{"href":"https:\/\/diariodocomercio.com.br\/mix\/wp-json\/wp\/v2\/posts\/8751","targetHints":{"allow":["GET"]}}],"collection":[{"href":"https:\/\/diariodocomercio.com.br\/mix\/wp-json\/wp\/v2\/posts"}],"about":[{"href":"https:\/\/diariodocomercio.com.br\/mix\/wp-json\/wp\/v2\/types\/post"}],"author":[{"embeddable":true,"href":"https:\/\/diariodocomercio.com.br\/mix\/wp-json\/wp\/v2\/users\/7"}],"replies":[{"embeddable":true,"href":"https:\/\/diariodocomercio.com.br\/mix\/wp-json\/wp\/v2\/comments?post=8751"}],"version-history":[{"count":2,"href":"https:\/\/diariodocomercio.com.br\/mix\/wp-json\/wp\/v2\/posts\/8751\/revisions"}],"predecessor-version":[{"id":8754,"href":"https:\/\/diariodocomercio.com.br\/mix\/wp-json\/wp\/v2\/posts\/8751\/revisions\/8754"}],"wp:featuredmedia":[{"embeddable":true,"href":"https:\/\/diariodocomercio.com.br\/mix\/wp-json\/wp\/v2\/media\/3056"}],"wp:attachment":[{"href":"https:\/\/diariodocomercio.com.br\/mix\/wp-json\/wp\/v2\/media?parent=8751"}],"wp:term":[{"taxonomy":"category","embeddable":true,"href":"https:\/\/diariodocomercio.com.br\/mix\/wp-json\/wp\/v2\/categories?post=8751"},{"taxonomy":"post_tag","embeddable":true,"href":"https:\/\/diariodocomercio.com.br\/mix\/wp-json\/wp\/v2\/tags?post=8751"}],"curies":[{"name":"wp","href":"https:\/\/api.w.org\/{rel}","templated":true}]}}