{"id":8875,"date":"2025-06-02T10:16:11","date_gmt":"2025-06-02T13:16:11","guid":{"rendered":"https:\/\/diariodocomercio.com.br\/mix\/?p=8875"},"modified":"2025-06-02T10:16:14","modified_gmt":"2025-06-02T13:16:14","slug":"tecnico-da-selecao-ancelotti-revela-atrito-com-astro-do-futebol-brasileiro","status":"publish","type":"post","link":"https:\/\/diariodocomercio.com.br\/mix\/tecnico-da-selecao-ancelotti-revela-atrito-com-astro-do-futebol-brasileiro\/","title":{"rendered":"T\u00e9cnico da sele\u00e7\u00e3o, Ancelotti revela atrito com astro do futebol brasileiro"},"content":{"rendered":"\n<p>O italiano Carlo Ancelotti, novo t\u00e9cnico da sele\u00e7\u00e3o brasileira, j\u00e1 deu o que falar em suas primeiras entrevistas. Durante uma entrevista ao Jornal Nacional, o treinador contou que j\u00e1 trabalhou com mais de 30 jogadores brasileiros ao longo da sua carreira e, apesar de elogiar bastante os jogadores do pa\u00eds, ele confessou que que teve problemas com um deles.<\/p>\n\n\n\n<p><em>&#8220;O brasileiro tem um bom car\u00e1ter na minha opini\u00e3o. O jogador brasileiro, em geral, tem um n\u00edvel t\u00e9cnico maior do que os outros. Do aspecto pessoal, \u00e9 uma pessoa que tem um car\u00e1ter tranquilo, humilde, a maioria. Treinei 34. Se penso em um problema com algu\u00e9m, creio que n\u00e3o. Tive com um, mas n\u00e3o te digo&#8221;<\/em>, brincou o t\u00e9cnico.<\/p>\n\n\n\n<p>Para a tristeza dos fofoqueiros, Ancelotti n\u00e3o entregou o nome do dito cujo, mas o Di\u00e1rio do Litoral afirma que o principal &#8220;suspeito&#8221; \u00e9 Rivaldo, que foi treinado por Ancelotti durante sua passagem pelo Milan.<\/p>\n\n\n\n<h2 class=\"wp-block-heading\">Ancelotti deixa Neymar de fora em primeira convoca\u00e7\u00e3o da Sele\u00e7\u00e3o<\/h2>\n\n\n\n<p>Uma surpresa e uma pol\u00eamica imediata do novo t\u00e9cnico foi ter deixado Neymar de fora da primeira convoca\u00e7\u00e3o. Mas calma, neymarzetes. <em>\u201cComo eu disse, nesta convoca\u00e7\u00e3o preferi selecionar jogadores que est\u00e3o &#8216;bem&#8217; fisicamente. <strong>Ele acabou de voltar de uma les\u00e3o<\/strong>\u201d<\/em>, explicou o t\u00e9cnico, de acordo com o Di\u00e1rio do Litoral. <em>\u201cTodo mundo sabe que o Neymar \u00e9 um jogador muito importante. Contamos com ele, obviamente.\u201d<\/em><\/p>\n\n\n\n<p><strong>Confira a lista dos convocados, segundo o ge:<\/strong><\/p>\n\n\n\n<ul class=\"wp-block-list\">\n<li>Goleiros: Alisson (Liverpool), Bento (Al-Nassr), Hugo Souza (Corinthians);<\/li>\n\n\n\n<li>Defensores: Alex Sandro (Flamengo), Alexsandro (Lille), Beraldo (PSG), Carlos Augusto (Inter de Mil\u00e3o), Danilo (Flamengo), L\u00e9o Ortiz (Flamengo), Marquinhos (PSG), Vanderson (Monaco), Wesley (Flamengo);<\/li>\n\n\n\n<li>Meio-campistas: Andreas Pereira (Fulham), Andrey Santos (Strasbourg), Bruno Guimar\u00e3es (Newcastle), Casemiro (Manchester United), Ederson (Atalanta), Gerson (Flamengo);<\/li>\n\n\n\n<li>Atacantes: Antony (Betis), Est\u00eav\u00e3o (Palmeiras), Gabriel Martinelli (Arsenal), Matheus Cunha (Wolverhampton), Raphinha (Barcelona), Richarlison (Tottenham), Vini J\u00fanior (Real Madrid).<\/li>\n<\/ul>\n\n\n\n<style>@media (min-width: 992px) {\n    .recomendadorV2Area1 {\n        width: 280px;\n    }\n    .recomendadorV2Area2 {\n        padding: 0px 20px;\n        width: calc(100% - 280px);\n    }\n}\n\n@media (max-width: 992px) {\n    .recomendadorV2Button {\n        margin: 0 auto;\n    }\n    .recomendadorV2Area {\n        flex-direction: column;\n        text-align: center;\n    }\n    .recomendadorV2Area2 {\n        padding: 0px 20px;\n    }\n}\n\n.recomendadorV2Area {\n    background: #eeeeee3d;\n    border-radius: 10px;\n    padding: 15px;\n    display: flex;\n    margin: 15px auto;\n    border: 1px solid #00000014;\n    max-width: 800px;\n}\n\n.recomendadorV2Area1 img {\n    width: 280px;\n    height: auto;\n    border-radius: 8px;\n}\n\n.linkrecomendadorv2 {\n    text-decoration: none !important;\n}\n\n.recomendadorV2Area2 .recomendadorV2Type {\n    text-transform: uppercase;\n    font-weight: 500;\n    font-size: 11px;\n    letter-spacing: 2px;\n    color: #666;\n    margin: 12px 0;\n    display: block;\n}\n\n.recomendadorV2Title h2 {\n    padding-top: 0px !important;\n    margin: 0px !important;\n    border-left: none !important;\n    padding-left: 0px !important;\n    line-height: 1.3;\n    color: #000 !important;\n    font-size: 24px;\n    margin-bottom: 12px !important;\n}\n\n.recomendadorV2Desc {\n    color: #333;\n    margin: 12px 0px !important;\n    font-size: 15px;\n    line-height: 1.5;\n}\n\n.recomendadorV2Button {\n    width: auto;\n    max-width: 200px;\n    margin: 0;\n    display: inline-flex;\n    align-items: center;\n    background: #1D3557;\n    border-radius: 8px;\n    color: #fff;\n    height: 36px;\n    justify-content: center;\n    text-align: center;\n    font-size: 14px;\n    padding: 0 20px;\n    transition: background-color 0.2s ease;\n}\n\n.recomendadorV2Button:hover {\n    background: #2a4d7a;\n}\n\n.recomendadorV2Button:after {\n    margin-top: -2px;\n    content: \"\u2192\";\n    padding: 0px 0px 0px 8px;\n}\n\n.recomendadorV2Alert {\n    text-align: left;\n    font-size: 11px;\n    margin-top: 8px;\n    color: #666;\n}\n\n.recomendadorFixedArea {\n    width: 100%;\n    display: flex;\n    justify-content: center;\n    align-items: center;\n}\n\n@media (min-width: 992px) {\n    #recomendadorFixed {\n        width: 32% !important;\n        left: 5%;\n    }\n    .recomendadorCloseFixed{\n        right: inherit !important;\n        left: 378px !important;\n    }\n}\n\n#recomendadorFixed {\n    width: 90%;\n    box-shadow: 0 10px 20px 0px #00000057;\n    display: none;\n    height: 90px;\n    background: #F6F6F6;\n    position: fixed;\n    flex-direction: row;\n    bottom: 10px;\n    z-index: 9999;\n    border-radius: 16px;\n    padding: 7px 10px;\n}\n\n.recomendadorLeftArea {\n    width: 160px;\n}\n\n.recomendadorRightArea h2 {\n    padding-top: 0px;\n    margin: 2px 0px 4px 0px !important;\n    font-weight: 400;\n    text-align: center;\n    padding-left: 0px !important;\n    color: #000 !important;\n    border-left: none !important;\n    line-height: 20px;\n    font-size: 12px !important;\n}\n\n.recomendadorImgFixed {\n    overflow: hidden;\n    padding: 8px 6px;\n    height: 100%;\n}\n\n.recomendadorImgFixed img {\n    height: 100% !important;\n    border-radius: 16px;\n}\n\n.recomendadorRightArea {\n    padding-top: 6px;\n    display: flex;\n    width: calc(100% - 130px);\n    justify-content: space-between;\n    align-items: center;\n    flex-direction: column;\n}\n\n.recomendadorButtonFixed {\n    margin: 0 auto;\n    background: #1D3557;\n    width: 80%;\n    text-align: center;\n    font-size: 10px;\n    color: #FFF;\n    padding: 2px 10px;\n    border-radius: 3px;\n}\n\n.recomendadorButtonFixed:after {\n    margin-top: -3px;\n    content: \"\u2192\";\n    padding: 0px 0px 0px 10px;\n}\n\n.recomendadorAlertFixed {\n    font-weight: 400;\n    text-align: center;\n    color: #484848;\n    font-size: 8px;\n}\n\n.recomendadorCloseFixed {\n    z-index: 99999;\n    display: none;\n    right: 0px;\n    left: inherit;\n    bottom: 99px;\n    position: fixed;\n    justify-content: center;\n    background: #F6F6F6;\n    width: 25px;\n    align-items: center;\n    height: 25px;\n    font-weight: 800;\n    border-radius: 50%;\n    border: 1px solid #EBEBEB;\n}\n\n.recomendadorV2Desc{\n    color: #000000;\n    margin: 20px 0px;\n}\n\n@media (max-width: 576px) {\n    .recomendadorV2Area {\n      padding: 10px;\n      max-width: 100%;\n    }\n  \n    .recomendadorV2Area1 img {\n      width: 100%;\n      border-radius: 6px;\n    }\n  \n    .recomendadorV2Area2 .recomendadorV2Type {\n      font-size: 9px;\n      letter-spacing: 1px;\n      margin: 8px 0;\n    }\n  \n    .recomendadorV2Title h2 {\n      font-size: 18px !important;\n      margin-bottom: 8px !important;\n      line-height: 1.2;\n    }\n  \n    .recomendadorV2Desc {\n      font-size: 14px;\n      margin: 8px 0 !important;\n      line-height: 1.4;\n    }\n  \n    .recomendadorV2Button {\n      font-size: 14px;\n      height: 40px;\n      padding: 0 12px;\n      max-width: 100%;\n      width: 100%;\n    }\n  \n    .recomendadorV2Button:after {\n      padding-left: 6px;\n    }\n  }\n  <\/style>\n        <div class=\"lazyblock-recomendador-v2-2jDGz wp-block-lazyblock-recomendador-v2\">\n        <a class=\"linkrecomendadorv2\" href=\"https:\/\/diariodocomercio.com.br\/mix\/veja-quais-sao-as-5-melhores-capitais-para-morar-no-brasil\/\">\n            <div class=\"recomendadorV2Area\">\n            <div class=\"recomendadorV2Area1\">\n                <div class=\"recomendadorV2Img\">\n                <img class=\"lazyloaded\" decoding=\"async\" src=\"https:\/\/diariodocomercio.com.br\/mix\/wp-content\/uploads\/2025\/05\/00000819_fundosecao.jpg\" data-src=\"https:\/\/diariodocomercio.com.br\/mix\/wp-content\/uploads\/2025\/05\/00000819_fundosecao.jpg\" alt=\"\">\n                <\/div>\n            <\/div>\n            <div class=\"recomendadorV2Area2\">\n                <div class=\"recomendadorV2Type\">\n                    <span>CIDADES<\/span>\n                <\/div>\n                <div class=\"recomendadorV2Title\">\n                <h2><span>Veja quais s\u00e3o as 5 melhores capitais para morar no Brasil<\/span><\/h2>\n                <\/div>\n                <div class=\"recomendadorV2Desc\">\n                <span>Curitiba, no Paran\u00e1, foi eleita a melhor capital brasileira para se viver, segundo o \u00cdndice de Progresso Social (IPS) Brasil \u2026<\/span>\n                <\/div>\n                <div class=\"recomendadorV2Button\">Leia mais<\/div>\n                <div class=\"recomendadorV2Alert\"><\/div>\n            <\/div>\n            <\/div>\n        <\/a>\n        <div>\n            <div style=\"z-index:99999;\" id=\"buttonClose\" onclick=\"closeRecomendadorFixed()\">\n            <div class=\"recomendadorCloseFixed\">X<\/div>\n            <\/div>\n            <a href=\"https:\/\/diariodocomercio.com.br\/mix\/veja-quais-sao-as-5-melhores-capitais-para-morar-no-brasil\/\">\n            <div class=\"recomendadorFixedArea\">\n                <div id=\"recomendadorFixed\">\n                <div class=\"recomendadorLeftArea\">\n                    <div class=\"recomendadorImgFixed\">\n                    <img class=\"lazyload\" decoding=\"async\" src=\"https:\/\/diariodocomercio.com.br\/mix\/wp-content\/uploads\/2025\/05\/00000819_fundosecao.jpg\" alt=\"\">\n                    <\/div>\n                <\/div>\n                <div class=\"recomendadorRightArea\">\n                    <div class=\"recomendadorTitleFixed\">\n                    <h2><span>Veja quais s\u00e3o as 5 melhores capitais para morar no Brasil<\/span><\/h2>\n                    <\/div>\n                    <div class=\"recomendadorButtonFixed\">Leia mais<\/div>\n                    <div class=\"recomendadorAlertFixed\"><\/div>\n                <\/div>\n                <\/div>\n            <\/div>\n            <\/a>\n        <\/div>\n        <\/div>\n","protected":false},"excerpt":{"rendered":"<p>Em entrevista para o Jornal Nacional, o novo t\u00e9cnico da sele\u00e7\u00e3o, Carlo Ancelotti, relembrou que j\u00e1 treinou mais de 30 jogadores brasileiros.<\/p>\n","protected":false},"author":6,"featured_media":7412,"comment_status":"closed","ping_status":"closed","sticky":false,"template":"","format":"standard","meta":{"jnews-multi-image_gallery":[],"jnews_single_post":{"format":"standard"},"jnews_primary_category":[],"jnews_social_meta":[],"jnews_override_counter":[],"jnews_post_split":[],"footnotes":""},"categories":[1],"tags":[],"class_list":["post-8875","post","type-post","status-publish","format-standard","has-post-thumbnail","hentry","category-geral"],"_referencia":"","_links":{"self":[{"href":"https:\/\/diariodocomercio.com.br\/mix\/wp-json\/wp\/v2\/posts\/8875","targetHints":{"allow":["GET"]}}],"collection":[{"href":"https:\/\/diariodocomercio.com.br\/mix\/wp-json\/wp\/v2\/posts"}],"about":[{"href":"https:\/\/diariodocomercio.com.br\/mix\/wp-json\/wp\/v2\/types\/post"}],"author":[{"embeddable":true,"href":"https:\/\/diariodocomercio.com.br\/mix\/wp-json\/wp\/v2\/users\/6"}],"replies":[{"embeddable":true,"href":"https:\/\/diariodocomercio.com.br\/mix\/wp-json\/wp\/v2\/comments?post=8875"}],"version-history":[{"count":1,"href":"https:\/\/diariodocomercio.com.br\/mix\/wp-json\/wp\/v2\/posts\/8875\/revisions"}],"predecessor-version":[{"id":8876,"href":"https:\/\/diariodocomercio.com.br\/mix\/wp-json\/wp\/v2\/posts\/8875\/revisions\/8876"}],"wp:featuredmedia":[{"embeddable":true,"href":"https:\/\/diariodocomercio.com.br\/mix\/wp-json\/wp\/v2\/media\/7412"}],"wp:attachment":[{"href":"https:\/\/diariodocomercio.com.br\/mix\/wp-json\/wp\/v2\/media?parent=8875"}],"wp:term":[{"taxonomy":"category","embeddable":true,"href":"https:\/\/diariodocomercio.com.br\/mix\/wp-json\/wp\/v2\/categories?post=8875"},{"taxonomy":"post_tag","embeddable":true,"href":"https:\/\/diariodocomercio.com.br\/mix\/wp-json\/wp\/v2\/tags?post=8875"}],"curies":[{"name":"wp","href":"https:\/\/api.w.org\/{rel}","templated":true}]}}