{"id":8879,"date":"2025-06-02T11:00:13","date_gmt":"2025-06-02T14:00:13","guid":{"rendered":"https:\/\/diariodocomercio.com.br\/mix\/?p=8879"},"modified":"2025-06-02T11:00:20","modified_gmt":"2025-06-02T14:00:20","slug":"beneficiarios-do-bolsa-familia-podem-ter-credito-de-ate-r-21-mil-com-programa-federal","status":"publish","type":"post","link":"https:\/\/diariodocomercio.com.br\/mix\/beneficiarios-do-bolsa-familia-podem-ter-credito-de-ate-r-21-mil-com-programa-federal\/","title":{"rendered":"Benefici\u00e1rios do Bolsa Fam\u00edlia podem ter cr\u00e9dito de at\u00e9 R$ 21 mil com programa federal"},"content":{"rendered":"\n<p>Fam\u00edlias benefici\u00e1rias do Bolsa Fam\u00edlia agora t\u00eam acesso a uma nova oportunidade de gera\u00e7\u00e3o de renda por meio do programa Acredita no Primeiro Passo, lan\u00e7ado em outubro de 2024. A iniciativa do Governo Federal oferece microcr\u00e9dito de at\u00e9 R$ 21 mil, com juros reduzidos e condi\u00e7\u00f5es facilitadas para quem deseja iniciar ou expandir um pequeno neg\u00f3cio. O programa \u00e9 voltado para pessoas de 16 a 65 anos com cadastro atualizado no Cadastro \u00danico (Cad\u00danico) e atende, prioritariamente, mulheres, jovens, pessoas com defici\u00eancia e integrantes de comunidades tradicionais e ribeirinhas.<\/p>\n\n\n\n<p>Substituto do consignado do Bolsa Fam\u00edlia, suspenso em 2023, o novo programa \u00e9 gerido pelo Minist\u00e9rio do Desenvolvimento e Assist\u00eancia Social, Fam\u00edlia e Combate \u00e0 Fome (MDS) e tem foco em estimular o empreendedorismo e a inclus\u00e3o socioecon\u00f4mica em regi\u00f5es historicamente mais vulner\u00e1veis, como o Norte, Nordeste e Minas Gerais. A expans\u00e3o para o Centro-Oeste est\u00e1 prevista para 2025.<\/p>\n\n\n\n<p>Mais do que empr\u00e9stimos, o <em>Acredita no Primeiro Passo<\/em> oferece tamb\u00e9m capacita\u00e7\u00e3o, promovendo cursos e orienta\u00e7\u00e3o para pequenos empreendedores que desejam formalizar ou melhorar seus neg\u00f3cios. At\u00e9 o momento, 68,4 mil pessoas j\u00e1 foram beneficiadas, com R$ 623,3 milh\u00f5es em opera\u00e7\u00f5es de cr\u00e9dito contratadas. Destas, 70% foram destinadas a mulheres, o que evidencia a proposta do programa de estimular o protagonismo feminino no empreendedorismo.<\/p>\n\n\n\n<p>O acesso ao cr\u00e9dito \u00e9 realizado por meio de institui\u00e7\u00f5es financeiras parceiras como Caixa Econ\u00f4mica Federal, Banco do Brasil, Banco do Nordeste, Banco da Amaz\u00f4nia e ag\u00eancias de fomento regionais. O Banco do Nordeste, por exemplo, j\u00e1 liberou R$ 619,1 milh\u00f5es em cr\u00e9dito, enquanto o Banco da Amaz\u00f4nia foi respons\u00e1vel por R$ 2,1 milh\u00f5es.<\/p>\n\n\n\n<h2 class=\"wp-block-heading\"><strong>R$ 2 bilh\u00f5es em cr\u00e9dito at\u00e9 o fim de 2025<\/strong><\/h2>\n\n\n\n<p>O programa deve liberar R$ 500 milh\u00f5es em 2025, com uma proje\u00e7\u00e3o de alcan\u00e7ar R$ 2 bilh\u00f5es at\u00e9 o fim do ano, segundo o secret\u00e1rio de Inclus\u00e3o Socioecon\u00f4mica do MDS, Luiz Carlos Everton. O montante ser\u00e1 poss\u00edvel gra\u00e7as ao Fundo Garantidor do Governo Federal, que atua como avalista das opera\u00e7\u00f5es, oferecendo maior seguran\u00e7a \u00e0s institui\u00e7\u00f5es financeiras e facilitando o acesso ao cr\u00e9dito para pessoas de baixa renda.<\/p>\n\n\n\n<p>\u201cO <em>Acredita no Primeiro Passo<\/em> \u00e9 crucial na luta contra a fome, permitindo que as fam\u00edlias superem a inseguran\u00e7a alimentar e conquistem sua autonomia financeira\u201d, afirmou o ministro Wellington Dias para o Ag\u00eancia Gov.<\/p>\n\n\n\n<p>O programa representa uma mudan\u00e7a de paradigma para milhares de fam\u00edlias que antes n\u00e3o tinham acesso a linhas de cr\u00e9dito formalizadas. Com a expans\u00e3o prevista e a ades\u00e3o de novos bancos parceiros, a expectativa \u00e9 que cada vez mais brasileiros possam transformar suas realidades por meio do empreendedorismo.<\/p>\n","protected":false},"excerpt":{"rendered":"<p>Fam\u00edlias benefici\u00e1rias do Bolsa Fam\u00edlia agora t\u00eam acesso a uma nova oportunidade de gera\u00e7\u00e3o de renda por meio do programa Acredita no Primeiro Passo, lan\u00e7ado em outubro de 2024. A iniciativa do Governo Federal oferece microcr\u00e9dito de at\u00e9 R$ 21 mil, com juros reduzidos e condi\u00e7\u00f5es facilitadas para quem deseja iniciar ou expandir um pequeno [&hellip;]<\/p>\n","protected":false},"author":9,"featured_media":6538,"comment_status":"closed","ping_status":"closed","sticky":false,"template":"","format":"standard","meta":{"jnews-multi-image_gallery":[],"jnews_single_post":{"format":"standard"},"jnews_primary_category":[],"jnews_social_meta":[],"jnews_override_counter":[],"jnews_post_split":[],"footnotes":""},"categories":[1],"tags":[],"class_list":["post-8879","post","type-post","status-publish","format-standard","has-post-thumbnail","hentry","category-geral"],"_referencia":"","_links":{"self":[{"href":"https:\/\/diariodocomercio.com.br\/mix\/wp-json\/wp\/v2\/posts\/8879","targetHints":{"allow":["GET"]}}],"collection":[{"href":"https:\/\/diariodocomercio.com.br\/mix\/wp-json\/wp\/v2\/posts"}],"about":[{"href":"https:\/\/diariodocomercio.com.br\/mix\/wp-json\/wp\/v2\/types\/post"}],"author":[{"embeddable":true,"href":"https:\/\/diariodocomercio.com.br\/mix\/wp-json\/wp\/v2\/users\/9"}],"replies":[{"embeddable":true,"href":"https:\/\/diariodocomercio.com.br\/mix\/wp-json\/wp\/v2\/comments?post=8879"}],"version-history":[{"count":1,"href":"https:\/\/diariodocomercio.com.br\/mix\/wp-json\/wp\/v2\/posts\/8879\/revisions"}],"predecessor-version":[{"id":8880,"href":"https:\/\/diariodocomercio.com.br\/mix\/wp-json\/wp\/v2\/posts\/8879\/revisions\/8880"}],"wp:featuredmedia":[{"embeddable":true,"href":"https:\/\/diariodocomercio.com.br\/mix\/wp-json\/wp\/v2\/media\/6538"}],"wp:attachment":[{"href":"https:\/\/diariodocomercio.com.br\/mix\/wp-json\/wp\/v2\/media?parent=8879"}],"wp:term":[{"taxonomy":"category","embeddable":true,"href":"https:\/\/diariodocomercio.com.br\/mix\/wp-json\/wp\/v2\/categories?post=8879"},{"taxonomy":"post_tag","embeddable":true,"href":"https:\/\/diariodocomercio.com.br\/mix\/wp-json\/wp\/v2\/tags?post=8879"}],"curies":[{"name":"wp","href":"https:\/\/api.w.org\/{rel}","templated":true}]}}