{"id":9009,"date":"2025-06-03T14:04:58","date_gmt":"2025-06-03T17:04:58","guid":{"rendered":"https:\/\/diariodocomercio.com.br\/mix\/?p=9009"},"modified":"2025-06-03T14:05:00","modified_gmt":"2025-06-03T17:05:00","slug":"detran-passa-a-cobrar-novo-requisito-para-tirar-a-cnh","status":"publish","type":"post","link":"https:\/\/diariodocomercio.com.br\/mix\/detran-passa-a-cobrar-novo-requisito-para-tirar-a-cnh\/","title":{"rendered":"Detran passa a cobrar novo requisito para tirar a CNH"},"content":{"rendered":"\n<p>Um Projeto de Lei do deputado Jos\u00e9 Guimar\u00e3es (PT-CE) estabelece um novo crit\u00e9rio para a obten\u00e7\u00e3o da CNH (Carteira Nacional de Habilita\u00e7\u00e3o) atrav\u00e9s do CNH Social. O projeto ajuda pessoas de baixa renda a obterem sua primeira habilita\u00e7\u00e3o.<\/p>\n\n\n\n<p>O projeto, que est\u00e1 aguardando san\u00e7\u00e3o presidencial, estabelece que quem for tirar a carteira A ou B por meio do projeto precisa apresentar um exame toxicol\u00f3gico negativo dos \u00faltimos 90 dias, no m\u00ednimo. O teste tamb\u00e9m precisa ser realizado em cl\u00ednicas credenciadas. <em>&#8220;Atualmente, a exig\u00eancia vale s\u00f3 para condutores de categorias C, D e E, seja na primeira habilita\u00e7\u00e3o ou nas renova\u00e7\u00f5es&#8221;<\/em>, explica a Ag\u00eancia C\u00e2mara de Not\u00edcias.<\/p>\n\n\n\n<p>O PL tamb\u00e9m prev\u00ea que parte dos recursos arrecadados com multas de tr\u00e2nsito seja usado para custear a CNH Social.<\/p>\n\n\n\n<p>Com o CNH Social, os selecionados conseguem isen\u00e7\u00e3o das:<\/p>\n\n\n\n<ul class=\"wp-block-list\">\n<li>Taxas do Detran-MG<\/li>\n\n\n\n<li>Aulas te\u00f3ricas e pr\u00e1ticas da autoescola<\/li>\n\n\n\n<li>Exames m\u00e9dicos e psicol\u00f3gicos<\/li>\n\n\n\n<li>Exame de legisla\u00e7\u00e3o e prova pr\u00e1tica de dire\u00e7\u00e3o.<\/li>\n<\/ul>\n\n\n\n<h2 class=\"wp-block-heading\">Quem tem direito a CNH Social?<\/h2>\n\n\n\n<p>Os respons\u00e1veis pelos processos da CNH s\u00e3o os estados por meio dos Detrans, ent\u00e3o cada federa\u00e7\u00e3o tem suas pr\u00f3prias regras. Tomamos como exemplo os crit\u00e9rios da CNH Social em Minas Gerais:<\/p>\n\n\n\n<ul class=\"wp-block-list\">\n<li>Ter idade m\u00ednima de 18 anos completos no momento da inscri\u00e7\u00e3o<\/li>\n\n\n\n<li>Estar inscrito no Cadastro \u00danico (Cad\u00danico) para programas sociais do Governo Federal<\/li>\n\n\n\n<li>Comprovar resid\u00eancia em Minas Gerais<\/li>\n\n\n\n<li>Saber ler e escrever, com comprovante de escolaridade m\u00ednima<\/li>\n\n\n\n<li>Ter renda familiar per capita de at\u00e9 meio sal\u00e1rio m\u00ednimo, ou renda total de at\u00e9 tr\u00eas sal\u00e1rios m\u00ednimos<\/li>\n\n\n\n<li>N\u00e3o possuir infra\u00e7\u00f5es de tr\u00e2nsito graves ou grav\u00edssimas, caso j\u00e1 seja habilitado (no caso de adi\u00e7\u00e3o ou mudan\u00e7a de categoria).<\/li>\n<\/ul>\n\n\n\n<h2 class=\"wp-block-heading\">Confira quais estados possuem programas da CNH Social:<\/h2>\n\n\n\n<ul class=\"wp-block-list\">\n<li>Amazonas (Programa Detran Cidad\u00e3o);<\/li>\n\n\n\n<li>Bahia (CNH Social);<\/li>\n\n\n\n<li>Cear\u00e1 (Carteira de Motorista Popular);<\/li>\n\n\n\n<li>Distrito Federal (Programa Habilita\u00e7\u00e3o Social);<\/li>\n\n\n\n<li>Esp\u00edrito Santo (CNH Social);<\/li>\n\n\n\n<li>Goi\u00e1s (CNH Social);<\/li>\n\n\n\n<li>Maranh\u00e3o (CNH Jovem);<\/li>\n\n\n\n<li>Minas Gerais (CNH Social);<\/li>\n\n\n\n<li>Par\u00e1 (CNH PaiD\u2019\u00c9gua);<\/li>\n\n\n\n<li>Para\u00edba (Habilita\u00e7\u00e3o Social);<\/li>\n\n\n\n<li>Rio Grande do Norte (CNH Popular);<\/li>\n\n\n\n<li>Rio Grande do Sul (CNH Social);<\/li>\n\n\n\n<li>Roraima (CNH Cidad\u00e3);<\/li>\n\n\n\n<li>Pernambuco (CNH popular).<\/li>\n<\/ul>\n\n\n\n<style>@media (min-width: 992px) {\n    .recomendadorV2Area1 {\n        width: 280px;\n    }\n    .recomendadorV2Area2 {\n        padding: 0px 20px;\n        width: calc(100% - 280px);\n    }\n}\n\n@media (max-width: 992px) {\n    .recomendadorV2Button {\n        margin: 0 auto;\n    }\n    .recomendadorV2Area {\n        flex-direction: column;\n        text-align: center;\n    }\n    .recomendadorV2Area2 {\n        padding: 0px 20px;\n    }\n}\n\n.recomendadorV2Area {\n    background: #eeeeee3d;\n    border-radius: 10px;\n    padding: 15px;\n    display: flex;\n    margin: 15px auto;\n    border: 1px solid #00000014;\n    max-width: 800px;\n}\n\n.recomendadorV2Area1 img {\n    width: 280px;\n    height: auto;\n    border-radius: 8px;\n}\n\n.linkrecomendadorv2 {\n    text-decoration: none !important;\n}\n\n.recomendadorV2Area2 .recomendadorV2Type {\n    text-transform: uppercase;\n    font-weight: 500;\n    font-size: 11px;\n    letter-spacing: 2px;\n    color: #666;\n    margin: 12px 0;\n    display: block;\n}\n\n.recomendadorV2Title h2 {\n    padding-top: 0px !important;\n    margin: 0px !important;\n    border-left: none !important;\n    padding-left: 0px !important;\n    line-height: 1.3;\n    color: #000 !important;\n    font-size: 24px;\n    margin-bottom: 12px !important;\n}\n\n.recomendadorV2Desc {\n    color: #333;\n    margin: 12px 0px !important;\n    font-size: 15px;\n    line-height: 1.5;\n}\n\n.recomendadorV2Button {\n    width: auto;\n    max-width: 200px;\n    margin: 0;\n    display: inline-flex;\n    align-items: center;\n    background: #1D3557;\n    border-radius: 8px;\n    color: #fff;\n    height: 36px;\n    justify-content: center;\n    text-align: center;\n    font-size: 14px;\n    padding: 0 20px;\n    transition: background-color 0.2s ease;\n}\n\n.recomendadorV2Button:hover {\n    background: #2a4d7a;\n}\n\n.recomendadorV2Button:after {\n    margin-top: -2px;\n    content: \"\u2192\";\n    padding: 0px 0px 0px 8px;\n}\n\n.recomendadorV2Alert {\n    text-align: left;\n    font-size: 11px;\n    margin-top: 8px;\n    color: #666;\n}\n\n.recomendadorFixedArea {\n    width: 100%;\n    display: flex;\n    justify-content: center;\n    align-items: center;\n}\n\n@media (min-width: 992px) {\n    #recomendadorFixed {\n        width: 32% !important;\n        left: 5%;\n    }\n    .recomendadorCloseFixed{\n        right: inherit !important;\n        left: 378px !important;\n    }\n}\n\n#recomendadorFixed {\n    width: 90%;\n    box-shadow: 0 10px 20px 0px #00000057;\n    display: none;\n    height: 90px;\n    background: #F6F6F6;\n    position: fixed;\n    flex-direction: row;\n    bottom: 10px;\n    z-index: 9999;\n    border-radius: 16px;\n    padding: 7px 10px;\n}\n\n.recomendadorLeftArea {\n    width: 160px;\n}\n\n.recomendadorRightArea h2 {\n    padding-top: 0px;\n    margin: 2px 0px 4px 0px !important;\n    font-weight: 400;\n    text-align: center;\n    padding-left: 0px !important;\n    color: #000 !important;\n    border-left: none !important;\n    line-height: 20px;\n    font-size: 12px !important;\n}\n\n.recomendadorImgFixed {\n    overflow: hidden;\n    padding: 8px 6px;\n    height: 100%;\n}\n\n.recomendadorImgFixed img {\n    height: 100% !important;\n    border-radius: 16px;\n}\n\n.recomendadorRightArea {\n    padding-top: 6px;\n    display: flex;\n    width: calc(100% - 130px);\n    justify-content: space-between;\n    align-items: center;\n    flex-direction: column;\n}\n\n.recomendadorButtonFixed {\n    margin: 0 auto;\n    background: #1D3557;\n    width: 80%;\n    text-align: center;\n    font-size: 10px;\n    color: #FFF;\n    padding: 2px 10px;\n    border-radius: 3px;\n}\n\n.recomendadorButtonFixed:after {\n    margin-top: -3px;\n    content: \"\u2192\";\n    padding: 0px 0px 0px 10px;\n}\n\n.recomendadorAlertFixed {\n    font-weight: 400;\n    text-align: center;\n    color: #484848;\n    font-size: 8px;\n}\n\n.recomendadorCloseFixed {\n    z-index: 99999;\n    display: none;\n    right: 0px;\n    left: inherit;\n    bottom: 99px;\n    position: fixed;\n    justify-content: center;\n    background: #F6F6F6;\n    width: 25px;\n    align-items: center;\n    height: 25px;\n    font-weight: 800;\n    border-radius: 50%;\n    border: 1px solid #EBEBEB;\n}\n\n.recomendadorV2Desc{\n    color: #000000;\n    margin: 20px 0px;\n}\n\n@media (max-width: 576px) {\n    .recomendadorV2Area {\n      padding: 10px;\n      max-width: 100%;\n    }\n  \n    .recomendadorV2Area1 img {\n      width: 100%;\n      border-radius: 6px;\n    }\n  \n    .recomendadorV2Area2 .recomendadorV2Type {\n      font-size: 9px;\n      letter-spacing: 1px;\n      margin: 8px 0;\n    }\n  \n    .recomendadorV2Title h2 {\n      font-size: 18px !important;\n      margin-bottom: 8px !important;\n      line-height: 1.2;\n    }\n  \n    .recomendadorV2Desc {\n      font-size: 14px;\n      margin: 8px 0 !important;\n      line-height: 1.4;\n    }\n  \n    .recomendadorV2Button {\n      font-size: 14px;\n      height: 40px;\n      padding: 0 12px;\n      max-width: 100%;\n      width: 100%;\n    }\n  \n    .recomendadorV2Button:after {\n      padding-left: 6px;\n    }\n  }\n  <\/style>\n        <div class=\"lazyblock-recomendador-v2-2jDGz wp-block-lazyblock-recomendador-v2\">\n        <a class=\"linkrecomendadorv2\" href=\"https:\/\/diariodocomercio.com.br\/mix\/finlandia-brasileira-fica-no-rio-de-janeiro-e-pouca-gente-conhece\/\">\n            <div class=\"recomendadorV2Area\">\n            <div class=\"recomendadorV2Area1\">\n                <div class=\"recomendadorV2Img\">\n                <img class=\"lazyloaded\" decoding=\"async\" src=\"https:\/\/diariodocomercio.com.br\/mix\/wp-content\/uploads\/2025\/06\/canva-7-1.jpg\" data-src=\"https:\/\/diariodocomercio.com.br\/mix\/wp-content\/uploads\/2025\/06\/canva-7-1.jpg\" alt=\"\">\n                <\/div>\n            <\/div>\n            <div class=\"recomendadorV2Area2\">\n                <div class=\"recomendadorV2Type\">\n                    <span>TURISMO<\/span>\n                <\/div>\n                <div class=\"recomendadorV2Title\">\n                <h2><span>Finl\u00e2ndia brasileira fica no Rio de Janeiro e pouca gente conhece<\/span><\/h2>\n                <\/div>\n                <div class=\"recomendadorV2Desc\">\n                <span>Imagine caminhar por ruas de pedra ladeadas por lojas coloridas em estilo alpino, saboreando chocolate artesanal enquanto o ar gelado \u2026<\/span>\n                <\/div>\n                <div class=\"recomendadorV2Button\">Ver<\/div>\n                <div class=\"recomendadorV2Alert\"><\/div>\n            <\/div>\n            <\/div>\n        <\/a>\n        <div>\n            <div style=\"z-index:99999;\" id=\"buttonClose\" onclick=\"closeRecomendadorFixed()\">\n            <div class=\"recomendadorCloseFixed\">X<\/div>\n            <\/div>\n            <a href=\"https:\/\/diariodocomercio.com.br\/mix\/finlandia-brasileira-fica-no-rio-de-janeiro-e-pouca-gente-conhece\/\">\n            <div class=\"recomendadorFixedArea\">\n                <div id=\"recomendadorFixed\">\n                <div class=\"recomendadorLeftArea\">\n                    <div class=\"recomendadorImgFixed\">\n                    <img class=\"lazyload\" decoding=\"async\" src=\"https:\/\/diariodocomercio.com.br\/mix\/wp-content\/uploads\/2025\/06\/canva-7-1.jpg\" alt=\"\">\n                    <\/div>\n                <\/div>\n                <div class=\"recomendadorRightArea\">\n                    <div class=\"recomendadorTitleFixed\">\n                    <h2><span>Finl\u00e2ndia brasileira fica no Rio de Janeiro e pouca gente conhece<\/span><\/h2>\n                    <\/div>\n                    <div class=\"recomendadorButtonFixed\">Ver<\/div>\n                    <div class=\"recomendadorAlertFixed\"><\/div>\n                <\/div>\n                <\/div>\n            <\/div>\n            <\/a>\n        <\/div>\n        <\/div>\n","protected":false},"excerpt":{"rendered":"<p>Um Projeto de Lei do deputado Jos\u00e9 Guimar\u00e3es (PT-CE) estabelece um novo crit\u00e9rio para a obten\u00e7\u00e3o da CNH Social.<\/p>\n","protected":false},"author":6,"featured_media":9010,"comment_status":"closed","ping_status":"closed","sticky":false,"template":"","format":"standard","meta":{"jnews-multi-image_gallery":[],"jnews_single_post":{"format":"standard"},"jnews_primary_category":[],"jnews_social_meta":[],"jnews_override_counter":[],"jnews_post_split":[],"footnotes":""},"categories":[1],"tags":[],"class_list":["post-9009","post","type-post","status-publish","format-standard","has-post-thumbnail","hentry","category-geral"],"_referencia":"","_links":{"self":[{"href":"https:\/\/diariodocomercio.com.br\/mix\/wp-json\/wp\/v2\/posts\/9009","targetHints":{"allow":["GET"]}}],"collection":[{"href":"https:\/\/diariodocomercio.com.br\/mix\/wp-json\/wp\/v2\/posts"}],"about":[{"href":"https:\/\/diariodocomercio.com.br\/mix\/wp-json\/wp\/v2\/types\/post"}],"author":[{"embeddable":true,"href":"https:\/\/diariodocomercio.com.br\/mix\/wp-json\/wp\/v2\/users\/6"}],"replies":[{"embeddable":true,"href":"https:\/\/diariodocomercio.com.br\/mix\/wp-json\/wp\/v2\/comments?post=9009"}],"version-history":[{"count":1,"href":"https:\/\/diariodocomercio.com.br\/mix\/wp-json\/wp\/v2\/posts\/9009\/revisions"}],"predecessor-version":[{"id":9011,"href":"https:\/\/diariodocomercio.com.br\/mix\/wp-json\/wp\/v2\/posts\/9009\/revisions\/9011"}],"wp:featuredmedia":[{"embeddable":true,"href":"https:\/\/diariodocomercio.com.br\/mix\/wp-json\/wp\/v2\/media\/9010"}],"wp:attachment":[{"href":"https:\/\/diariodocomercio.com.br\/mix\/wp-json\/wp\/v2\/media?parent=9009"}],"wp:term":[{"taxonomy":"category","embeddable":true,"href":"https:\/\/diariodocomercio.com.br\/mix\/wp-json\/wp\/v2\/categories?post=9009"},{"taxonomy":"post_tag","embeddable":true,"href":"https:\/\/diariodocomercio.com.br\/mix\/wp-json\/wp\/v2\/tags?post=9009"}],"curies":[{"name":"wp","href":"https:\/\/api.w.org\/{rel}","templated":true}]}}