{"id":9098,"date":"2025-06-04T11:04:01","date_gmt":"2025-06-04T14:04:01","guid":{"rendered":"https:\/\/diariodocomercio.com.br\/mix\/?p=9098"},"modified":"2025-06-04T11:04:05","modified_gmt":"2025-06-04T14:04:05","slug":"essa-e-a-melhor-cidade-do-brasil-para-trabalhar-de-home-office","status":"publish","type":"post","link":"https:\/\/diariodocomercio.com.br\/mix\/essa-e-a-melhor-cidade-do-brasil-para-trabalhar-de-home-office\/","title":{"rendered":"Essa \u00e9 a melhor cidade do Brasil para trabalhar de home office"},"content":{"rendered":"\n<p>A cidade de Teres\u00f3polis, na regi\u00e3o serrana do Rio de Janeiro, vem ganhando os holofotes como uma das melhores escolhas do Brasil para profissionais que atuam em home office. Combinando infraestrutura urbana eficiente, natureza exuberante e clima agrad\u00e1vel, o munic\u00edpio oferece as condi\u00e7\u00f5es ideais para quem quer unir produtividade e qualidade de vida.<\/p>\n\n\n\n<p>Localizada a cerca de 100 km da capital fluminense, Teres\u00f3polis atrai n\u00e3o apenas turistas e aposentados, mas tamb\u00e9m um n\u00famero crescente de trabalhadores remotos. Isso se deve \u00e0 sua estrutura urbana consolidada, que inclui boa cobertura de internet, servi\u00e7os de sa\u00fade acess\u00edveis, seguran\u00e7a e um custo de vida mais equilibrado em compara\u00e7\u00e3o com os grandes centros.<\/p>\n\n\n\n<p>O home office se consolidou no Brasil especialmente ap\u00f3s a pandemia da Covid-19. Segundo levantamento da FGV, 57,5% das empresas adotaram o modelo em 2021 \u2014 n\u00famero que caiu para 32,7% em 2022. Ainda em 2022, cerca de 7,4 milh\u00f5es de brasileiros estavam em regime de teletrabalho \u2014 ou seja, utilizavam tecnologia para trabalhar parcial ou totalmente fora do ambiente corporativo. <\/p>\n\n\n\n<p>Mesmo assim, a tend\u00eancia \u00e9 clara: trabalhar de qualquer lugar se tornou uma realidade poss\u00edvel e desejada.<\/p>\n\n\n\n<p>Nesse cen\u00e1rio, cidades com boa infraestrutura, seguran\u00e7a e qualidade de vida passaram a ser analisadas sob uma nova \u00f3tica. Uma delas se destacou entre tantas outras: Teres\u00f3polis, na regi\u00e3o serrana do Rio de Janeiro, tem conquistado cada vez mais profissionais que buscam o equil\u00edbrio entre produtividade e bem-estar.<\/p>\n\n\n\n<h2 class=\"wp-block-heading\"><strong>Por que Teres\u00f3polis \u00e9 a melhor cidade para o trabalho remoto?<\/strong><\/h2>\n\n\n\n<p>Teres\u00f3polis une o melhor dos dois mundos: tranquilidade de cidade pequena com servi\u00e7os e estrutura dignos de centros urbanos maiores. A cidade \u00e9 cercada pela beleza do Parque Nacional da Serra dos \u00d3rg\u00e3os, com trilhas, cachoeiras e montanhas que oferecem um cen\u00e1rio inspirador para quem trabalha de casa.<\/p>\n\n\n\n<p>Al\u00e9m da natureza abundante, o clima ameno, o ar puro e a seguran\u00e7a s\u00e3o diferenciais. Comparada \u00e0 capital fluminense, Teres\u00f3polis apresenta \u00edndices menores de viol\u00eancia, o que garante mais tranquilidade no dia a dia.<\/p>\n\n\n\n<figure class=\"wp-block-image size-large\"><img decoding=\"async\" width=\"1200\" height=\"675\" src=\"https:\/\/diariodocomercio.com.br\/mix\/wp-content\/uploads\/2025\/06\/70b5a9a7-city-8000-16d8fc5bc98-1200x675.jpg\" alt=\"\" class=\"wp-image-9103\" srcset=\"https:\/\/diariodocomercio.com.br\/mix\/wp-content\/uploads\/2025\/06\/70b5a9a7-city-8000-16d8fc5bc98-1200x675.jpg 1200w, https:\/\/diariodocomercio.com.br\/mix\/wp-content\/uploads\/2025\/06\/70b5a9a7-city-8000-16d8fc5bc98-300x169.jpg 300w, https:\/\/diariodocomercio.com.br\/mix\/wp-content\/uploads\/2025\/06\/70b5a9a7-city-8000-16d8fc5bc98-768x432.jpg 768w, https:\/\/diariodocomercio.com.br\/mix\/wp-content\/uploads\/2025\/06\/70b5a9a7-city-8000-16d8fc5bc98-150x84.jpg 150w, https:\/\/diariodocomercio.com.br\/mix\/wp-content\/uploads\/2025\/06\/70b5a9a7-city-8000-16d8fc5bc98-750x422.jpg 750w, https:\/\/diariodocomercio.com.br\/mix\/wp-content\/uploads\/2025\/06\/70b5a9a7-city-8000-16d8fc5bc98-1140x641.jpg 1140w, https:\/\/diariodocomercio.com.br\/mix\/wp-content\/uploads\/2025\/06\/70b5a9a7-city-8000-16d8fc5bc98.jpg 1366w\" sizes=\"(max-width: 1200px) 100vw, 1200px\" \/><figcaption class=\"wp-element-caption\">Cidade de Teres\u00f3polis (Reprodu\u00e7\u00e3o\/MICE Rio)<\/figcaption><\/figure>\n\n\n\n<p>Outro ponto positivo \u00e9 a infraestrutura urbana bem desenvolvida: ruas bem conservadas, acesso \u00e0 internet de qualidade, saneamento b\u00e1sico, ilumina\u00e7\u00e3o p\u00fablica eficiente e diversas \u00e1reas de lazer, como pra\u00e7as, centros esportivos e parques.<\/p>\n\n\n\n<h2 class=\"wp-block-heading\"><strong>Educa\u00e7\u00e3o, sustentabilidade e bem-estar<\/strong><\/h2>\n\n\n\n<p>A cidade se destaca tamb\u00e9m no setor educacional. Da educa\u00e7\u00e3o infantil ao ensino superior, Teres\u00f3polis conta com institui\u00e7\u00f5es p\u00fablicas e privadas de qualidade, al\u00e9m de programas de refor\u00e7o escolar e incentivo \u00e0 cultura.<\/p>\n\n\n\n<p>H\u00e1 tamb\u00e9m uma preocupa\u00e7\u00e3o crescente com a sustentabilidade. Projetos de reciclagem, hortas comunit\u00e1rias e incentivo \u00e0s energias limpas est\u00e3o em expans\u00e3o. A coleta seletiva se amplia, e h\u00e1 um movimento crescente de conscientiza\u00e7\u00e3o ambiental, o que refor\u00e7a o compromisso da cidade com o futuro.<\/p>\n\n\n\n<h2 class=\"wp-block-heading\"><strong>Economia e oportunidades para o trabalhador remoto<\/strong><\/h2>\n\n\n\n<p>A economia de Teres\u00f3polis \u00e9 diversificada. O setor de servi\u00e7os \u00e9 o mais forte, impulsionado pelo turismo ecol\u00f3gico, com\u00e9rcio local, gastronomia e hospedagem. H\u00e1 tamb\u00e9m uma presen\u00e7a significativa da agricultura, com destaque para o cultivo de hortali\u00e7as, flores e produ\u00e7\u00e3o de queijos artesanais.<\/p>\n\n\n\n<p>Nos \u00faltimos anos, \u00e1reas como tecnologia e educa\u00e7\u00e3o v\u00eam ganhando espa\u00e7o, criando novas oportunidades para quem deseja empreender ou atuar remotamente. Al\u00e9m disso, a proximidade com o Rio de Janeiro permite integra\u00e7\u00e3o com grandes centros econ\u00f4micos, favorecendo parcerias e a circula\u00e7\u00e3o de produtos.<\/p>\n\n\n\n<p>Para fam\u00edlias, aposentados ou profissionais que aderiram ao home office, Teres\u00f3polis representa uma escolha que une qualidade de vida, acessibilidade e um cen\u00e1rio de tirar o f\u00f4lego \u2014 o combo perfeito para quem quer produzir mais e viver melhor.<\/p>\n","protected":false},"excerpt":{"rendered":"<p>A cidade de Teres\u00f3polis, na regi\u00e3o serrana do Rio de Janeiro, vem ganhando os holofotes como uma das melhores escolhas do Brasil para profissionais que atuam em home office. Combinando infraestrutura urbana eficiente, natureza exuberante e clima agrad\u00e1vel, o munic\u00edpio oferece as condi\u00e7\u00f5es ideais para quem quer unir produtividade e qualidade de vida. Localizada a [&hellip;]<\/p>\n","protected":false},"author":9,"featured_media":9102,"comment_status":"closed","ping_status":"closed","sticky":false,"template":"","format":"standard","meta":{"jnews-multi-image_gallery":[],"jnews_single_post":{"format":"standard"},"jnews_primary_category":[],"jnews_social_meta":[],"jnews_override_counter":[],"jnews_post_split":[],"footnotes":""},"categories":[1],"tags":[],"class_list":["post-9098","post","type-post","status-publish","format-standard","has-post-thumbnail","hentry","category-geral"],"_referencia":"","_links":{"self":[{"href":"https:\/\/diariodocomercio.com.br\/mix\/wp-json\/wp\/v2\/posts\/9098","targetHints":{"allow":["GET"]}}],"collection":[{"href":"https:\/\/diariodocomercio.com.br\/mix\/wp-json\/wp\/v2\/posts"}],"about":[{"href":"https:\/\/diariodocomercio.com.br\/mix\/wp-json\/wp\/v2\/types\/post"}],"author":[{"embeddable":true,"href":"https:\/\/diariodocomercio.com.br\/mix\/wp-json\/wp\/v2\/users\/9"}],"replies":[{"embeddable":true,"href":"https:\/\/diariodocomercio.com.br\/mix\/wp-json\/wp\/v2\/comments?post=9098"}],"version-history":[{"count":1,"href":"https:\/\/diariodocomercio.com.br\/mix\/wp-json\/wp\/v2\/posts\/9098\/revisions"}],"predecessor-version":[{"id":9104,"href":"https:\/\/diariodocomercio.com.br\/mix\/wp-json\/wp\/v2\/posts\/9098\/revisions\/9104"}],"wp:featuredmedia":[{"embeddable":true,"href":"https:\/\/diariodocomercio.com.br\/mix\/wp-json\/wp\/v2\/media\/9102"}],"wp:attachment":[{"href":"https:\/\/diariodocomercio.com.br\/mix\/wp-json\/wp\/v2\/media?parent=9098"}],"wp:term":[{"taxonomy":"category","embeddable":true,"href":"https:\/\/diariodocomercio.com.br\/mix\/wp-json\/wp\/v2\/categories?post=9098"},{"taxonomy":"post_tag","embeddable":true,"href":"https:\/\/diariodocomercio.com.br\/mix\/wp-json\/wp\/v2\/tags?post=9098"}],"curies":[{"name":"wp","href":"https:\/\/api.w.org\/{rel}","templated":true}]}}