{"id":9171,"date":"2025-06-08T12:14:00","date_gmt":"2025-06-08T15:14:00","guid":{"rendered":"https:\/\/diariodocomercio.com.br\/mix\/?p=9171"},"modified":"2025-06-04T20:00:34","modified_gmt":"2025-06-04T23:00:34","slug":"governo-altera-regras-do-bolsa-familia-e-vai-beneficiar-mais-pessoas","status":"publish","type":"post","link":"https:\/\/diariodocomercio.com.br\/mix\/governo-altera-regras-do-bolsa-familia-e-vai-beneficiar-mais-pessoas\/","title":{"rendered":"Governo altera regras do Bolsa Fam\u00edlia e vai beneficiar mais pessoas"},"content":{"rendered":"\n<p>A partir deste m\u00eas de junho, o Bolsa Fam\u00edlia passar\u00e1 por mudan\u00e7as significativas, no qual ser\u00e1 colocado em pr\u00e1tica as medidas que haviam sido anunciadas pelo governo federal no dia 15 de mar\u00e7o, afetando principalmente quem precisa da Regra de Prote\u00e7\u00e3o. Antes, quem conseguia um emprego, tinha o prazo de 24 meses para continuar recebendo o programa social, mas, com a nova regra ser\u00e1 de apenas 12 meses.&nbsp;<\/p>\n\n\n\n<p>O que motivou o governo alterar essa regra foi o crescimento da economia, que colaborou para o surgimento de mais empregos, permitindo que as fam\u00edlias n\u00e3o dependessem 100% do Bolsa Fam\u00edlia. A partir de julho deste ano, fam\u00edlias que ultrapassarem o limite de renda para estabelecido do programa, que \u00e9 de R$ 218 por pessoa da fam\u00edlia, poder\u00e3o seguir no programa por at\u00e9 12 meses, recebendo 50% do valor do benef\u00edcio a que a fam\u00edlia faz jus, desde que n\u00e3o ultrapassem o novo limite de renda: R$ 706 por pessoa da fam\u00edlia.<\/p>\n\n\n\n<h2 class=\"wp-block-heading\">Saiba mais detalhes sobre os reajustes no Bolsa Fam\u00edlia em 2025<\/h2>\n\n\n\n<p>Vale ressaltar que, a nova Regra de Prote\u00e7\u00e3o servir\u00e1 para fam\u00edlias a partir de julho, pois quem estava sob o regime anterior, ter\u00e1 o prazo de at\u00e9 24 meses de perman\u00eancia. Em nota, o governo disse: \u201c<em>Caso a renda da fam\u00edlia oscile novamente e ela retorne aos crit\u00e9rios de elegibilidade do programa, o valor integral do aux\u00edlio ser\u00e1 restabelecido. As fam\u00edlias na Regra de Prote\u00e7\u00e3o que por meio da renda do trabalho conseguirem superar a pobreza, ap\u00f3s o per\u00edodo de 24 meses ter\u00e3o o pagamento do Bolsa Fam\u00edlia encerrado, com base no entendimento de que a fam\u00edlia alcan\u00e7ou estabilidade na gera\u00e7\u00e3o e manuten\u00e7\u00e3o de renda pr\u00f3pria.\u201d.&nbsp;<\/em><\/p>\n\n\n\n<p>Atrav\u00e9s da Regra de Prote\u00e7\u00e3o, as fam\u00edlias continuam recebendo o aux\u00edlio social, desde que, estejam dentro dos crit\u00e9rios exigidos, pois o objetivo \u00e9 oferecer uma transi\u00e7\u00e3o segura para as fam\u00edlias que come\u00e7am a melhorar a condi\u00e7\u00e3o financeira.<\/p>\n","protected":false},"excerpt":{"rendered":"<p>A partir deste m\u00eas de junho, o Bolsa Fam\u00edlia passar\u00e1 por mudan\u00e7as significativas, no qual ser\u00e1 colocado em pr\u00e1tica as medidas que haviam sido anunciadas pelo governo federal no dia 15 de mar\u00e7o, afetando principalmente quem precisa da Regra de Prote\u00e7\u00e3o. Antes, quem conseguia um emprego, tinha o prazo de 24 meses para continuar recebendo [&hellip;]<\/p>\n","protected":false},"author":7,"featured_media":2530,"comment_status":"closed","ping_status":"closed","sticky":false,"template":"","format":"standard","meta":{"jnews-multi-image_gallery":[],"jnews_single_post":{"format":"standard"},"jnews_primary_category":[],"jnews_social_meta":[],"jnews_override_counter":[],"jnews_post_split":[],"footnotes":""},"categories":[1],"tags":[],"class_list":["post-9171","post","type-post","status-publish","format-standard","has-post-thumbnail","hentry","category-geral"],"_referencia":"","_links":{"self":[{"href":"https:\/\/diariodocomercio.com.br\/mix\/wp-json\/wp\/v2\/posts\/9171","targetHints":{"allow":["GET"]}}],"collection":[{"href":"https:\/\/diariodocomercio.com.br\/mix\/wp-json\/wp\/v2\/posts"}],"about":[{"href":"https:\/\/diariodocomercio.com.br\/mix\/wp-json\/wp\/v2\/types\/post"}],"author":[{"embeddable":true,"href":"https:\/\/diariodocomercio.com.br\/mix\/wp-json\/wp\/v2\/users\/7"}],"replies":[{"embeddable":true,"href":"https:\/\/diariodocomercio.com.br\/mix\/wp-json\/wp\/v2\/comments?post=9171"}],"version-history":[{"count":2,"href":"https:\/\/diariodocomercio.com.br\/mix\/wp-json\/wp\/v2\/posts\/9171\/revisions"}],"predecessor-version":[{"id":9174,"href":"https:\/\/diariodocomercio.com.br\/mix\/wp-json\/wp\/v2\/posts\/9171\/revisions\/9174"}],"wp:featuredmedia":[{"embeddable":true,"href":"https:\/\/diariodocomercio.com.br\/mix\/wp-json\/wp\/v2\/media\/2530"}],"wp:attachment":[{"href":"https:\/\/diariodocomercio.com.br\/mix\/wp-json\/wp\/v2\/media?parent=9171"}],"wp:term":[{"taxonomy":"category","embeddable":true,"href":"https:\/\/diariodocomercio.com.br\/mix\/wp-json\/wp\/v2\/categories?post=9171"},{"taxonomy":"post_tag","embeddable":true,"href":"https:\/\/diariodocomercio.com.br\/mix\/wp-json\/wp\/v2\/tags?post=9171"}],"curies":[{"name":"wp","href":"https:\/\/api.w.org\/{rel}","templated":true}]}}