{"id":9470,"date":"2025-06-09T16:09:31","date_gmt":"2025-06-09T19:09:31","guid":{"rendered":"https:\/\/diariodocomercio.com.br\/mix\/?p=9470"},"modified":"2025-06-09T16:09:33","modified_gmt":"2025-06-09T19:09:33","slug":"suspensao-do-bpc-pega-idosos-de-surpresa-em-junho","status":"publish","type":"post","link":"https:\/\/diariodocomercio.com.br\/mix\/suspensao-do-bpc-pega-idosos-de-surpresa-em-junho\/","title":{"rendered":"Suspens\u00e3o do BPC pega idosos de surpresa em junho"},"content":{"rendered":"\n<p>Milhares de idosos e pessoas com defici\u00eancia foram surpreendidos neste m\u00eas de junho com o bloqueio do Benef\u00edcio de Presta\u00e7\u00e3o Continuada (BPC). O motivo? A falta de atualiza\u00e7\u00e3o no Cadastro \u00danico (Cad\u00danico), exigida pelo governo a cada dois anos como condi\u00e7\u00e3o para manter o pagamento.<\/p>\n\n\n\n<p>Segundo o Instituto Nacional do Seguro Social (INSS), cerca de 800 mil cadastros est\u00e3o em risco por conta de dados desatualizados. A medida integra um esfor\u00e7o do governo federal para garantir que o benef\u00edcio, destinado a quem vive em situa\u00e7\u00e3o de vulnerabilidade, continue sendo pago apenas a quem realmente tem direito.<\/p>\n\n\n\n<p>O p\u00fablico-alvo da convoca\u00e7\u00e3o inclui:<\/p>\n\n\n\n<ul class=\"wp-block-list\">\n<li><strong>Idosos com 65 anos ou mais<\/strong>;<\/li>\n\n\n\n<li><strong>Pessoas com defici\u00eancia de qualquer idade<\/strong>;<\/li>\n\n\n\n<li>Benefici\u00e1rios que n\u00e3o atualizaram o <strong>Cad\u00danico nos \u00faltimos dois anos<\/strong>;<\/li>\n\n\n\n<li>Fam\u00edlias com <strong>mudan\u00e7as na composi\u00e7\u00e3o, renda, ou endere\u00e7o<\/strong>.<\/li>\n<\/ul>\n\n\n\n<p>Caso o cadastro n\u00e3o seja regularizado dentro do prazo estipulado, o benef\u00edcio poder\u00e1 ser suspenso \u2014 comprometendo o sustento de milhares de fam\u00edlias em todo o pa\u00eds.<\/p>\n\n\n\n<p>O Benef\u00edcio de Presta\u00e7\u00e3o Continuada \u00e9 um aux\u00edlio previsto na Lei Org\u00e2nica da Assist\u00eancia Social (LOAS), que garante um sal\u00e1rio m\u00ednimo mensal para idosos com 65 anos ou mais e pessoas com defici\u00eancia de qualquer idade.<br><br>Para ser eleg\u00edvel, a renda familiar per capita deve ser inferior a \u00bc do sal\u00e1rio m\u00ednimo vigente. Diferentemente da aposentadoria, n\u00e3o \u00e9 necess\u00e1rio ter contribu\u00eddo ao INSS para receber o benef\u00edcio.<\/p>\n\n\n\n<h2 class=\"wp-block-heading\"><strong>Onde e como fazer a regulariza\u00e7\u00e3o<\/strong><\/h2>\n\n\n\n<p>A atualiza\u00e7\u00e3o \u00e9 gratuita e obrigatoriamente presencial, nos Centros de Refer\u00eancia de Assist\u00eancia Social (CRAS) ou postos de atendimento do Cad\u00danico. O processo \u00e9 simples, mas requer aten\u00e7\u00e3o com a documenta\u00e7\u00e3o.<\/p>\n\n\n\n<h3 class=\"wp-block-heading\">Documentos necess\u00e1rios:<\/h3>\n\n\n\n<ul class=\"wp-block-list\">\n<li><strong>Documento de identidade com foto<\/strong> (RG, CPF ou carteira de trabalho);<\/li>\n\n\n\n<li><strong>Comprovante de resid\u00eancia recente<\/strong>;<\/li>\n\n\n\n<li><strong>Certid\u00e3o de nascimento ou casamento<\/strong> (de todos os membros da fam\u00edlia);<\/li>\n\n\n\n<li><strong>Laudo m\u00e9dico do SUS<\/strong> com CID, para casos de defici\u00eancia.<\/li>\n<\/ul>\n\n\n\n<p>\u00c9 fundamental verificar com o CRAS local se h\u00e1 exig\u00eancias adicionais para o seu munic\u00edpio.<\/p>\n\n\n\n<p>Benefici\u00e1rios que vivem em \u00e1reas afetadas por desastres naturais \u2014 como os atingidos pelas enchentes no Rio Grande do Sul \u2014 est\u00e3o temporariamente dispensados da atualiza\u00e7\u00e3o. A medida busca proteger os mais vulner\u00e1veis durante emerg\u00eancias, garantindo a continuidade do benef\u00edcio mesmo em situa\u00e7\u00f5es extremas.<\/p>\n","protected":false},"excerpt":{"rendered":"<p>Milhares de idosos e pessoas com defici\u00eancia foram surpreendidos neste m\u00eas de junho com o bloqueio do Benef\u00edcio de Presta\u00e7\u00e3o Continuada (BPC). O motivo? A falta de atualiza\u00e7\u00e3o no Cadastro \u00danico (Cad\u00danico), exigida pelo governo a cada dois anos como condi\u00e7\u00e3o para manter o pagamento. Segundo o Instituto Nacional do Seguro Social (INSS), cerca de [&hellip;]<\/p>\n","protected":false},"author":9,"featured_media":6554,"comment_status":"closed","ping_status":"closed","sticky":false,"template":"","format":"standard","meta":{"jnews-multi-image_gallery":[],"jnews_single_post":{"format":"standard"},"jnews_primary_category":[],"jnews_social_meta":[],"jnews_override_counter":[],"jnews_post_split":[],"footnotes":""},"categories":[1],"tags":[],"class_list":["post-9470","post","type-post","status-publish","format-standard","has-post-thumbnail","hentry","category-geral"],"_referencia":"","_links":{"self":[{"href":"https:\/\/diariodocomercio.com.br\/mix\/wp-json\/wp\/v2\/posts\/9470","targetHints":{"allow":["GET"]}}],"collection":[{"href":"https:\/\/diariodocomercio.com.br\/mix\/wp-json\/wp\/v2\/posts"}],"about":[{"href":"https:\/\/diariodocomercio.com.br\/mix\/wp-json\/wp\/v2\/types\/post"}],"author":[{"embeddable":true,"href":"https:\/\/diariodocomercio.com.br\/mix\/wp-json\/wp\/v2\/users\/9"}],"replies":[{"embeddable":true,"href":"https:\/\/diariodocomercio.com.br\/mix\/wp-json\/wp\/v2\/comments?post=9470"}],"version-history":[{"count":1,"href":"https:\/\/diariodocomercio.com.br\/mix\/wp-json\/wp\/v2\/posts\/9470\/revisions"}],"predecessor-version":[{"id":9471,"href":"https:\/\/diariodocomercio.com.br\/mix\/wp-json\/wp\/v2\/posts\/9470\/revisions\/9471"}],"wp:featuredmedia":[{"embeddable":true,"href":"https:\/\/diariodocomercio.com.br\/mix\/wp-json\/wp\/v2\/media\/6554"}],"wp:attachment":[{"href":"https:\/\/diariodocomercio.com.br\/mix\/wp-json\/wp\/v2\/media?parent=9470"}],"wp:term":[{"taxonomy":"category","embeddable":true,"href":"https:\/\/diariodocomercio.com.br\/mix\/wp-json\/wp\/v2\/categories?post=9470"},{"taxonomy":"post_tag","embeddable":true,"href":"https:\/\/diariodocomercio.com.br\/mix\/wp-json\/wp\/v2\/tags?post=9470"}],"curies":[{"name":"wp","href":"https:\/\/api.w.org\/{rel}","templated":true}]}}