{"id":9751,"date":"2025-06-11T17:28:13","date_gmt":"2025-06-11T20:28:13","guid":{"rendered":"https:\/\/diariodocomercio.com.br\/mix\/?p=9751"},"modified":"2025-06-11T20:08:26","modified_gmt":"2025-06-11T23:08:26","slug":"personagem-marcante-de-a-grande-familia-faleceu-apos-vicio-em-drogas","status":"publish","type":"post","link":"https:\/\/diariodocomercio.com.br\/mix\/personagem-marcante-de-a-grande-familia-faleceu-apos-vicio-em-drogas\/","title":{"rendered":"Personagem marcante de \u201cA Grande Fam\u00edlia\u201d faleceu ap\u00f3s v\u00edcio em drogas"},"content":{"rendered":"\n<p>Antes de Guta Stresser imortalizar a personagem Bebel na segunda vers\u00e3o de <em>A Grande Fam\u00edlia<\/em>, exibida entre 2001 e 2014, outras duas atrizes interpretaram a filha de Lineu e Nen\u00ea na primeira vers\u00e3o do programa. A primeira delas foi Djenane Machado, nome que brilhou na televis\u00e3o brasileira nas d\u00e9cadas de 1970 e 1980, mas cuja carreira foi interrompida por uma dura luta contra o v\u00edcio em \u00e1lcool e drogas.<\/p>\n\n\n\n<p>Djenane nasceu em 10 de junho de 1951 e estreou na TV em 1968, na novela <em>Passo dos Ventos<\/em>, de Janete Clair, na TV Globo. A partir da\u00ed, construiu uma carreira s\u00f3lida na emissora, atuando em novelas marcantes como <em>V\u00e9u de Noiva<\/em> (1969), <em>O Cafona<\/em> (1971), <em>Est\u00fapido Cupido<\/em> (1976) e <em>Espelho M\u00e1gico<\/em> (1977). Seu papel mais lembrado foi o de Lucinha Esparadrapo, uma jovem hippie em <em>O Cafona<\/em>, cuja irrever\u00eancia a tornou uma das personagens mais populares da trama.<\/p>\n\n\n\n<p>Em 1972, Djenane viveu Bebel na primeira vers\u00e3o de <em>A Grande Fam\u00edlia<\/em>. Sua atua\u00e7\u00e3o rendeu proje\u00e7\u00e3o nacional, mas tamb\u00e9m marcou o in\u00edcio de sua derrocada. Durante as grava\u00e7\u00f5es, a atriz come\u00e7ou a enfrentar problemas de pontualidade e abandonou a s\u00e9rie na segunda temporada. A dire\u00e7\u00e3o da Globo a substituiu \u00e0s pressas por Maria Cristina Nunes, e Djenane acabou &#8220;congelada&#8221; na emissora por dois anos.<\/p>\n\n\n<div class=\"wp-block-image\">\n<figure class=\"aligncenter size-full\"><img decoding=\"async\" width=\"463\" height=\"662\" src=\"https:\/\/diariodocomercio.com.br\/mix\/wp-content\/uploads\/2025\/06\/image-7.png\" alt=\"\" class=\"wp-image-9754\" srcset=\"https:\/\/diariodocomercio.com.br\/mix\/wp-content\/uploads\/2025\/06\/image-7.png 463w, https:\/\/diariodocomercio.com.br\/mix\/wp-content\/uploads\/2025\/06\/image-7-210x300.png 210w, https:\/\/diariodocomercio.com.br\/mix\/wp-content\/uploads\/2025\/06\/image-7-150x214.png 150w\" sizes=\"(max-width: 463px) 100vw, 463px\" \/><figcaption class=\"wp-element-caption\">Atriz Djenane jovem (Reprodu\u00e7\u00e3o\/IMDb)<\/figcaption><\/figure>\n<\/div>\n\n\n<p>Nesse per\u00edodo, ela j\u00e1 lutava contra o v\u00edcio em \u00e1lcool e anfetaminas. Mesmo assim, ainda brilhou em <em>Est\u00fapido Cupido<\/em> como Glorinha, personagem que marcou sua \u00faltima grande participa\u00e7\u00e3o na televis\u00e3o. Na segunda metade dos anos 1980, Djenane migrou para outras emissoras, como TV Cultura e Rede Manchete, onde atuou em novelas como <em>Novo Amor<\/em> (1986) e <em>Tudo ou Nada<\/em> (1987).<\/p>\n\n\n\n<p>Com o agravamento da depend\u00eancia qu\u00edmica, os convites rarearam. Seus \u00faltimos trabalhos foram em pap\u00e9is menores no cinema, como nos filmes <em>\u00c1guia na Cabe\u00e7a<\/em> (1984) e <em>\u00d3pera do Malandro<\/em> (1985). Afastada da vida p\u00fablica, passou a se tratar e se dedicou \u00e0 escrita de poesias.<\/p>\n\n\n<div class=\"wp-block-image\">\n<figure class=\"aligncenter size-full is-resized\"><img decoding=\"async\" width=\"640\" height=\"449\" src=\"https:\/\/diariodocomercio.com.br\/mix\/wp-content\/uploads\/2025\/06\/image-6.png\" alt=\"Personagem era bebel em A Grande Familia\" class=\"wp-image-9752\" style=\"width:648px;height:auto\" srcset=\"https:\/\/diariodocomercio.com.br\/mix\/wp-content\/uploads\/2025\/06\/image-6.png 640w, https:\/\/diariodocomercio.com.br\/mix\/wp-content\/uploads\/2025\/06\/image-6-300x210.png 300w, https:\/\/diariodocomercio.com.br\/mix\/wp-content\/uploads\/2025\/06\/image-6-150x105.png 150w\" sizes=\"(max-width: 640px) 100vw, 640px\" \/><figcaption class=\"wp-element-caption\">(Reprodu\u00e7\u00e3o\/IMDb)<\/figcaption><\/figure>\n<\/div>\n\n\n<h2 class=\"wp-block-heading\"><strong>Uma despedida silenciosa e reclusa<\/strong><\/h2>\n\n\n\n<p>Sem filhos, Djenane viveu os \u00faltimos anos em reclus\u00e3o, ao lado de uma cuidadora, em um apartamento herdado no bairro Peixoto, no Rio de Janeiro. Longe dos holofotes h\u00e1 d\u00e9cadas, faleceu em 23 de mar\u00e7o de 2022, aos 70 anos. A causa da morte n\u00e3o foi divulgada.<\/p>\n\n\n\n<p>Colegas de profiss\u00e3o lamentaram sua partida. O ator Ney Latorraca, que contracenou com ela em <em>Est\u00fapido Cupido<\/em>, declarou ao jornal <em>O Globo<\/em>:<\/p>\n\n\n\n<blockquote class=\"wp-block-quote is-layout-flow wp-block-quote-is-layout-flow\">\n<p><em>&#8220;Djenane era uma mo\u00e7a bem nascida, falava v\u00e1rios idiomas, poetisa, inteligente. Uma pena que tenha deixado a carreira.&#8221;<\/em><\/p>\n<\/blockquote>\n","protected":false},"excerpt":{"rendered":"<p>Antes de Guta Stresser imortalizar a personagem Bebel na segunda vers\u00e3o de A Grande Fam\u00edlia, exibida entre 2001 e 2014, outras duas atrizes interpretaram a filha de Lineu e Nen\u00ea na primeira vers\u00e3o do programa. A primeira delas foi Djenane Machado, nome que brilhou na televis\u00e3o brasileira nas d\u00e9cadas de 1970 e 1980, mas cuja [&hellip;]<\/p>\n","protected":false},"author":9,"featured_media":9786,"comment_status":"closed","ping_status":"closed","sticky":false,"template":"","format":"standard","meta":{"jnews-multi-image_gallery":[],"jnews_single_post":{"format":"standard"},"jnews_primary_category":[],"jnews_social_meta":[],"jnews_override_counter":[],"jnews_post_split":[],"footnotes":""},"categories":[1],"tags":[],"class_list":["post-9751","post","type-post","status-publish","format-standard","has-post-thumbnail","hentry","category-geral"],"_referencia":"","_links":{"self":[{"href":"https:\/\/diariodocomercio.com.br\/mix\/wp-json\/wp\/v2\/posts\/9751","targetHints":{"allow":["GET"]}}],"collection":[{"href":"https:\/\/diariodocomercio.com.br\/mix\/wp-json\/wp\/v2\/posts"}],"about":[{"href":"https:\/\/diariodocomercio.com.br\/mix\/wp-json\/wp\/v2\/types\/post"}],"author":[{"embeddable":true,"href":"https:\/\/diariodocomercio.com.br\/mix\/wp-json\/wp\/v2\/users\/9"}],"replies":[{"embeddable":true,"href":"https:\/\/diariodocomercio.com.br\/mix\/wp-json\/wp\/v2\/comments?post=9751"}],"version-history":[{"count":4,"href":"https:\/\/diariodocomercio.com.br\/mix\/wp-json\/wp\/v2\/posts\/9751\/revisions"}],"predecessor-version":[{"id":9788,"href":"https:\/\/diariodocomercio.com.br\/mix\/wp-json\/wp\/v2\/posts\/9751\/revisions\/9788"}],"wp:featuredmedia":[{"embeddable":true,"href":"https:\/\/diariodocomercio.com.br\/mix\/wp-json\/wp\/v2\/media\/9786"}],"wp:attachment":[{"href":"https:\/\/diariodocomercio.com.br\/mix\/wp-json\/wp\/v2\/media?parent=9751"}],"wp:term":[{"taxonomy":"category","embeddable":true,"href":"https:\/\/diariodocomercio.com.br\/mix\/wp-json\/wp\/v2\/categories?post=9751"},{"taxonomy":"post_tag","embeddable":true,"href":"https:\/\/diariodocomercio.com.br\/mix\/wp-json\/wp\/v2\/tags?post=9751"}],"curies":[{"name":"wp","href":"https:\/\/api.w.org\/{rel}","templated":true}]}}