{"id":9753,"date":"2025-06-11T17:50:43","date_gmt":"2025-06-11T20:50:43","guid":{"rendered":"https:\/\/diariodocomercio.com.br\/mix\/?p=9753"},"modified":"2025-06-11T20:36:39","modified_gmt":"2025-06-11T23:36:39","slug":"ex-bbb-pega-11-anos-de-prisao-por-fraude-e-choca-o-brasil","status":"publish","type":"post","link":"https:\/\/diariodocomercio.com.br\/mix\/ex-bbb-pega-11-anos-de-prisao-por-fraude-e-choca-o-brasil\/","title":{"rendered":"Ex-BBB pega 11 anos de pris\u00e3o por fraude e choca o Brasil"},"content":{"rendered":"\n<p>Cercado de controv\u00e9rsias desde antes da sua participa\u00e7\u00e3o no programa, o ex-BBB 21 Nego Di (nome de batismo Dilson Alves da Silva Neto) recentemente foi condenado a 11 anos e oito meses de pris\u00e3o em regime fechado em tribunal de Canoas, Rio Grande do Sul. O s\u00f3cio do ex-BBB, Anderson Boneti, recebeu a mesma pena.<\/p>\n\n\n\n<figure class=\"wp-block-image size-large\"><img decoding=\"async\" width=\"1200\" height=\"750\" src=\"https:\/\/diariodocomercio.com.br\/mix\/wp-content\/uploads\/2025\/06\/nego-di-1200x750.webp\" alt=\"nego di\" class=\"wp-image-9755\" srcset=\"https:\/\/diariodocomercio.com.br\/mix\/wp-content\/uploads\/2025\/06\/nego-di-1200x750.webp 1200w, https:\/\/diariodocomercio.com.br\/mix\/wp-content\/uploads\/2025\/06\/nego-di-300x188.webp 300w, https:\/\/diariodocomercio.com.br\/mix\/wp-content\/uploads\/2025\/06\/nego-di-768x480.webp 768w, https:\/\/diariodocomercio.com.br\/mix\/wp-content\/uploads\/2025\/06\/nego-di-150x94.webp 150w, https:\/\/diariodocomercio.com.br\/mix\/wp-content\/uploads\/2025\/06\/nego-di-750x469.webp 750w, https:\/\/diariodocomercio.com.br\/mix\/wp-content\/uploads\/2025\/06\/nego-di-1140x713.webp 1140w, https:\/\/diariodocomercio.com.br\/mix\/wp-content\/uploads\/2025\/06\/nego-di.webp 1360w\" sizes=\"(max-width: 1200px) 100vw, 1200px\" \/><figcaption class=\"wp-element-caption\">Imagem: Globo<\/figcaption><\/figure>\n\n\n\n<h2 class=\"wp-block-heading\">Por que o ex-BBB Nego Di foi condenado?<\/h2>\n\n\n\n<p>Mas qual o motivo da condena\u00e7\u00e3o? Nego Di foi condenado pelo crime de estelionato por causa da loja virtual &#8220;TADIZUERA&#8221;, mantida por ele e Boneti. A plataforma online oferecia produtos como iPhones e televis\u00f5es com pre\u00e7os bem abaixo do valor de mercado. Obviamente, os pre\u00e7os chamaram a aten\u00e7\u00e3o, mas os consumidores que compraram os produtos <strong>nunca receberam os produtos nem o dinheiro de volta<\/strong>. Isso aconteceu entre mar\u00e7o e julho de 2021.<\/p>\n\n\n\n<p>O ex-BBB foi preso no ano passado justamente por causa desse esquema. Ele ficou na Penitenci\u00e1ria Estadual de Canoas por mais de quatro meses.<\/p>\n\n\n\n<p>Em nota para o g1, a defesa de Nego Di afirmou que eles seguem confiantes de que inst\u00e2ncias superiores v\u00e3o avaliar o caso de forma isenta. A defesa do ex-BBB tamb\u00e9m afirma que o humorista nunca foi s\u00f3cio de Boneti e nunca participou da gest\u00e3o da loja virtual. A defesa de Boneti tamb\u00e9m afirma que vai recorrer da decis\u00e3o.<\/p>\n\n\n\n<h2 class=\"wp-block-heading\">Ex-BBB j\u00e1 teve outros problemas com a Justi\u00e7a<\/h2>\n\n\n\n<p>No ano passado, a Justi\u00e7a do Rio Grande do Sul terminou que Nego Di apagasse publica\u00e7\u00f5es com not\u00edcias falsas sobre as enchentes que aconteceram no estado. O comediante foi obrigado a apagar os posts, sob pena de multa no valor de R$ 100 mil.<\/p>\n\n\n\n<style>@media (min-width: 992px) {\n    .recomendadorV2Area1 {\n        width: 280px;\n    }\n    .recomendadorV2Area2 {\n        padding: 0px 20px;\n        width: calc(100% - 280px);\n    }\n}\n\n@media (max-width: 992px) {\n    .recomendadorV2Button {\n        margin: 0 auto;\n    }\n    .recomendadorV2Area {\n        flex-direction: column;\n        text-align: center;\n    }\n    .recomendadorV2Area2 {\n        padding: 0px 20px;\n    }\n}\n\n.recomendadorV2Area {\n    background: #eeeeee3d;\n    border-radius: 10px;\n    padding: 15px;\n    display: flex;\n    margin: 15px auto;\n    border: 1px solid #00000014;\n    max-width: 800px;\n}\n\n.recomendadorV2Area1 img {\n    width: 280px;\n    height: auto;\n    border-radius: 8px;\n}\n\n.linkrecomendadorv2 {\n    text-decoration: none !important;\n}\n\n.recomendadorV2Area2 .recomendadorV2Type {\n    text-transform: uppercase;\n    font-weight: 500;\n    font-size: 11px;\n    letter-spacing: 2px;\n    color: #666;\n    margin: 12px 0;\n    display: block;\n}\n\n.recomendadorV2Title h2 {\n    padding-top: 0px !important;\n    margin: 0px !important;\n    border-left: none !important;\n    padding-left: 0px !important;\n    line-height: 1.3;\n    color: #000 !important;\n    font-size: 24px;\n    margin-bottom: 12px !important;\n}\n\n.recomendadorV2Desc {\n    color: #333;\n    margin: 12px 0px !important;\n    font-size: 15px;\n    line-height: 1.5;\n}\n\n.recomendadorV2Button {\n    width: auto;\n    max-width: 200px;\n    margin: 0;\n    display: inline-flex;\n    align-items: center;\n    background: #1D3557;\n    border-radius: 8px;\n    color: #fff;\n    height: 36px;\n    justify-content: center;\n    text-align: center;\n    font-size: 14px;\n    padding: 0 20px;\n    transition: background-color 0.2s ease;\n}\n\n.recomendadorV2Button:hover {\n    background: #2a4d7a;\n}\n\n.recomendadorV2Button:after {\n    margin-top: -2px;\n    content: \"\u2192\";\n    padding: 0px 0px 0px 8px;\n}\n\n.recomendadorV2Alert {\n    text-align: left;\n    font-size: 11px;\n    margin-top: 8px;\n    color: #666;\n}\n\n.recomendadorFixedArea {\n    width: 100%;\n    display: flex;\n    justify-content: center;\n    align-items: center;\n}\n\n@media (min-width: 992px) {\n    #recomendadorFixed {\n        width: 32% !important;\n        left: 5%;\n    }\n    .recomendadorCloseFixed{\n        right: inherit !important;\n        left: 378px !important;\n    }\n}\n\n#recomendadorFixed {\n    width: 90%;\n    box-shadow: 0 10px 20px 0px #00000057;\n    display: none;\n    height: 90px;\n    background: #F6F6F6;\n    position: fixed;\n    flex-direction: row;\n    bottom: 10px;\n    z-index: 9999;\n    border-radius: 16px;\n    padding: 7px 10px;\n}\n\n.recomendadorLeftArea {\n    width: 160px;\n}\n\n.recomendadorRightArea h2 {\n    padding-top: 0px;\n    margin: 2px 0px 4px 0px !important;\n    font-weight: 400;\n    text-align: center;\n    padding-left: 0px !important;\n    color: #000 !important;\n    border-left: none !important;\n    line-height: 20px;\n    font-size: 12px !important;\n}\n\n.recomendadorImgFixed {\n    overflow: hidden;\n    padding: 8px 6px;\n    height: 100%;\n}\n\n.recomendadorImgFixed img {\n    height: 100% !important;\n    border-radius: 16px;\n}\n\n.recomendadorRightArea {\n    padding-top: 6px;\n    display: flex;\n    width: calc(100% - 130px);\n    justify-content: space-between;\n    align-items: center;\n    flex-direction: column;\n}\n\n.recomendadorButtonFixed {\n    margin: 0 auto;\n    background: #1D3557;\n    width: 80%;\n    text-align: center;\n    font-size: 10px;\n    color: #FFF;\n    padding: 2px 10px;\n    border-radius: 3px;\n}\n\n.recomendadorButtonFixed:after {\n    margin-top: -3px;\n    content: \"\u2192\";\n    padding: 0px 0px 0px 10px;\n}\n\n.recomendadorAlertFixed {\n    font-weight: 400;\n    text-align: center;\n    color: #484848;\n    font-size: 8px;\n}\n\n.recomendadorCloseFixed {\n    z-index: 99999;\n    display: none;\n    right: 0px;\n    left: inherit;\n    bottom: 99px;\n    position: fixed;\n    justify-content: center;\n    background: #F6F6F6;\n    width: 25px;\n    align-items: center;\n    height: 25px;\n    font-weight: 800;\n    border-radius: 50%;\n    border: 1px solid #EBEBEB;\n}\n\n.recomendadorV2Desc{\n    color: #000000;\n    margin: 20px 0px;\n}\n\n@media (max-width: 576px) {\n    .recomendadorV2Area {\n      padding: 10px;\n      max-width: 100%;\n    }\n  \n    .recomendadorV2Area1 img {\n      width: 100%;\n      border-radius: 6px;\n    }\n  \n    .recomendadorV2Area2 .recomendadorV2Type {\n      font-size: 9px;\n      letter-spacing: 1px;\n      margin: 8px 0;\n    }\n  \n    .recomendadorV2Title h2 {\n      font-size: 18px !important;\n      margin-bottom: 8px !important;\n      line-height: 1.2;\n    }\n  \n    .recomendadorV2Desc {\n      font-size: 14px;\n      margin: 8px 0 !important;\n      line-height: 1.4;\n    }\n  \n    .recomendadorV2Button {\n      font-size: 14px;\n      height: 40px;\n      padding: 0 12px;\n      max-width: 100%;\n      width: 100%;\n    }\n  \n    .recomendadorV2Button:after {\n      padding-left: 6px;\n    }\n  }\n  <\/style>\n        <div class=\"lazyblock-recomendador-v2-2jDGz wp-block-lazyblock-recomendador-v2\">\n        <a class=\"linkrecomendadorv2\" href=\"https:\/\/diariodocomercio.com.br\/mix\/aos-46-anos-ex-bbb-esta-trabalhando-em-emprego-que-muita-gente-recusa\/\">\n            <div class=\"recomendadorV2Area\">\n            <div class=\"recomendadorV2Area1\">\n                <div class=\"recomendadorV2Img\">\n                <img class=\"lazyloaded\" decoding=\"async\" src=\"https:\/\/diariodocomercio.com.br\/mix\/wp-content\/uploads\/2025\/06\/sol-vega-bbb.jpg\" data-src=\"https:\/\/diariodocomercio.com.br\/mix\/wp-content\/uploads\/2025\/06\/sol-vega-bbb.jpg\" alt=\"\">\n                <\/div>\n            <\/div>\n            <div class=\"recomendadorV2Area2\">\n                <div class=\"recomendadorV2Type\">\n                    <span>FAMOSOS<\/span>\n                <\/div>\n                <div class=\"recomendadorV2Title\">\n                <h2><span>Aos 46 anos, ex-BBB est\u00e1 trabalhando em emprego que muita gente recusa<\/span><\/h2>\n                <\/div>\n                <div class=\"recomendadorV2Desc\">\n                <span>A ex-BBB Sol Vega (aquela do meme &quot;iarnuou&quot;) rebateu um coment\u00e1rio preconceituoso sobre seu trabalho em post no Instagram.<\/span>\n                <\/div>\n                <div class=\"recomendadorV2Button\">Leia mais<\/div>\n                <div class=\"recomendadorV2Alert\"><\/div>\n            <\/div>\n            <\/div>\n        <\/a>\n        <div>\n            <div style=\"z-index:99999;\" id=\"buttonClose\" onclick=\"closeRecomendadorFixed()\">\n            <div class=\"recomendadorCloseFixed\">X<\/div>\n            <\/div>\n            <a href=\"https:\/\/diariodocomercio.com.br\/mix\/aos-46-anos-ex-bbb-esta-trabalhando-em-emprego-que-muita-gente-recusa\/\">\n            <div class=\"recomendadorFixedArea\">\n                <div id=\"recomendadorFixed\">\n                <div class=\"recomendadorLeftArea\">\n                    <div class=\"recomendadorImgFixed\">\n                    <img class=\"lazyload\" decoding=\"async\" src=\"https:\/\/diariodocomercio.com.br\/mix\/wp-content\/uploads\/2025\/06\/sol-vega-bbb.jpg\" alt=\"\">\n                    <\/div>\n                <\/div>\n                <div class=\"recomendadorRightArea\">\n                    <div class=\"recomendadorTitleFixed\">\n                    <h2><span>Aos 46 anos, ex-BBB est\u00e1 trabalhando em emprego que muita gente recusa<\/span><\/h2>\n                    <\/div>\n                    <div class=\"recomendadorButtonFixed\">Leia mais<\/div>\n                    <div class=\"recomendadorAlertFixed\"><\/div>\n                <\/div>\n                <\/div>\n            <\/div>\n            <\/a>\n        <\/div>\n        <\/div>\n","protected":false},"excerpt":{"rendered":"<p>O ex-BBB Nego Di foi condenado a 11 anos de pris\u00e3o em regime fechado por causa de crime de estelionato. Entenda o motivo da condena\u00e7\u00e3o.<\/p>\n","protected":false},"author":6,"featured_media":9793,"comment_status":"closed","ping_status":"closed","sticky":false,"template":"","format":"standard","meta":{"jnews-multi-image_gallery":[],"jnews_single_post":{"format":"standard","override":[{"template":"2","parallax":"1","fullscreen":"1","layout":"right-sidebar","sidebar":"default-sidebar","second_sidebar":"default-sidebar","sticky_sidebar":"1","share_position":"top","share_float_style":"share-monocrhome","show_featured":"1","show_post_meta":"1","show_post_author":"1","show_post_date":"1","post_date_format":"default","post_date_format_custom":"Y\/m\/d","show_post_category":"1","show_post_reading_time":"0","post_reading_time_wpm":"300","post_calculate_word_method":"str_word_count","show_zoom_button":"0","zoom_button_out_step":"2","zoom_button_in_step":"3","show_post_tag":"1","show_popup_post":"1","number_popup_post":"1","show_author_box":"1","show_post_related":"0","show_inline_post_related":"0"}],"image_override":[{"single_post_thumbnail_size":"crop-500","single_post_gallery_size":"crop-500"}],"trending_post_position":"meta","trending_post_label":"Trending","sponsored_post_label":"Sponsored by","disable_ad":"0"},"jnews_primary_category":[],"jnews_social_meta":[],"jnews_override_counter":{"view_counter_number":"0","share_counter_number":"0","like_counter_number":"0","dislike_counter_number":"0"},"jnews_post_split":{"post_split":[{"template":"1","tag":"h2","numbering":"asc","mode":"normal","first":"0","enable_toc":"0","toc_type":"normal"}]},"footnotes":""},"categories":[1],"tags":[],"class_list":["post-9753","post","type-post","status-publish","format-standard","has-post-thumbnail","hentry","category-geral"],"_referencia":"","_links":{"self":[{"href":"https:\/\/diariodocomercio.com.br\/mix\/wp-json\/wp\/v2\/posts\/9753","targetHints":{"allow":["GET"]}}],"collection":[{"href":"https:\/\/diariodocomercio.com.br\/mix\/wp-json\/wp\/v2\/posts"}],"about":[{"href":"https:\/\/diariodocomercio.com.br\/mix\/wp-json\/wp\/v2\/types\/post"}],"author":[{"embeddable":true,"href":"https:\/\/diariodocomercio.com.br\/mix\/wp-json\/wp\/v2\/users\/6"}],"replies":[{"embeddable":true,"href":"https:\/\/diariodocomercio.com.br\/mix\/wp-json\/wp\/v2\/comments?post=9753"}],"version-history":[{"count":2,"href":"https:\/\/diariodocomercio.com.br\/mix\/wp-json\/wp\/v2\/posts\/9753\/revisions"}],"predecessor-version":[{"id":9794,"href":"https:\/\/diariodocomercio.com.br\/mix\/wp-json\/wp\/v2\/posts\/9753\/revisions\/9794"}],"wp:featuredmedia":[{"embeddable":true,"href":"https:\/\/diariodocomercio.com.br\/mix\/wp-json\/wp\/v2\/media\/9793"}],"wp:attachment":[{"href":"https:\/\/diariodocomercio.com.br\/mix\/wp-json\/wp\/v2\/media?parent=9753"}],"wp:term":[{"taxonomy":"category","embeddable":true,"href":"https:\/\/diariodocomercio.com.br\/mix\/wp-json\/wp\/v2\/categories?post=9753"},{"taxonomy":"post_tag","embeddable":true,"href":"https:\/\/diariodocomercio.com.br\/mix\/wp-json\/wp\/v2\/tags?post=9753"}],"curies":[{"name":"wp","href":"https:\/\/api.w.org\/{rel}","templated":true}]}}