{"id":9881,"date":"2025-06-12T17:13:36","date_gmt":"2025-06-12T20:13:36","guid":{"rendered":"https:\/\/diariodocomercio.com.br\/mix\/?p=9881"},"modified":"2025-06-18T19:39:15","modified_gmt":"2025-06-18T22:39:15","slug":"cidades-comemoram-a-antecipacao-do-bolsa-familia-de-junho","status":"publish","type":"post","link":"https:\/\/diariodocomercio.com.br\/mix\/cidades-comemoram-a-antecipacao-do-bolsa-familia-de-junho\/","title":{"rendered":"Centenas de cidades comemoram a antecipa\u00e7\u00e3o do Bolsa Fam\u00edlia de junho"},"content":{"rendered":"\n<p>Na pr\u00f3xima segunda-feira (16), come\u00e7a a rodada de pagamentos de junho do Bolsa Fam\u00edlia. Se voc\u00ea \u00e9 benefici\u00e1rio do programa, provavelmente se lembra que n\u00e3o s\u00e3o todos que recebem nesse dia. Os pagamentos s\u00e3o feito de forma escalonada, seguindo o \u00faltimo algarismo do NIS (N\u00famero de Identifica\u00e7\u00e3o Social) dos benefici\u00e1rios. Mas essa regra tem suas exce\u00e7\u00f5es.<\/p>\n\n\n\n<p>O pagamento do Bolsa Fam\u00edlia pode ser antecipado em cidades que estejam em alguma situa\u00e7\u00e3o de emerg\u00eancia ou calamidade p\u00fablica. Nesses casos, todos os benefici\u00e1rios da cidade recebem o Bolsa Fam\u00edlia no primeiro dia de pagamento, independente do \u00faltimo n\u00famero do NIS.<\/p>\n\n\n\n<p>No ano passado, por exemplo, v\u00e1rias cidades do Rio Grande do Sul entraram na lista de pagamento antecipado devido \u00e0s enchentes que devastaram o estado. Em eventos &#8220;menores&#8221;, essa antecipa\u00e7\u00e3o \u00e9 feita por um m\u00eas, mas, em situa\u00e7\u00f5es mais extremas, o pagamento pode ser antecipado por at\u00e9 tr\u00eas meses.<\/p>\n\n\n\n<p>O governo n\u00e3o divulgou a lista de quais cidades ser\u00e3o contempladas com a antecipa\u00e7\u00e3o em junho. Nos \u00faltimos meses, os n\u00fameros foram os seguintes, segundo o Ache Concursos:<\/p>\n\n\n\n<ul class=\"wp-block-list\">\n<li><strong>Maio \/ 2025:&nbsp;<\/strong>168;<\/li>\n\n\n\n<li><strong>Abril \/ 2025:<\/strong>&nbsp;659;<\/li>\n\n\n\n<li><strong>Mar\u00e7o \/ 2025:<\/strong>&nbsp;525;<\/li>\n\n\n\n<li><strong>Fevereiro \/ 2025:<\/strong>&nbsp;621;<\/li>\n<\/ul>\n\n\n\n<h2 class=\"wp-block-heading\">Confira o calend\u00e1rio de junho do Bolsa Fam\u00edlia:<\/h2>\n\n\n\n<p>Esse m\u00eas, tamb\u00e9m ser\u00e1 pago o Aux\u00edlio-G\u00e1s, benef\u00edcio concedido a todos os benefici\u00e1rios do Bolsa Fam\u00edlia, m\u00eas sim, m\u00eas n\u00e3o.<\/p>\n\n\n\n<figure class=\"wp-block-table\"><table class=\"has-fixed-layout\"><tbody><tr><td><strong>Final do NIS<\/strong><\/td><td><strong>Recebe no dia<\/strong><\/td><\/tr><tr><td>1<\/td><td>16 de junho<\/td><\/tr><tr><td>2<\/td><td>17 de junho<\/td><\/tr><tr><td>3<\/td><td>18 de junho<\/td><\/tr><tr><td>4<\/td><td>20 de junho<\/td><\/tr><tr><td>5<\/td><td>23 de junho<\/td><\/tr><tr><td>6<\/td><td>24 de junho<\/td><\/tr><tr><td>7<\/td><td>25 de junho<\/td><\/tr><tr><td>8<\/td><td>26 de junho<\/td><\/tr><tr><td>9<\/td><td>27 de junho<\/td><\/tr><tr><td>0<\/td><td>30 de junho<\/td><\/tr><\/tbody><\/table><\/figure>\n\n\n\n<style>@media (min-width: 992px) {\n    .recomendadorV2Area1 {\n        width: 280px;\n    }\n    .recomendadorV2Area2 {\n        padding: 0px 20px;\n        width: calc(100% - 280px);\n    }\n}\n\n@media (max-width: 992px) {\n    .recomendadorV2Button {\n        margin: 0 auto;\n    }\n    .recomendadorV2Area {\n        flex-direction: column;\n        text-align: center;\n    }\n    .recomendadorV2Area2 {\n        padding: 0px 20px;\n    }\n}\n\n.recomendadorV2Area {\n    background: #eeeeee3d;\n    border-radius: 10px;\n    padding: 15px;\n    display: flex;\n    margin: 15px auto;\n    border: 1px solid #00000014;\n    max-width: 800px;\n}\n\n.recomendadorV2Area1 img {\n    width: 280px;\n    height: auto;\n    border-radius: 8px;\n}\n\n.linkrecomendadorv2 {\n    text-decoration: none !important;\n}\n\n.recomendadorV2Area2 .recomendadorV2Type {\n    text-transform: uppercase;\n    font-weight: 500;\n    font-size: 11px;\n    letter-spacing: 2px;\n    color: #666;\n    margin: 12px 0;\n    display: block;\n}\n\n.recomendadorV2Title h2 {\n    padding-top: 0px !important;\n    margin: 0px !important;\n    border-left: none !important;\n    padding-left: 0px !important;\n    line-height: 1.3;\n    color: #000 !important;\n    font-size: 24px;\n    margin-bottom: 12px !important;\n}\n\n.recomendadorV2Desc {\n    color: #333;\n    margin: 12px 0px !important;\n    font-size: 15px;\n    line-height: 1.5;\n}\n\n.recomendadorV2Button {\n    width: auto;\n    max-width: 200px;\n    margin: 0;\n    display: inline-flex;\n    align-items: center;\n    background: #1D3557;\n    border-radius: 8px;\n    color: #fff;\n    height: 36px;\n    justify-content: center;\n    text-align: center;\n    font-size: 14px;\n    padding: 0 20px;\n    transition: background-color 0.2s ease;\n}\n\n.recomendadorV2Button:hover {\n    background: #2a4d7a;\n}\n\n.recomendadorV2Button:after {\n    margin-top: -2px;\n    content: \"\u2192\";\n    padding: 0px 0px 0px 8px;\n}\n\n.recomendadorV2Alert {\n    text-align: left;\n    font-size: 11px;\n    margin-top: 8px;\n    color: #666;\n}\n\n.recomendadorFixedArea {\n    width: 100%;\n    display: flex;\n    justify-content: center;\n    align-items: center;\n}\n\n@media (min-width: 992px) {\n    #recomendadorFixed {\n        width: 32% !important;\n        left: 5%;\n    }\n    .recomendadorCloseFixed{\n        right: inherit !important;\n        left: 378px !important;\n    }\n}\n\n#recomendadorFixed {\n    width: 90%;\n    box-shadow: 0 10px 20px 0px #00000057;\n    display: none;\n    height: 90px;\n    background: #F6F6F6;\n    position: fixed;\n    flex-direction: row;\n    bottom: 10px;\n    z-index: 9999;\n    border-radius: 16px;\n    padding: 7px 10px;\n}\n\n.recomendadorLeftArea {\n    width: 160px;\n}\n\n.recomendadorRightArea h2 {\n    padding-top: 0px;\n    margin: 2px 0px 4px 0px !important;\n    font-weight: 400;\n    text-align: center;\n    padding-left: 0px !important;\n    color: #000 !important;\n    border-left: none !important;\n    line-height: 20px;\n    font-size: 12px !important;\n}\n\n.recomendadorImgFixed {\n    overflow: hidden;\n    padding: 8px 6px;\n    height: 100%;\n}\n\n.recomendadorImgFixed img {\n    height: 100% !important;\n    border-radius: 16px;\n}\n\n.recomendadorRightArea {\n    padding-top: 6px;\n    display: flex;\n    width: calc(100% - 130px);\n    justify-content: space-between;\n    align-items: center;\n    flex-direction: column;\n}\n\n.recomendadorButtonFixed {\n    margin: 0 auto;\n    background: #1D3557;\n    width: 80%;\n    text-align: center;\n    font-size: 10px;\n    color: #FFF;\n    padding: 2px 10px;\n    border-radius: 3px;\n}\n\n.recomendadorButtonFixed:after {\n    margin-top: -3px;\n    content: \"\u2192\";\n    padding: 0px 0px 0px 10px;\n}\n\n.recomendadorAlertFixed {\n    font-weight: 400;\n    text-align: center;\n    color: #484848;\n    font-size: 8px;\n}\n\n.recomendadorCloseFixed {\n    z-index: 99999;\n    display: none;\n    right: 0px;\n    left: inherit;\n    bottom: 99px;\n    position: fixed;\n    justify-content: center;\n    background: #F6F6F6;\n    width: 25px;\n    align-items: center;\n    height: 25px;\n    font-weight: 800;\n    border-radius: 50%;\n    border: 1px solid #EBEBEB;\n}\n\n.recomendadorV2Desc{\n    color: #000000;\n    margin: 20px 0px;\n}\n\n@media (max-width: 576px) {\n    .recomendadorV2Area {\n      padding: 10px;\n      max-width: 100%;\n    }\n  \n    .recomendadorV2Area1 img {\n      width: 100%;\n      border-radius: 6px;\n    }\n  \n    .recomendadorV2Area2 .recomendadorV2Type {\n      font-size: 9px;\n      letter-spacing: 1px;\n      margin: 8px 0;\n    }\n  \n    .recomendadorV2Title h2 {\n      font-size: 18px !important;\n      margin-bottom: 8px !important;\n      line-height: 1.2;\n    }\n  \n    .recomendadorV2Desc {\n      font-size: 14px;\n      margin: 8px 0 !important;\n      line-height: 1.4;\n    }\n  \n    .recomendadorV2Button {\n      font-size: 14px;\n      height: 40px;\n      padding: 0 12px;\n      max-width: 100%;\n      width: 100%;\n    }\n  \n    .recomendadorV2Button:after {\n      padding-left: 6px;\n    }\n  }\n  <\/style>\n        <div class=\"lazyblock-recomendador-v2-2jDGz wp-block-lazyblock-recomendador-v2\">\n        <a class=\"linkrecomendadorv2\" href=\"https:\/\/diariodocomercio.com.br\/mix\/alimento-com-gosto-ruim-e-otimo-para-perder-peso\/\">\n            <div class=\"recomendadorV2Area\">\n            <div class=\"recomendadorV2Area1\">\n                <div class=\"recomendadorV2Img\">\n                <img class=\"lazyloaded\" decoding=\"async\" src=\"https:\/\/diariodocomercio.com.br\/mix\/wp-content\/uploads\/2025\/04\/balanca.jpg\" data-src=\"https:\/\/diariodocomercio.com.br\/mix\/wp-content\/uploads\/2025\/04\/balanca.jpg\" alt=\"\">\n                <\/div>\n            <\/div>\n            <div class=\"recomendadorV2Area2\">\n                <div class=\"recomendadorV2Type\">\n                    <span>ALIMENTA\u00c7\u00c3O<\/span>\n                <\/div>\n                <div class=\"recomendadorV2Title\">\n                <h2><span>Alimento com gosto ruim \u00e9 \u00f3timo para perder peso<\/span><\/h2>\n                <\/div>\n                <div class=\"recomendadorV2Desc\">\n                <span>Pesquisadores libaneses realizaram um estudo para saber se o vinagre de ma\u00e7\u00e3 realmente ajuda a perder peso, confira resultados.<\/span>\n                <\/div>\n                <div class=\"recomendadorV2Button\">Leia mais<\/div>\n                <div class=\"recomendadorV2Alert\"><\/div>\n            <\/div>\n            <\/div>\n        <\/a>\n        <div>\n            <div style=\"z-index:99999;\" id=\"buttonClose\" onclick=\"closeRecomendadorFixed()\">\n            <div class=\"recomendadorCloseFixed\">X<\/div>\n            <\/div>\n            <a href=\"https:\/\/diariodocomercio.com.br\/mix\/alimento-com-gosto-ruim-e-otimo-para-perder-peso\/\">\n            <div class=\"recomendadorFixedArea\">\n                <div id=\"recomendadorFixed\">\n                <div class=\"recomendadorLeftArea\">\n                    <div class=\"recomendadorImgFixed\">\n                    <img class=\"lazyload\" decoding=\"async\" src=\"https:\/\/diariodocomercio.com.br\/mix\/wp-content\/uploads\/2025\/04\/balanca.jpg\" alt=\"\">\n                    <\/div>\n                <\/div>\n                <div class=\"recomendadorRightArea\">\n                    <div class=\"recomendadorTitleFixed\">\n                    <h2><span>Alimento com gosto ruim \u00e9 \u00f3timo para perder peso<\/span><\/h2>\n                    <\/div>\n                    <div class=\"recomendadorButtonFixed\">Leia mais<\/div>\n                    <div class=\"recomendadorAlertFixed\"><\/div>\n                <\/div>\n                <\/div>\n            <\/div>\n            <\/a>\n        <\/div>\n        <\/div>\n","protected":false},"excerpt":{"rendered":"<p>Os pagamentos de junho do Bolsa Fam\u00edlia come\u00e7am a partir da pr\u00f3xima segunda-feira (16), confira o calend\u00e1rio completo.<\/p>\n","protected":false},"author":6,"featured_media":7602,"comment_status":"closed","ping_status":"closed","sticky":false,"template":"","format":"standard","meta":{"jnews-multi-image_gallery":[],"jnews_single_post":{"format":"standard"},"jnews_primary_category":[],"jnews_social_meta":[],"jnews_override_counter":[],"jnews_post_split":[],"footnotes":""},"categories":[1],"tags":[],"class_list":["post-9881","post","type-post","status-publish","format-standard","has-post-thumbnail","hentry","category-geral"],"_referencia":"","_links":{"self":[{"href":"https:\/\/diariodocomercio.com.br\/mix\/wp-json\/wp\/v2\/posts\/9881","targetHints":{"allow":["GET"]}}],"collection":[{"href":"https:\/\/diariodocomercio.com.br\/mix\/wp-json\/wp\/v2\/posts"}],"about":[{"href":"https:\/\/diariodocomercio.com.br\/mix\/wp-json\/wp\/v2\/types\/post"}],"author":[{"embeddable":true,"href":"https:\/\/diariodocomercio.com.br\/mix\/wp-json\/wp\/v2\/users\/6"}],"replies":[{"embeddable":true,"href":"https:\/\/diariodocomercio.com.br\/mix\/wp-json\/wp\/v2\/comments?post=9881"}],"version-history":[{"count":3,"href":"https:\/\/diariodocomercio.com.br\/mix\/wp-json\/wp\/v2\/posts\/9881\/revisions"}],"predecessor-version":[{"id":10476,"href":"https:\/\/diariodocomercio.com.br\/mix\/wp-json\/wp\/v2\/posts\/9881\/revisions\/10476"}],"wp:featuredmedia":[{"embeddable":true,"href":"https:\/\/diariodocomercio.com.br\/mix\/wp-json\/wp\/v2\/media\/7602"}],"wp:attachment":[{"href":"https:\/\/diariodocomercio.com.br\/mix\/wp-json\/wp\/v2\/media?parent=9881"}],"wp:term":[{"taxonomy":"category","embeddable":true,"href":"https:\/\/diariodocomercio.com.br\/mix\/wp-json\/wp\/v2\/categories?post=9881"},{"taxonomy":"post_tag","embeddable":true,"href":"https:\/\/diariodocomercio.com.br\/mix\/wp-json\/wp\/v2\/tags?post=9881"}],"curies":[{"name":"wp","href":"https:\/\/api.w.org\/{rel}","templated":true}]}}