{"id":9887,"date":"2025-06-12T17:39:18","date_gmt":"2025-06-12T20:39:18","guid":{"rendered":"https:\/\/diariodocomercio.com.br\/mix\/?p=9887"},"modified":"2025-06-12T17:39:20","modified_gmt":"2025-06-12T20:39:20","slug":"idosos-com-aposentadoria-inferior-a-r-3-000-tem-direito-a-um-superbeneficio","status":"publish","type":"post","link":"https:\/\/diariodocomercio.com.br\/mix\/idosos-com-aposentadoria-inferior-a-r-3-000-tem-direito-a-um-superbeneficio\/","title":{"rendered":"Idosos com aposentadoria inferior a R$ 3.000 t\u00eam direito a um superbenef\u00edcio"},"content":{"rendered":"\n<p>Os idosos que recebem at\u00e9 R$ 3.000 mensais de aposentadoria podem contar com um benef\u00edcio pouco divulgado, mas extremamente vantajoso: a Carteira do Idoso. O documento, reconhecido em todo o territ\u00f3rio nacional, d\u00e1 direito a viagens interestaduais gratuitas ou com no m\u00ednimo 50% de desconto, al\u00e9m de facilitar o acesso a programas sociais e garantir prioridade de atendimento em diversos servi\u00e7os.<\/p>\n\n\n\n<p>Criada para assegurar a mobilidade e inclus\u00e3o social dos brasileiros com 60 anos ou mais, a carteira segue v\u00e1lida em 2025 e continua sendo uma das ferramentas mais eficazes de acesso a pol\u00edticas p\u00fablicas voltadas \u00e0 terceira idade.<\/p>\n\n\n\n<h2 class=\"wp-block-heading\"><strong>Quem tem direito e como solicitar a Carteira do Idoso<\/strong><\/h2>\n\n\n\n<p>Para solicitar a carteira, \u00e9 preciso:<\/p>\n\n\n\n<ul class=\"wp-block-list\">\n<li>Ter <strong>60 anos ou mais<\/strong><\/li>\n\n\n\n<li>Possuir renda individual de at\u00e9 <strong>dois sal\u00e1rios m\u00ednimos<\/strong><\/li>\n\n\n\n<li>Estar inscrito no <strong>Cadastro \u00danico (Cad\u00danico)<\/strong> do Governo Federal<\/li>\n<\/ul>\n\n\n\n<h3 class=\"wp-block-heading\">Documentos exigidos:<\/h3>\n\n\n\n<ul class=\"wp-block-list\">\n<li>Documento de identidade (RG)<\/li>\n\n\n\n<li>CPF<\/li>\n\n\n\n<li>Comprovante de resid\u00eancia<\/li>\n<\/ul>\n\n\n\n<p>O pedido pode ser feito de forma presencial no CRAS (Centro de Refer\u00eancia de Assist\u00eancia Social) mais pr\u00f3ximo ou pelo site do Governo Federal. Ap\u00f3s a solicita\u00e7\u00e3o, o prazo para emiss\u00e3o \u00e9 de at\u00e9 45 dias, e o acompanhamento do processo pode ser feito online ou presencialmente.<\/p>\n\n\n\n<h2 class=\"wp-block-heading\"><strong>Um passo a mais para o envelhecimento digno<\/strong><\/h2>\n\n\n\n<p>A Carteira do Idoso \u00e9 uma pol\u00edtica p\u00fablica que visa garantir direitos b\u00e1sicos e promover a inclus\u00e3o de um dos segmentos mais vulner\u00e1veis da sociedade. Em um cen\u00e1rio onde a maioria dos aposentados recebe valores inferiores a R$ 3.000, o benef\u00edcio \u00e9 uma ferramenta importante para reduzir desigualdades e aumentar a autonomia da pessoa idosa.<\/p>\n\n\n\n<p>Se voc\u00ea ou algum familiar se enquadra nas regras, n\u00e3o perca a oportunidade de solicitar a sua Carteira do Idoso e usufruir de todos os benef\u00edcios que ela proporciona.<\/p>\n","protected":false},"excerpt":{"rendered":"<p>Os idosos que recebem at\u00e9 R$ 3.000 mensais de aposentadoria podem contar com um benef\u00edcio pouco divulgado, mas extremamente vantajoso: a Carteira do Idoso. O documento, reconhecido em todo o territ\u00f3rio nacional, d\u00e1 direito a viagens interestaduais gratuitas ou com no m\u00ednimo 50% de desconto, al\u00e9m de facilitar o acesso a programas sociais e garantir [&hellip;]<\/p>\n","protected":false},"author":9,"featured_media":5353,"comment_status":"closed","ping_status":"closed","sticky":false,"template":"","format":"standard","meta":{"jnews-multi-image_gallery":[],"jnews_single_post":{"format":"standard"},"jnews_primary_category":[],"jnews_social_meta":[],"jnews_override_counter":[],"jnews_post_split":[],"footnotes":""},"categories":[1],"tags":[],"class_list":["post-9887","post","type-post","status-publish","format-standard","has-post-thumbnail","hentry","category-geral"],"_referencia":"","_links":{"self":[{"href":"https:\/\/diariodocomercio.com.br\/mix\/wp-json\/wp\/v2\/posts\/9887","targetHints":{"allow":["GET"]}}],"collection":[{"href":"https:\/\/diariodocomercio.com.br\/mix\/wp-json\/wp\/v2\/posts"}],"about":[{"href":"https:\/\/diariodocomercio.com.br\/mix\/wp-json\/wp\/v2\/types\/post"}],"author":[{"embeddable":true,"href":"https:\/\/diariodocomercio.com.br\/mix\/wp-json\/wp\/v2\/users\/9"}],"replies":[{"embeddable":true,"href":"https:\/\/diariodocomercio.com.br\/mix\/wp-json\/wp\/v2\/comments?post=9887"}],"version-history":[{"count":1,"href":"https:\/\/diariodocomercio.com.br\/mix\/wp-json\/wp\/v2\/posts\/9887\/revisions"}],"predecessor-version":[{"id":9893,"href":"https:\/\/diariodocomercio.com.br\/mix\/wp-json\/wp\/v2\/posts\/9887\/revisions\/9893"}],"wp:featuredmedia":[{"embeddable":true,"href":"https:\/\/diariodocomercio.com.br\/mix\/wp-json\/wp\/v2\/media\/5353"}],"wp:attachment":[{"href":"https:\/\/diariodocomercio.com.br\/mix\/wp-json\/wp\/v2\/media?parent=9887"}],"wp:term":[{"taxonomy":"category","embeddable":true,"href":"https:\/\/diariodocomercio.com.br\/mix\/wp-json\/wp\/v2\/categories?post=9887"},{"taxonomy":"post_tag","embeddable":true,"href":"https:\/\/diariodocomercio.com.br\/mix\/wp-json\/wp\/v2\/tags?post=9887"}],"curies":[{"name":"wp","href":"https:\/\/api.w.org\/{rel}","templated":true}]}}