{"id":9904,"date":"2025-06-12T18:35:04","date_gmt":"2025-06-12T21:35:04","guid":{"rendered":"https:\/\/diariodocomercio.com.br\/mix\/?p=9904"},"modified":"2025-06-12T18:35:06","modified_gmt":"2025-06-12T21:35:06","slug":"cidade-brasileira-e-conhecida-como-a-capital-do-chocolate","status":"publish","type":"post","link":"https:\/\/diariodocomercio.com.br\/mix\/cidade-brasileira-e-conhecida-como-a-capital-do-chocolate\/","title":{"rendered":"Cidade brasileira \u00e9 conhecida como a \u201cCapital do Chocolate\u201d"},"content":{"rendered":"\n<p>Localizada no Rio Grande do Sul, Pelotas \u00e9 uma cidade conhecida por suas produ\u00e7\u00f5es a\u00e7ucaradas, sendo o chocolate uma delas. Inclusive, possui o apelido de Capital Nacional do Doce, um t\u00edtulo que lhe foi concedido oficialmente pelo Governo Federal. A cidade tem uma forte tradi\u00e7\u00e3o doceira, com doces de origem de diversas localidades, como portuguesa, africana, alem\u00e3, italiana e \u00e1rabe, e sedia a famosa Fenadoce (Feira Nacional do Doce).<\/p>\n\n\n\n<p>Ao longo da hist\u00f3ria da cidade, que come\u00e7ou ainda no Brasil Col\u00f4nia, as mulheres escravizadas tinham contato com os h\u00e1bitos de fora e, por serem talentosas, conseguiam adaptar as receitas tradicionais em doces diferentes que foram se popularizando. Elas adaptaram e aprimoraram receitas portuguesas, trazidas pelos colonizadores e imigrantes, utilizando os ingredientes dispon\u00edveis na regi\u00e3o e incorporando t\u00e9cnicas pr\u00f3prias. A abund\u00e2ncia de ovos, a\u00e7\u00facar e frutas da regi\u00e3o contribu\u00eda para a diversidade e qualidade dos doces.<\/p>\n\n\n\n \n \t\n<style>@media (min-width: 992px) {\n    .recomendadorV2Area1 {\n        width: 280px;\n    }\n    .recomendadorV2Area2 {\n        padding: 0px 20px;\n        width: calc(100% - 280px);\n    }\n}\n\n@media (max-width: 992px) {\n    .recomendadorV2Button {\n        margin: 0 auto;\n    }\n    .recomendadorV2Area {\n        flex-direction: column;\n        text-align: center;\n    }\n    .recomendadorV2Area2 {\n        padding: 0px 20px;\n    }\n}\n\n.recomendadorV2Area {\n    background: #eeeeee3d;\n    border-radius: 10px;\n    padding: 15px;\n    display: flex;\n    margin: 15px auto;\n    border: 1px solid #00000014;\n    max-width: 800px;\n}\n\n.recomendadorV2Area1 img {\n    width: 280px;\n    height: auto;\n    border-radius: 8px;\n}\n\n.linkrecomendadorv2 {\n    text-decoration: none !important;\n}\n\n.recomendadorV2Area2 .recomendadorV2Type {\n    text-transform: uppercase;\n    font-weight: 500;\n    font-size: 11px;\n    letter-spacing: 2px;\n    color: #666;\n    margin: 12px 0;\n    display: block;\n}\n\n.recomendadorV2Title h2 {\n    padding-top: 0px !important;\n    margin: 0px !important;\n    border-left: none !important;\n    padding-left: 0px !important;\n    line-height: 1.3;\n    color: #000 !important;\n    font-size: 24px;\n    margin-bottom: 12px !important;\n}\n\n.recomendadorV2Desc {\n    color: #333;\n    margin: 12px 0px !important;\n    font-size: 15px;\n    line-height: 1.5;\n}\n\n.recomendadorV2Button {\n    width: auto;\n    max-width: 200px;\n    margin: 0;\n    display: inline-flex;\n    align-items: center;\n    background: #1D3557;\n    border-radius: 8px;\n    color: #fff;\n    height: 36px;\n    justify-content: center;\n    text-align: center;\n    font-size: 14px;\n    padding: 0 20px;\n    transition: background-color 0.2s ease;\n}\n\n.recomendadorV2Button:hover {\n    background: #2a4d7a;\n}\n\n.recomendadorV2Button:after {\n    margin-top: -2px;\n    content: \"\u2192\";\n    padding: 0px 0px 0px 8px;\n}\n\n.recomendadorV2Alert {\n    text-align: left;\n    font-size: 11px;\n    margin-top: 8px;\n    color: #666;\n}\n\n.recomendadorFixedArea {\n    width: 100%;\n    display: flex;\n    justify-content: center;\n    align-items: center;\n}\n\n@media (min-width: 992px) {\n    #recomendadorFixed {\n        width: 32% !important;\n        left: 5%;\n    }\n    .recomendadorCloseFixed{\n        right: inherit !important;\n        left: 378px !important;\n    }\n}\n\n#recomendadorFixed {\n    width: 90%;\n    box-shadow: 0 10px 20px 0px #00000057;\n    display: none;\n    height: 90px;\n    background: #F6F6F6;\n    position: fixed;\n    flex-direction: row;\n    bottom: 10px;\n    z-index: 9999;\n    border-radius: 16px;\n    padding: 7px 10px;\n}\n\n.recomendadorLeftArea {\n    width: 160px;\n}\n\n.recomendadorRightArea h2 {\n    padding-top: 0px;\n    margin: 2px 0px 4px 0px !important;\n    font-weight: 400;\n    text-align: center;\n    padding-left: 0px !important;\n    color: #000 !important;\n    border-left: none !important;\n    line-height: 20px;\n    font-size: 12px !important;\n}\n\n.recomendadorImgFixed {\n    overflow: hidden;\n    padding: 8px 6px;\n    height: 100%;\n}\n\n.recomendadorImgFixed img {\n    height: 100% !important;\n    border-radius: 16px;\n}\n\n.recomendadorRightArea {\n    padding-top: 6px;\n    display: flex;\n    width: calc(100% - 130px);\n    justify-content: space-between;\n    align-items: center;\n    flex-direction: column;\n}\n\n.recomendadorButtonFixed {\n    margin: 0 auto;\n    background: #1D3557;\n    width: 80%;\n    text-align: center;\n    font-size: 10px;\n    color: #FFF;\n    padding: 2px 10px;\n    border-radius: 3px;\n}\n\n.recomendadorButtonFixed:after {\n    margin-top: -3px;\n    content: \"\u2192\";\n    padding: 0px 0px 0px 10px;\n}\n\n.recomendadorAlertFixed {\n    font-weight: 400;\n    text-align: center;\n    color: #484848;\n    font-size: 8px;\n}\n\n.recomendadorCloseFixed {\n    z-index: 99999;\n    display: none;\n    right: 0px;\n    left: inherit;\n    bottom: 99px;\n    position: fixed;\n    justify-content: center;\n    background: #F6F6F6;\n    width: 25px;\n    align-items: center;\n    height: 25px;\n    font-weight: 800;\n    border-radius: 50%;\n    border: 1px solid #EBEBEB;\n}\n\n.recomendadorV2Desc{\n    color: #000000;\n    margin: 20px 0px;\n}\n\n@media (max-width: 576px) {\n    .recomendadorV2Area {\n      padding: 10px;\n      max-width: 100%;\n    }\n  \n    .recomendadorV2Area1 img {\n      width: 100%;\n      border-radius: 6px;\n    }\n  \n    .recomendadorV2Area2 .recomendadorV2Type {\n      font-size: 9px;\n      letter-spacing: 1px;\n      margin: 8px 0;\n    }\n  \n    .recomendadorV2Title h2 {\n      font-size: 18px !important;\n      margin-bottom: 8px !important;\n      line-height: 1.2;\n    }\n  \n    .recomendadorV2Desc {\n      font-size: 14px;\n      margin: 8px 0 !important;\n      line-height: 1.4;\n    }\n  \n    .recomendadorV2Button {\n      font-size: 14px;\n      height: 40px;\n      padding: 0 12px;\n      max-width: 100%;\n      width: 100%;\n    }\n  \n    .recomendadorV2Button:after {\n      padding-left: 6px;\n    }\n  }\n  <\/style>\n        <div class=\"lazyblock-recomendador-v2-2jDGz wp-block-lazyblock-recomendador-v2\">\n        <a class=\"linkrecomendadorv2\" href=\"https:\/\/diariodocomercio.com.br\/mix\/quando-vai-ser-pago-o-13o-de-2025-para-aposentados-confira-o-calendario\/\">\n            <div class=\"recomendadorV2Area\">\n            <div class=\"recomendadorV2Area1\">\n                <div class=\"recomendadorV2Img\">\n                <img class=\"lazyloaded\" decoding=\"async\" src=\"https:\/\/www.gov.br\/inss\/pt-br\/noticias\/calendario-de-pagamentos-2025-ja-esta-disponivel\/arte_calendario_pagamento_2025.jpg\" data-src=\"https:\/\/www.gov.br\/inss\/pt-br\/noticias\/calendario-de-pagamentos-2025-ja-esta-disponivel\/arte_calendario_pagamento_2025.jpg\" alt=\"\">\n                <\/div>\n            <\/div>\n            <div class=\"recomendadorV2Area2\">\n                <div class=\"recomendadorV2Type\">\n                    <span>DINHEIRO<\/span>\n                <\/div>\n                <div class=\"recomendadorV2Title\">\n                <h2><span>13\u00b0 sal\u00e1rio de 2025 para aposentados j\u00e1 tem data para cair<\/span><\/h2>\n                <\/div>\n                <div class=\"recomendadorV2Desc\">\n                <span>Quando vai ser pago o 13\u00b0 de 2025 para aposentados? Confira o calend\u00e1rio oficial.<\/span>\n                <\/div>\n                <div class=\"recomendadorV2Button\">Ver calend\u00e1rio<\/div>\n                <div class=\"recomendadorV2Alert\"><\/div>\n            <\/div>\n            <\/div>\n        <\/a>\n        <div>\n            <div style=\"z-index:99999;\" id=\"buttonClose\" onclick=\"closeRecomendadorFixed()\">\n            <div class=\"recomendadorCloseFixed\">X<\/div>\n            <\/div>\n            <a href=\"https:\/\/diariodocomercio.com.br\/mix\/quando-vai-ser-pago-o-13o-de-2025-para-aposentados-confira-o-calendario\/\">\n            <div class=\"recomendadorFixedArea\">\n                <div id=\"recomendadorFixed\">\n                <div class=\"recomendadorLeftArea\">\n                    <div class=\"recomendadorImgFixed\">\n                    <img class=\"lazyload\" decoding=\"async\" src=\"https:\/\/www.gov.br\/inss\/pt-br\/noticias\/calendario-de-pagamentos-2025-ja-esta-disponivel\/arte_calendario_pagamento_2025.jpg\" alt=\"\">\n                    <\/div>\n                <\/div>\n                <div class=\"recomendadorRightArea\">\n                    <div class=\"recomendadorTitleFixed\">\n                    <h2><span>13\u00b0 sal\u00e1rio de 2025 para aposentados j\u00e1 tem data para cair<\/span><\/h2>\n                    <\/div>\n                    <div class=\"recomendadorButtonFixed\">Ver calend\u00e1rio<\/div>\n                    <div class=\"recomendadorAlertFixed\"><\/div>\n                <\/div>\n                <\/div>\n            <\/div>\n            <\/a>\n        <\/div>\n        <\/div>\n\n\n\n<h2 class=\"wp-block-heading\">Saiba quais s\u00e3o os doces mais conhecidos de Pelotas\u00a0<\/h2>\n\n\n\n<ul class=\"wp-block-list\">\n<li>Olho de Sogra: Doce de coco queimado com ameixa.<\/li>\n\n\n\n<li>Quindim: Doce \u00e0 base de gema de ovo, a\u00e7\u00facar e coco ralado.<\/li>\n\n\n\n<li>Bem-Casado: Dois discos de p\u00e3o de l\u00f3 unidos por doce de leite ou baba de mo\u00e7a.<\/li>\n\n\n\n<li>Camafeu de Nozes: Doce de nozes coberto com fondant.<\/li>\n\n\n\n<li>Ninfa: Bolo pequeno com recheio e cobertura de glac\u00ea.<\/li>\n\n\n\n<li>Tortas e Pudins diversos.<\/li>\n<\/ul>\n\n\n\n<p>Por ser uma cidade conhecida nacionalmente por seus dons em guloseimas, anualmente ocorre a Feira Nacional do Doce (Fenadoce), um dos maiores eventos gastron\u00f4micos do Brasil, que re\u00fane diversos produtos e atrai visitantes de todo o Brasil.&nbsp;&nbsp;<\/p>\n","protected":false},"excerpt":{"rendered":"<p>Localizada no Rio Grande do Sul, Pelotas \u00e9 uma cidade conhecida por suas produ\u00e7\u00f5es a\u00e7ucaradas, sendo o chocolate uma delas. Inclusive, possui o apelido de Capital Nacional do Doce, um t\u00edtulo que lhe foi concedido oficialmente pelo Governo Federal. A cidade tem uma forte tradi\u00e7\u00e3o doceira, com doces de origem de diversas localidades, como portuguesa, [&hellip;]<\/p>\n","protected":false},"author":7,"featured_media":9905,"comment_status":"closed","ping_status":"closed","sticky":false,"template":"","format":"standard","meta":{"jnews-multi-image_gallery":[],"jnews_single_post":{"format":"standard"},"jnews_primary_category":[],"jnews_social_meta":[],"jnews_override_counter":[],"jnews_post_split":[],"footnotes":""},"categories":[1],"tags":[],"class_list":["post-9904","post","type-post","status-publish","format-standard","has-post-thumbnail","hentry","category-geral"],"_referencia":"","_links":{"self":[{"href":"https:\/\/diariodocomercio.com.br\/mix\/wp-json\/wp\/v2\/posts\/9904","targetHints":{"allow":["GET"]}}],"collection":[{"href":"https:\/\/diariodocomercio.com.br\/mix\/wp-json\/wp\/v2\/posts"}],"about":[{"href":"https:\/\/diariodocomercio.com.br\/mix\/wp-json\/wp\/v2\/types\/post"}],"author":[{"embeddable":true,"href":"https:\/\/diariodocomercio.com.br\/mix\/wp-json\/wp\/v2\/users\/7"}],"replies":[{"embeddable":true,"href":"https:\/\/diariodocomercio.com.br\/mix\/wp-json\/wp\/v2\/comments?post=9904"}],"version-history":[{"count":1,"href":"https:\/\/diariodocomercio.com.br\/mix\/wp-json\/wp\/v2\/posts\/9904\/revisions"}],"predecessor-version":[{"id":9906,"href":"https:\/\/diariodocomercio.com.br\/mix\/wp-json\/wp\/v2\/posts\/9904\/revisions\/9906"}],"wp:featuredmedia":[{"embeddable":true,"href":"https:\/\/diariodocomercio.com.br\/mix\/wp-json\/wp\/v2\/media\/9905"}],"wp:attachment":[{"href":"https:\/\/diariodocomercio.com.br\/mix\/wp-json\/wp\/v2\/media?parent=9904"}],"wp:term":[{"taxonomy":"category","embeddable":true,"href":"https:\/\/diariodocomercio.com.br\/mix\/wp-json\/wp\/v2\/categories?post=9904"},{"taxonomy":"post_tag","embeddable":true,"href":"https:\/\/diariodocomercio.com.br\/mix\/wp-json\/wp\/v2\/tags?post=9904"}],"curies":[{"name":"wp","href":"https:\/\/api.w.org\/{rel}","templated":true}]}}